{"id":2015,"date":"2020-06-26T14:45:47","date_gmt":"2020-06-26T14:45:47","guid":{"rendered":"https:\/\/www.ferienzentrumheidenau.de\/?p=2015"},"modified":"2021-08-25T16:24:20","modified_gmt":"2021-08-25T16:24:20","slug":"ferienzentrum-war-bei-sat-1","status":"publish","type":"post","link":"https:\/\/www.ferienzentrum-heidenau.de\/en\/ferienzentrum-war-bei-sat-1\/","title":{"rendered":"26.06.2020 Ferienzentrum war bei Sat.1"},"content":{"rendered":"<p>Unser Ferienzentrum Heidenau war bei Sat-1 im Fr\u00fchst\u00fccksfernsehen als Vergleichsplatz zum Popup Camping.<\/p>\n<p>Fr\u00fchst\u00fccksfernsehen &#8211; Video &#8211; Urlaubstrend Pop-Up-Camping &#8211; Sat.1<\/p>\n<p><a href=\"https:\/\/www.sat1.de\/tv\/fruehstuecksfernsehen\/video\/2020122-urlaubstrend-pop-up-camping-clip?utm_source=whatsapp&amp;utm_medium=social&amp;utm_term=social_onsite&amp;utm_campaign=sat1.de&amp;utm_content=share_video_bottom&amp;fbclid=IwAR3PDWFYvZHA1no_mDdPgh1AArBiynyotu14iq_0MuMov-0S20BeA4b7Gr4\" target=\"_blank\" rel=\"noopener\">Hier klicken zum Video&#8230;<\/a><\/p>\n<p><a href=\"https:\/\/www.sat1.de\/tv\/fruehstuecksfernsehen\/video\/2020122-urlaubstrend-pop-up-camping-clip?utm_source=whatsapp&amp;utm_medium=social&amp;utm_term=social_onsite&amp;utm_campaign=sat1.de&amp;utm_content=share_video_bottom&amp;fbclid=IwAR3PDWFYvZHA1no_mDdPgh1AArBiynyotu14iq_0MuMov-0S20BeA4b7Gr4\" target=\"_blank\" rel=\"noopener\"><img loading=\"lazy\" decoding=\"async\" class=\"alignnone wp-image-2020 size-full\" src=\"https:\/\/www.ferienzentrum-heidenau.de\/wp-content\/uploads\/2020-06-26-Sat-1-TV-Dreh-01-1.jpg\" alt=\"\" width=\"1000\" height=\"1000\" srcset=\"https:\/\/www.ferienzentrum-heidenau.de\/wp-content\/uploads\/2020-06-26-Sat-1-TV-Dreh-01-1.jpg 1000w, https:\/\/www.ferienzentrum-heidenau.de\/wp-content\/uploads\/2020-06-26-Sat-1-TV-Dreh-01-1-300x300.jpg 300w, https:\/\/www.ferienzentrum-heidenau.de\/wp-content\/uploads\/2020-06-26-Sat-1-TV-Dreh-01-1-150x150.jpg 150w, https:\/\/www.ferienzentrum-heidenau.de\/wp-content\/uploads\/2020-06-26-Sat-1-TV-Dreh-01-1-768x768.jpg 768w, https:\/\/www.ferienzentrum-heidenau.de\/wp-content\/uploads\/2020-06-26-Sat-1-TV-Dreh-01-1-187x187.jpg 187w\" sizes=\"auto, (max-width: 1000px) 100vw, 1000px\" \/><\/a><\/p>\n","protected":false},"excerpt":{"rendered":"<p>Unser Ferienzentrum Heidenau war bei Sat-1 im Fr\u00fchst\u00fccksfernsehen als Vergleichsplatz zum Popup Camping. Fr\u00fchst\u00fccksfernsehen &#8211; Video &#8211; Urlaubstrend Pop-Up-Camping &#8211; Sat.1 Hier klicken zum Video&#8230;<\/p>\n","protected":false},"author":2,"featured_media":2020,"comment_status":"closed","ping_status":"closed","sticky":false,"template":"","format":"standard","meta":{"footnotes":""},"categories":[1],"tags":[],"class_list":["post-2015","post","type-post","status-publish","format-standard","has-post-thumbnail","hentry","category-allgemeines"],"_links":{"self":[{"href":"https:\/\/www.ferienzentrum-heidenau.de\/en\/wp-json\/wp\/v2\/posts\/2015","targetHints":{"allow":["GET"]}}],"collection":[{"href":"https:\/\/www.ferienzentrum-heidenau.de\/en\/wp-json\/wp\/v2\/posts"}],"about":[{"href":"https:\/\/www.ferienzentrum-heidenau.de\/en\/wp-json\/wp\/v2\/types\/post"}],"author":[{"embeddable":true,"href":"https:\/\/www.ferienzentrum-heidenau.de\/en\/wp-json\/wp\/v2\/users\/2"}],"replies":[{"embeddable":true,"href":"https:\/\/www.ferienzentrum-heidenau.de\/en\/wp-json\/wp\/v2\/comments?post=2015"}],"version-history":[{"count":4,"href":"https:\/\/www.ferienzentrum-heidenau.de\/en\/wp-json\/wp\/v2\/posts\/2015\/revisions"}],"predecessor-version":[{"id":5872,"href":"https:\/\/www.ferienzentrum-heidenau.de\/en\/wp-json\/wp\/v2\/posts\/2015\/revisions\/5872"}],"wp:featuredmedia":[{"embeddable":true,"href":"https:\/\/www.ferienzentrum-heidenau.de\/en\/wp-json\/wp\/v2\/media\/2020"}],"wp:attachment":[{"href":"https:\/\/www.ferienzentrum-heidenau.de\/en\/wp-json\/wp\/v2\/media?parent=2015"}],"wp:term":[{"taxonomy":"category","embeddable":true,"href":"https:\/\/www.ferienzentrum-heidenau.de\/en\/wp-json\/wp\/v2\/categories?post=2015"},{"taxonomy":"post_tag","embeddable":true,"href":"https:\/\/www.ferienzentrum-heidenau.de\/en\/wp-json\/wp\/v2\/tags?post=2015"}],"curies":[{"name":"wp","href":"https:\/\/api.w.org\/{rel}","templated":true}]}}