{"id":2123,"date":"2021-02-15T16:02:44","date_gmt":"2021-02-15T16:02:44","guid":{"rendered":"https:\/\/www.ferienzentrumheidenau.de\/?p=2123"},"modified":"2021-08-25T16:17:40","modified_gmt":"2021-08-25T16:17:40","slug":"rezeption-lesesalon-buecherei","status":"publish","type":"post","link":"https:\/\/www.ferienzentrum-heidenau.de\/en\/rezeption-lesesalon-buecherei\/","title":{"rendered":"15.02.2021 Rezeption Lesesalon B\u00fccherei"},"content":{"rendered":"<p>Wir haben den kalten Monat Februar genutzt, um f\u00fcr Euch einen neuen Lesesalon mit einer gro\u00dfen Auswahl an B\u00fcchern zu bauen. Wir hoffe, das es in Zukunft gut genutzt wird. Ihr k\u00f6nnt B\u00fccher leihen, tauschen und im Lesesalon auch ganz entspannt ein sch\u00f6nes Buch lesen.<\/p>\n<style type=\"text\/css\">\r\n\t\t\t\t#gallery-1 {\r\n\t\t\t\t\tmargin: auto;\r\n\t\t\t\t}\r\n\t\t\t\t#gallery-1 .gallery-item {\r\n\t\t\t\t\tfloat: left;\r\n\t\t\t\t\tmargin-top: 10px;\r\n\t\t\t\t\ttext-align: center;\r\n\t\t\t\t\twidth: 50%;\r\n\t\t\t\t}\r\n\t\t\t\t#gallery-1 .gallery-caption {\r\n\t\t\t\t\tmargin-left: 0;\r\n\t\t\t\t}\r\n\t\t\t<\/style><!-- see gallery_shortcode() in wp-includes\/media.php -->\r\n\t\t\t\n\t\t<div id=\"gallery-1\" class=\"gallery galleryid-2123 mfp-gallery mfp-gallery--images gallery-columns-2 gallery-size-full\"><div class=\"row zn_image_gallery \"><div class=\"col-sm-6 col-md-4 col-lg-6\"><a href=\"https:\/\/www.ferienzentrum-heidenau.de\/wp-content\/uploads\/Ferienzentrum-Camping-Urlaub-Wohnmobil-Stellplatz-Ferien-Wohnwagen-Zelt-A1-Heidenau-Lesesalon-Buecherverleih-01.jpg\" title=\"\" class=\"hoverBorder\"><img loading=\"lazy\" decoding=\"async\" width=\"1000\" height=\"1000\" src=\"https:\/\/www.ferienzentrum-heidenau.de\/wp-content\/uploads\/Ferienzentrum-Camping-Urlaub-Wohnmobil-Stellplatz-Ferien-Wohnwagen-Zelt-A1-Heidenau-Lesesalon-Buecherverleih-01.jpg\" class=\"attachment-full size-full\" alt=\"\" columns=\"2\" size=\"full\" link=\"file\" ids=\"1522,2124\" orderby=\"post__in\" include=\"1522,2124\" srcset=\"https:\/\/www.ferienzentrum-heidenau.de\/wp-content\/uploads\/Ferienzentrum-Camping-Urlaub-Wohnmobil-Stellplatz-Ferien-Wohnwagen-Zelt-A1-Heidenau-Lesesalon-Buecherverleih-01.jpg 1000w, https:\/\/www.ferienzentrum-heidenau.de\/wp-content\/uploads\/Ferienzentrum-Camping-Urlaub-Wohnmobil-Stellplatz-Ferien-Wohnwagen-Zelt-A1-Heidenau-Lesesalon-Buecherverleih-01-300x300.jpg 300w, https:\/\/www.ferienzentrum-heidenau.de\/wp-content\/uploads\/Ferienzentrum-Camping-Urlaub-Wohnmobil-Stellplatz-Ferien-Wohnwagen-Zelt-A1-Heidenau-Lesesalon-Buecherverleih-01-150x150.jpg 150w, https:\/\/www.ferienzentrum-heidenau.de\/wp-content\/uploads\/Ferienzentrum-Camping-Urlaub-Wohnmobil-Stellplatz-Ferien-Wohnwagen-Zelt-A1-Heidenau-Lesesalon-Buecherverleih-01-768x768.jpg 768w, https:\/\/www.ferienzentrum-heidenau.de\/wp-content\/uploads\/Ferienzentrum-Camping-Urlaub-Wohnmobil-Stellplatz-Ferien-Wohnwagen-Zelt-A1-Heidenau-Lesesalon-Buecherverleih-01-187x187.jpg 187w\" sizes=\"auto, (max-width: 1000px) 100vw, 1000px\" \/><span class=\"gallery_caption\"><\/span><\/a><\/div><div class=\"col-sm-6 col-md-4 col-lg-6\"><a href=\"https:\/\/www.ferienzentrum-heidenau.de\/wp-content\/uploads\/2021-02-15-Rezeption-Lesessalon-Buecherei-01.jpg\" title=\"\" class=\"hoverBorder\"><img loading=\"lazy\" decoding=\"async\" width=\"1000\" height=\"1000\" src=\"https:\/\/www.ferienzentrum-heidenau.de\/wp-content\/uploads\/2021-02-15-Rezeption-Lesessalon-Buecherei-01.jpg\" class=\"attachment-full size-full\" alt=\"\" columns=\"2\" size=\"full\" link=\"file\" ids=\"1522,2124\" orderby=\"post__in\" include=\"1522,2124\" srcset=\"https:\/\/www.ferienzentrum-heidenau.de\/wp-content\/uploads\/2021-02-15-Rezeption-Lesessalon-Buecherei-01.jpg 1000w, https:\/\/www.ferienzentrum-heidenau.de\/wp-content\/uploads\/2021-02-15-Rezeption-Lesessalon-Buecherei-01-300x300.jpg 300w, https:\/\/www.ferienzentrum-heidenau.de\/wp-content\/uploads\/2021-02-15-Rezeption-Lesessalon-Buecherei-01-150x150.jpg 150w, https:\/\/www.ferienzentrum-heidenau.de\/wp-content\/uploads\/2021-02-15-Rezeption-Lesessalon-Buecherei-01-768x768.jpg 768w, https:\/\/www.ferienzentrum-heidenau.de\/wp-content\/uploads\/2021-02-15-Rezeption-Lesessalon-Buecherei-01-187x187.jpg 187w\" sizes=\"auto, (max-width: 1000px) 100vw, 1000px\" \/><span class=\"gallery_caption\"><\/span><\/a><\/div><\/div><\/div>\n","protected":false},"excerpt":{"rendered":"<p>Wir haben den kalten Monat Februar genutzt, um f\u00fcr Euch einen neuen Lesesalon mit einer gro\u00dfen Auswahl an B\u00fcchern zu bauen. Wir hoffe, das es in Zukunft gut genutzt wird. Ihr k\u00f6nnt B\u00fccher leihen, tauschen und im Lesesalon auch ganz entspannt ein sch\u00f6nes Buch lesen.<\/p>\n","protected":false},"author":2,"featured_media":2124,"comment_status":"closed","ping_status":"closed","sticky":false,"template":"","format":"standard","meta":{"footnotes":""},"categories":[27,1],"tags":[],"class_list":["post-2123","post","type-post","status-publish","format-standard","has-post-thumbnail","hentry","category-action","category-allgemeines"],"_links":{"self":[{"href":"https:\/\/www.ferienzentrum-heidenau.de\/en\/wp-json\/wp\/v2\/posts\/2123","targetHints":{"allow":["GET"]}}],"collection":[{"href":"https:\/\/www.ferienzentrum-heidenau.de\/en\/wp-json\/wp\/v2\/posts"}],"about":[{"href":"https:\/\/www.ferienzentrum-heidenau.de\/en\/wp-json\/wp\/v2\/types\/post"}],"author":[{"embeddable":true,"href":"https:\/\/www.ferienzentrum-heidenau.de\/en\/wp-json\/wp\/v2\/users\/2"}],"replies":[{"embeddable":true,"href":"https:\/\/www.ferienzentrum-heidenau.de\/en\/wp-json\/wp\/v2\/comments?post=2123"}],"version-history":[{"count":2,"href":"https:\/\/www.ferienzentrum-heidenau.de\/en\/wp-json\/wp\/v2\/posts\/2123\/revisions"}],"predecessor-version":[{"id":5849,"href":"https:\/\/www.ferienzentrum-heidenau.de\/en\/wp-json\/wp\/v2\/posts\/2123\/revisions\/5849"}],"wp:featuredmedia":[{"embeddable":true,"href":"https:\/\/www.ferienzentrum-heidenau.de\/en\/wp-json\/wp\/v2\/media\/2124"}],"wp:attachment":[{"href":"https:\/\/www.ferienzentrum-heidenau.de\/en\/wp-json\/wp\/v2\/media?parent=2123"}],"wp:term":[{"taxonomy":"category","embeddable":true,"href":"https:\/\/www.ferienzentrum-heidenau.de\/en\/wp-json\/wp\/v2\/categories?post=2123"},{"taxonomy":"post_tag","embeddable":true,"href":"https:\/\/www.ferienzentrum-heidenau.de\/en\/wp-json\/wp\/v2\/tags?post=2123"}],"curies":[{"name":"wp","href":"https:\/\/api.w.org\/{rel}","templated":true}]}}