{"id":2196,"date":"2021-07-03T16:36:29","date_gmt":"2021-07-03T16:36:29","guid":{"rendered":"https:\/\/www.ferienzentrumheidenau.de\/?p=2196"},"modified":"2021-08-25T16:13:08","modified_gmt":"2021-08-25T16:13:08","slug":"piratenfest-im-ferienzentrum","status":"publish","type":"post","link":"https:\/\/www.ferienzentrum-heidenau.de\/en\/piratenfest-im-ferienzentrum\/","title":{"rendered":"17.07.2021 Piratenfest im Ferienzentrum"},"content":{"rendered":"<p>Unser Kinderfest gestern war wieder rundum sch\u00f6n! Die vielen kleinen Piraten hatten m\u00e4chtig Spa\u00df mit C\u00e4ptain Schwarzbart bei der Schatzsuche! Es wurden auch Vogelh\u00e4user zusammen gebaut, daf\u00fcr ein gro\u00dfes Dankesch\u00f6n an unsere J\u00e4gerschaft f\u00fcr den tollen Einsatz! Vielen Dank auch an Kim und Ihre Mannschaft, die alle kleinen und gro\u00dfen G\u00e4ste mit leckeren Waffeln, Zuckerwatte und Popcorn versorgt haben! Und ein gro\u00dfes Dankesch\u00f6n an Tommy f\u00fcr die sch\u00f6ne Musikuntermalung! Und nat\u00fcrlich auch ein gro\u00dfes Dankesch\u00f6n an Conny und Nelly f\u00fcr die tollen Frisuren, die Ihr den Kiddis gemacht habt!<\/p>\n<style type=\"text\/css\">\r\n\t\t\t\t#gallery-1 {\r\n\t\t\t\t\tmargin: auto;\r\n\t\t\t\t}\r\n\t\t\t\t#gallery-1 .gallery-item {\r\n\t\t\t\t\tfloat: left;\r\n\t\t\t\t\tmargin-top: 10px;\r\n\t\t\t\t\ttext-align: center;\r\n\t\t\t\t\twidth: 50%;\r\n\t\t\t\t}\r\n\t\t\t\t#gallery-1 .gallery-caption {\r\n\t\t\t\t\tmargin-left: 0;\r\n\t\t\t\t}\r\n\t\t\t<\/style><!-- see gallery_shortcode() in wp-includes\/media.php -->\r\n\t\t\t\n\t\t<div id=\"gallery-1\" class=\"gallery galleryid-2196 mfp-gallery mfp-gallery--images gallery-columns-2 gallery-size-full\"><div class=\"row zn_image_gallery \"><div class=\"col-sm-6 col-md-4 col-lg-6\"><a href=\"https:\/\/www.ferienzentrum-heidenau.de\/wp-content\/uploads\/2021-07-17-Piratenfest-02.jpg\" title=\"\" class=\"hoverBorder\"><img loading=\"lazy\" decoding=\"async\" width=\"1000\" height=\"1000\" src=\"https:\/\/www.ferienzentrum-heidenau.de\/wp-content\/uploads\/2021-07-17-Piratenfest-02.jpg\" class=\"attachment-full size-full\" alt=\"\" link=\"file\" columns=\"2\" size=\"full\" ids=\"3855,3858,3861,3864,3867,3870\" orderby=\"post__in\" include=\"3855,3858,3861,3864,3867,3870\" srcset=\"https:\/\/www.ferienzentrum-heidenau.de\/wp-content\/uploads\/2021-07-17-Piratenfest-02.jpg 1000w, https:\/\/www.ferienzentrum-heidenau.de\/wp-content\/uploads\/2021-07-17-Piratenfest-02-300x300.jpg 300w, https:\/\/www.ferienzentrum-heidenau.de\/wp-content\/uploads\/2021-07-17-Piratenfest-02-150x150.jpg 150w, https:\/\/www.ferienzentrum-heidenau.de\/wp-content\/uploads\/2021-07-17-Piratenfest-02-768x768.jpg 768w, https:\/\/www.ferienzentrum-heidenau.de\/wp-content\/uploads\/2021-07-17-Piratenfest-02-187x187.jpg 187w\" sizes=\"auto, (max-width: 1000px) 100vw, 1000px\" \/><span class=\"gallery_caption\"><\/span><\/a><\/div><div class=\"col-sm-6 col-md-4 col-lg-6\"><a href=\"https:\/\/www.ferienzentrum-heidenau.de\/wp-content\/uploads\/2021-07-17-Piratenfest-03.jpg\" title=\"\" class=\"hoverBorder\"><img loading=\"lazy\" decoding=\"async\" width=\"1000\" height=\"1000\" src=\"https:\/\/www.ferienzentrum-heidenau.de\/wp-content\/uploads\/2021-07-17-Piratenfest-03.jpg\" class=\"attachment-full size-full\" alt=\"\" link=\"file\" columns=\"2\" size=\"full\" ids=\"3855,3858,3861,3864,3867,3870\" orderby=\"post__in\" include=\"3855,3858,3861,3864,3867,3870\" srcset=\"https:\/\/www.ferienzentrum-heidenau.de\/wp-content\/uploads\/2021-07-17-Piratenfest-03.jpg 1000w, https:\/\/www.ferienzentrum-heidenau.de\/wp-content\/uploads\/2021-07-17-Piratenfest-03-300x300.jpg 300w, https:\/\/www.ferienzentrum-heidenau.de\/wp-content\/uploads\/2021-07-17-Piratenfest-03-150x150.jpg 150w, https:\/\/www.ferienzentrum-heidenau.de\/wp-content\/uploads\/2021-07-17-Piratenfest-03-768x768.jpg 768w, https:\/\/www.ferienzentrum-heidenau.de\/wp-content\/uploads\/2021-07-17-Piratenfest-03-187x187.jpg 187w\" sizes=\"auto, (max-width: 1000px) 100vw, 1000px\" \/><span class=\"gallery_caption\"><\/span><\/a><\/div><\/div><div class=\"row zn_image_gallery \"><div class=\"col-sm-6 col-md-4 col-lg-6\"><a href=\"https:\/\/www.ferienzentrum-heidenau.de\/wp-content\/uploads\/2021-07-17-Piratenfest-04.jpg\" title=\"\" class=\"hoverBorder\"><img loading=\"lazy\" decoding=\"async\" width=\"1600\" height=\"1200\" src=\"https:\/\/www.ferienzentrum-heidenau.de\/wp-content\/uploads\/2021-07-17-Piratenfest-04.jpg\" class=\"attachment-full size-full\" alt=\"\" link=\"file\" columns=\"2\" size=\"full\" ids=\"3855,3858,3861,3864,3867,3870\" orderby=\"post__in\" include=\"3855,3858,3861,3864,3867,3870\" srcset=\"https:\/\/www.ferienzentrum-heidenau.de\/wp-content\/uploads\/2021-07-17-Piratenfest-04.jpg 1600w, https:\/\/www.ferienzentrum-heidenau.de\/wp-content\/uploads\/2021-07-17-Piratenfest-04-300x225.jpg 300w, https:\/\/www.ferienzentrum-heidenau.de\/wp-content\/uploads\/2021-07-17-Piratenfest-04-768x576.jpg 768w, https:\/\/www.ferienzentrum-heidenau.de\/wp-content\/uploads\/2021-07-17-Piratenfest-04-1536x1152.jpg 1536w, https:\/\/www.ferienzentrum-heidenau.de\/wp-content\/uploads\/2021-07-17-Piratenfest-04-249x187.jpg 249w, https:\/\/www.ferienzentrum-heidenau.de\/wp-content\/uploads\/2021-07-17-Piratenfest-04-1170x878.jpg 1170w\" sizes=\"auto, (max-width: 1600px) 100vw, 1600px\" \/><span class=\"gallery_caption\"><\/span><\/a><\/div><div class=\"col-sm-6 col-md-4 col-lg-6\"><a href=\"https:\/\/www.ferienzentrum-heidenau.de\/wp-content\/uploads\/2021-07-17-Piratenfest-05.jpg\" title=\"\" class=\"hoverBorder\"><img loading=\"lazy\" decoding=\"async\" width=\"1600\" height=\"1200\" src=\"https:\/\/www.ferienzentrum-heidenau.de\/wp-content\/uploads\/2021-07-17-Piratenfest-05.jpg\" class=\"attachment-full size-full\" alt=\"\" link=\"file\" columns=\"2\" size=\"full\" ids=\"3855,3858,3861,3864,3867,3870\" orderby=\"post__in\" include=\"3855,3858,3861,3864,3867,3870\" srcset=\"https:\/\/www.ferienzentrum-heidenau.de\/wp-content\/uploads\/2021-07-17-Piratenfest-05.jpg 1600w, https:\/\/www.ferienzentrum-heidenau.de\/wp-content\/uploads\/2021-07-17-Piratenfest-05-300x225.jpg 300w, https:\/\/www.ferienzentrum-heidenau.de\/wp-content\/uploads\/2021-07-17-Piratenfest-05-768x576.jpg 768w, https:\/\/www.ferienzentrum-heidenau.de\/wp-content\/uploads\/2021-07-17-Piratenfest-05-1536x1152.jpg 1536w, https:\/\/www.ferienzentrum-heidenau.de\/wp-content\/uploads\/2021-07-17-Piratenfest-05-249x187.jpg 249w, https:\/\/www.ferienzentrum-heidenau.de\/wp-content\/uploads\/2021-07-17-Piratenfest-05-1170x878.jpg 1170w\" sizes=\"auto, (max-width: 1600px) 100vw, 1600px\" \/><span class=\"gallery_caption\"><\/span><\/a><\/div><\/div><div class=\"row zn_image_gallery \"><div class=\"col-sm-6 col-md-4 col-lg-6\"><a href=\"https:\/\/www.ferienzentrum-heidenau.de\/wp-content\/uploads\/2021-07-17-Piratenfest-06.jpg\" title=\"\" class=\"hoverBorder\"><img loading=\"lazy\" decoding=\"async\" width=\"1600\" height=\"1200\" src=\"https:\/\/www.ferienzentrum-heidenau.de\/wp-content\/uploads\/2021-07-17-Piratenfest-06.jpg\" class=\"attachment-full size-full\" alt=\"\" link=\"file\" columns=\"2\" size=\"full\" ids=\"3855,3858,3861,3864,3867,3870\" orderby=\"post__in\" include=\"3855,3858,3861,3864,3867,3870\" srcset=\"https:\/\/www.ferienzentrum-heidenau.de\/wp-content\/uploads\/2021-07-17-Piratenfest-06.jpg 1600w, https:\/\/www.ferienzentrum-heidenau.de\/wp-content\/uploads\/2021-07-17-Piratenfest-06-300x225.jpg 300w, https:\/\/www.ferienzentrum-heidenau.de\/wp-content\/uploads\/2021-07-17-Piratenfest-06-768x576.jpg 768w, https:\/\/www.ferienzentrum-heidenau.de\/wp-content\/uploads\/2021-07-17-Piratenfest-06-1536x1152.jpg 1536w, https:\/\/www.ferienzentrum-heidenau.de\/wp-content\/uploads\/2021-07-17-Piratenfest-06-249x187.jpg 249w, https:\/\/www.ferienzentrum-heidenau.de\/wp-content\/uploads\/2021-07-17-Piratenfest-06-1170x878.jpg 1170w\" sizes=\"auto, (max-width: 1600px) 100vw, 1600px\" \/><span class=\"gallery_caption\"><\/span><\/a><\/div><div class=\"col-sm-6 col-md-4 col-lg-6\"><a href=\"https:\/\/www.ferienzentrum-heidenau.de\/wp-content\/uploads\/2021-07-17-Piratenfest-07.jpg\" title=\"\" class=\"hoverBorder\"><img loading=\"lazy\" decoding=\"async\" width=\"1600\" height=\"1200\" src=\"https:\/\/www.ferienzentrum-heidenau.de\/wp-content\/uploads\/2021-07-17-Piratenfest-07.jpg\" class=\"attachment-full size-full\" alt=\"\" link=\"file\" columns=\"2\" size=\"full\" ids=\"3855,3858,3861,3864,3867,3870\" orderby=\"post__in\" include=\"3855,3858,3861,3864,3867,3870\" srcset=\"https:\/\/www.ferienzentrum-heidenau.de\/wp-content\/uploads\/2021-07-17-Piratenfest-07.jpg 1600w, https:\/\/www.ferienzentrum-heidenau.de\/wp-content\/uploads\/2021-07-17-Piratenfest-07-300x225.jpg 300w, https:\/\/www.ferienzentrum-heidenau.de\/wp-content\/uploads\/2021-07-17-Piratenfest-07-768x576.jpg 768w, https:\/\/www.ferienzentrum-heidenau.de\/wp-content\/uploads\/2021-07-17-Piratenfest-07-1536x1152.jpg 1536w, https:\/\/www.ferienzentrum-heidenau.de\/wp-content\/uploads\/2021-07-17-Piratenfest-07-249x187.jpg 249w, https:\/\/www.ferienzentrum-heidenau.de\/wp-content\/uploads\/2021-07-17-Piratenfest-07-1170x878.jpg 1170w\" sizes=\"auto, (max-width: 1600px) 100vw, 1600px\" \/><span class=\"gallery_caption\"><\/span><\/a><\/div><\/div><\/div>\n<p>Am Samstag den 17. Juli fand wieder das ber\u00fcchtigte Piratenfest ab 13 Uhr im Ferienzentrum am Pool statt.<\/p>\n<p><a href=\"https:\/\/www.ferienzentrum-heidenau.de\/wp-content\/uploads\/2021-07-17-Piratenfest-01.jpg\" target=\"_blank\" rel=\"noopener\"><img loading=\"lazy\" decoding=\"async\" class=\"alignnone wp-image-2200 size-full\" src=\"https:\/\/www.ferienzentrum-heidenau.de\/wp-content\/uploads\/2021-07-17-Piratenfest-01.jpg\" alt=\"\" width=\"1000\" height=\"1415\" srcset=\"https:\/\/www.ferienzentrum-heidenau.de\/wp-content\/uploads\/2021-07-17-Piratenfest-01.jpg 1000w, https:\/\/www.ferienzentrum-heidenau.de\/wp-content\/uploads\/2021-07-17-Piratenfest-01-212x300.jpg 212w, https:\/\/www.ferienzentrum-heidenau.de\/wp-content\/uploads\/2021-07-17-Piratenfest-01-768x1087.jpg 768w, https:\/\/www.ferienzentrum-heidenau.de\/wp-content\/uploads\/2021-07-17-Piratenfest-01-132x187.jpg 132w\" sizes=\"auto, (max-width: 1000px) 100vw, 1000px\" \/><\/a><\/p>\n","protected":false},"excerpt":{"rendered":"<p>Unser Kinderfest gestern war wieder rundum sch\u00f6n! Die vielen kleinen Piraten hatten m\u00e4chtig Spa\u00df mit C\u00e4ptain Schwarzbart bei der Schatzsuche! Es wurden auch Vogelh\u00e4user zusammen gebaut, daf\u00fcr ein gro\u00dfes Dankesch\u00f6n an unsere J\u00e4gerschaft f\u00fcr den tollen Einsatz! Vielen Dank auch an Kim und Ihre Mannschaft, die alle kleinen und gro\u00dfen G\u00e4ste mit leckeren Waffeln, Zuckerwatte<\/p>\n","protected":false},"author":2,"featured_media":3855,"comment_status":"closed","ping_status":"closed","sticky":false,"template":"","format":"standard","meta":{"footnotes":""},"categories":[27],"tags":[],"class_list":["post-2196","post","type-post","status-publish","format-standard","has-post-thumbnail","hentry","category-action"],"_links":{"self":[{"href":"https:\/\/www.ferienzentrum-heidenau.de\/en\/wp-json\/wp\/v2\/posts\/2196","targetHints":{"allow":["GET"]}}],"collection":[{"href":"https:\/\/www.ferienzentrum-heidenau.de\/en\/wp-json\/wp\/v2\/posts"}],"about":[{"href":"https:\/\/www.ferienzentrum-heidenau.de\/en\/wp-json\/wp\/v2\/types\/post"}],"author":[{"embeddable":true,"href":"https:\/\/www.ferienzentrum-heidenau.de\/en\/wp-json\/wp\/v2\/users\/2"}],"replies":[{"embeddable":true,"href":"https:\/\/www.ferienzentrum-heidenau.de\/en\/wp-json\/wp\/v2\/comments?post=2196"}],"version-history":[{"count":8,"href":"https:\/\/www.ferienzentrum-heidenau.de\/en\/wp-json\/wp\/v2\/posts\/2196\/revisions"}],"predecessor-version":[{"id":5834,"href":"https:\/\/www.ferienzentrum-heidenau.de\/en\/wp-json\/wp\/v2\/posts\/2196\/revisions\/5834"}],"wp:featuredmedia":[{"embeddable":true,"href":"https:\/\/www.ferienzentrum-heidenau.de\/en\/wp-json\/wp\/v2\/media\/3855"}],"wp:attachment":[{"href":"https:\/\/www.ferienzentrum-heidenau.de\/en\/wp-json\/wp\/v2\/media?parent=2196"}],"wp:term":[{"taxonomy":"category","embeddable":true,"href":"https:\/\/www.ferienzentrum-heidenau.de\/en\/wp-json\/wp\/v2\/categories?post=2196"},{"taxonomy":"post_tag","embeddable":true,"href":"https:\/\/www.ferienzentrum-heidenau.de\/en\/wp-json\/wp\/v2\/tags?post=2196"}],"curies":[{"name":"wp","href":"https:\/\/api.w.org\/{rel}","templated":true}]}}