{"id":2263,"date":"2018-07-07T05:10:34","date_gmt":"2018-07-07T05:10:34","guid":{"rendered":"https:\/\/www.ferienzentrumheidenau.de\/?p=2263"},"modified":"2021-08-25T16:29:48","modified_gmt":"2021-08-25T16:29:48","slug":"kinderfest-mittelalter","status":"publish","type":"post","link":"https:\/\/www.ferienzentrum-heidenau.de\/en\/kinderfest-mittelalter\/","title":{"rendered":"07.07.2018 Kinderfest Mittelalter"},"content":{"rendered":"<p>Wir haben f\u00fcr die Kinder ein Mittelalterfest veranstaltet. Die Kinder hatten viel Spass beim Spielen und Basteln. Es wurden Vogelh\u00e4user und mittelalterlicher Schmuck gebastelt. Spannend waren auch dir dressierten weissen M\u00e4use in der Burg.<\/p>\n<style type=\"text\/css\">\r\n\t\t\t\t#gallery-1 {\r\n\t\t\t\t\tmargin: auto;\r\n\t\t\t\t}\r\n\t\t\t\t#gallery-1 .gallery-item {\r\n\t\t\t\t\tfloat: left;\r\n\t\t\t\t\tmargin-top: 10px;\r\n\t\t\t\t\ttext-align: center;\r\n\t\t\t\t\twidth: 50%;\r\n\t\t\t\t}\r\n\t\t\t\t#gallery-1 .gallery-caption {\r\n\t\t\t\t\tmargin-left: 0;\r\n\t\t\t\t}\r\n\t\t\t<\/style><!-- see gallery_shortcode() in wp-includes\/media.php -->\r\n\t\t\t\n\t\t<div id=\"gallery-1\" class=\"gallery galleryid-2263 mfp-gallery mfp-gallery--images gallery-columns-2 gallery-size-full\"><div class=\"row zn_image_gallery \"><div class=\"col-sm-6 col-md-4 col-lg-6\"><a href=\"https:\/\/www.ferienzentrum-heidenau.de\/wp-content\/uploads\/2018-07-07-Heidenau-Kinderfest-Mittelalter-01-scaled.jpg\" title=\"\" class=\"hoverBorder\"><img loading=\"lazy\" decoding=\"async\" width=\"2560\" height=\"1924\" src=\"https:\/\/www.ferienzentrum-heidenau.de\/wp-content\/uploads\/2018-07-07-Heidenau-Kinderfest-Mittelalter-01-scaled.jpg\" class=\"attachment-full size-full\" alt=\"\" columns=\"2\" link=\"file\" size=\"full\" ids=\"2267,2270,2273,2276,2279,2282,2285,2288\" orderby=\"post__in\" include=\"2267,2270,2273,2276,2279,2282,2285,2288\" srcset=\"https:\/\/www.ferienzentrum-heidenau.de\/wp-content\/uploads\/2018-07-07-Heidenau-Kinderfest-Mittelalter-01-scaled.jpg 2560w, https:\/\/www.ferienzentrum-heidenau.de\/wp-content\/uploads\/2018-07-07-Heidenau-Kinderfest-Mittelalter-01-300x225.jpg 300w, https:\/\/www.ferienzentrum-heidenau.de\/wp-content\/uploads\/2018-07-07-Heidenau-Kinderfest-Mittelalter-01-768x577.jpg 768w, https:\/\/www.ferienzentrum-heidenau.de\/wp-content\/uploads\/2018-07-07-Heidenau-Kinderfest-Mittelalter-01-1536x1154.jpg 1536w, https:\/\/www.ferienzentrum-heidenau.de\/wp-content\/uploads\/2018-07-07-Heidenau-Kinderfest-Mittelalter-01-2048x1539.jpg 2048w, https:\/\/www.ferienzentrum-heidenau.de\/wp-content\/uploads\/2018-07-07-Heidenau-Kinderfest-Mittelalter-01-249x187.jpg 249w, https:\/\/www.ferienzentrum-heidenau.de\/wp-content\/uploads\/2018-07-07-Heidenau-Kinderfest-Mittelalter-01-1170x879.jpg 1170w\" sizes=\"auto, (max-width: 2560px) 100vw, 2560px\" \/><span class=\"gallery_caption\"><\/span><\/a><\/div><div class=\"col-sm-6 col-md-4 col-lg-6\"><a href=\"https:\/\/www.ferienzentrum-heidenau.de\/wp-content\/uploads\/2018-07-07-Heidenau-Kinderfest-Mittelalter-02-scaled.jpg\" title=\"\" class=\"hoverBorder\"><img loading=\"lazy\" decoding=\"async\" width=\"2560\" height=\"1924\" src=\"https:\/\/www.ferienzentrum-heidenau.de\/wp-content\/uploads\/2018-07-07-Heidenau-Kinderfest-Mittelalter-02-scaled.jpg\" class=\"attachment-full size-full\" alt=\"\" columns=\"2\" link=\"file\" size=\"full\" ids=\"2267,2270,2273,2276,2279,2282,2285,2288\" orderby=\"post__in\" include=\"2267,2270,2273,2276,2279,2282,2285,2288\" srcset=\"https:\/\/www.ferienzentrum-heidenau.de\/wp-content\/uploads\/2018-07-07-Heidenau-Kinderfest-Mittelalter-02-scaled.jpg 2560w, https:\/\/www.ferienzentrum-heidenau.de\/wp-content\/uploads\/2018-07-07-Heidenau-Kinderfest-Mittelalter-02-300x225.jpg 300w, https:\/\/www.ferienzentrum-heidenau.de\/wp-content\/uploads\/2018-07-07-Heidenau-Kinderfest-Mittelalter-02-768x577.jpg 768w, https:\/\/www.ferienzentrum-heidenau.de\/wp-content\/uploads\/2018-07-07-Heidenau-Kinderfest-Mittelalter-02-1536x1154.jpg 1536w, https:\/\/www.ferienzentrum-heidenau.de\/wp-content\/uploads\/2018-07-07-Heidenau-Kinderfest-Mittelalter-02-2048x1539.jpg 2048w, https:\/\/www.ferienzentrum-heidenau.de\/wp-content\/uploads\/2018-07-07-Heidenau-Kinderfest-Mittelalter-02-249x187.jpg 249w, https:\/\/www.ferienzentrum-heidenau.de\/wp-content\/uploads\/2018-07-07-Heidenau-Kinderfest-Mittelalter-02-1170x879.jpg 1170w\" sizes=\"auto, (max-width: 2560px) 100vw, 2560px\" \/><span class=\"gallery_caption\"><\/span><\/a><\/div><\/div><div class=\"row zn_image_gallery \"><div class=\"col-sm-6 col-md-4 col-lg-6\"><a href=\"https:\/\/www.ferienzentrum-heidenau.de\/wp-content\/uploads\/2018-07-07-Heidenau-Kinderfest-Mittelalter-03-scaled.jpg\" title=\"\" class=\"hoverBorder\"><img loading=\"lazy\" decoding=\"async\" width=\"2560\" height=\"1924\" src=\"https:\/\/www.ferienzentrum-heidenau.de\/wp-content\/uploads\/2018-07-07-Heidenau-Kinderfest-Mittelalter-03-scaled.jpg\" class=\"attachment-full size-full\" alt=\"\" columns=\"2\" link=\"file\" size=\"full\" ids=\"2267,2270,2273,2276,2279,2282,2285,2288\" orderby=\"post__in\" include=\"2267,2270,2273,2276,2279,2282,2285,2288\" srcset=\"https:\/\/www.ferienzentrum-heidenau.de\/wp-content\/uploads\/2018-07-07-Heidenau-Kinderfest-Mittelalter-03-scaled.jpg 2560w, https:\/\/www.ferienzentrum-heidenau.de\/wp-content\/uploads\/2018-07-07-Heidenau-Kinderfest-Mittelalter-03-300x225.jpg 300w, https:\/\/www.ferienzentrum-heidenau.de\/wp-content\/uploads\/2018-07-07-Heidenau-Kinderfest-Mittelalter-03-768x577.jpg 768w, https:\/\/www.ferienzentrum-heidenau.de\/wp-content\/uploads\/2018-07-07-Heidenau-Kinderfest-Mittelalter-03-1536x1154.jpg 1536w, https:\/\/www.ferienzentrum-heidenau.de\/wp-content\/uploads\/2018-07-07-Heidenau-Kinderfest-Mittelalter-03-2048x1539.jpg 2048w, https:\/\/www.ferienzentrum-heidenau.de\/wp-content\/uploads\/2018-07-07-Heidenau-Kinderfest-Mittelalter-03-249x187.jpg 249w, https:\/\/www.ferienzentrum-heidenau.de\/wp-content\/uploads\/2018-07-07-Heidenau-Kinderfest-Mittelalter-03-1170x879.jpg 1170w\" sizes=\"auto, (max-width: 2560px) 100vw, 2560px\" \/><span class=\"gallery_caption\"><\/span><\/a><\/div><div class=\"col-sm-6 col-md-4 col-lg-6\"><a href=\"https:\/\/www.ferienzentrum-heidenau.de\/wp-content\/uploads\/2018-07-07-Heidenau-Kinderfest-Mittelalter-04-scaled.jpg\" title=\"\" class=\"hoverBorder\"><img loading=\"lazy\" decoding=\"async\" width=\"2560\" height=\"1924\" src=\"https:\/\/www.ferienzentrum-heidenau.de\/wp-content\/uploads\/2018-07-07-Heidenau-Kinderfest-Mittelalter-04-scaled.jpg\" class=\"attachment-full size-full\" alt=\"\" columns=\"2\" link=\"file\" size=\"full\" ids=\"2267,2270,2273,2276,2279,2282,2285,2288\" orderby=\"post__in\" include=\"2267,2270,2273,2276,2279,2282,2285,2288\" srcset=\"https:\/\/www.ferienzentrum-heidenau.de\/wp-content\/uploads\/2018-07-07-Heidenau-Kinderfest-Mittelalter-04-scaled.jpg 2560w, https:\/\/www.ferienzentrum-heidenau.de\/wp-content\/uploads\/2018-07-07-Heidenau-Kinderfest-Mittelalter-04-300x225.jpg 300w, https:\/\/www.ferienzentrum-heidenau.de\/wp-content\/uploads\/2018-07-07-Heidenau-Kinderfest-Mittelalter-04-768x577.jpg 768w, https:\/\/www.ferienzentrum-heidenau.de\/wp-content\/uploads\/2018-07-07-Heidenau-Kinderfest-Mittelalter-04-1536x1154.jpg 1536w, https:\/\/www.ferienzentrum-heidenau.de\/wp-content\/uploads\/2018-07-07-Heidenau-Kinderfest-Mittelalter-04-2048x1539.jpg 2048w, https:\/\/www.ferienzentrum-heidenau.de\/wp-content\/uploads\/2018-07-07-Heidenau-Kinderfest-Mittelalter-04-249x187.jpg 249w, https:\/\/www.ferienzentrum-heidenau.de\/wp-content\/uploads\/2018-07-07-Heidenau-Kinderfest-Mittelalter-04-1170x879.jpg 1170w\" sizes=\"auto, (max-width: 2560px) 100vw, 2560px\" \/><span class=\"gallery_caption\"><\/span><\/a><\/div><\/div><div class=\"row zn_image_gallery \"><div class=\"col-sm-6 col-md-4 col-lg-6\"><a href=\"https:\/\/www.ferienzentrum-heidenau.de\/wp-content\/uploads\/2018-07-07-Heidenau-Kinderfest-Mittelalter-05-scaled.jpg\" title=\"\" class=\"hoverBorder\"><img loading=\"lazy\" decoding=\"async\" width=\"2560\" height=\"1924\" src=\"https:\/\/www.ferienzentrum-heidenau.de\/wp-content\/uploads\/2018-07-07-Heidenau-Kinderfest-Mittelalter-05-scaled.jpg\" class=\"attachment-full size-full\" alt=\"\" columns=\"2\" link=\"file\" size=\"full\" ids=\"2267,2270,2273,2276,2279,2282,2285,2288\" orderby=\"post__in\" include=\"2267,2270,2273,2276,2279,2282,2285,2288\" srcset=\"https:\/\/www.ferienzentrum-heidenau.de\/wp-content\/uploads\/2018-07-07-Heidenau-Kinderfest-Mittelalter-05-scaled.jpg 2560w, https:\/\/www.ferienzentrum-heidenau.de\/wp-content\/uploads\/2018-07-07-Heidenau-Kinderfest-Mittelalter-05-300x225.jpg 300w, https:\/\/www.ferienzentrum-heidenau.de\/wp-content\/uploads\/2018-07-07-Heidenau-Kinderfest-Mittelalter-05-768x577.jpg 768w, https:\/\/www.ferienzentrum-heidenau.de\/wp-content\/uploads\/2018-07-07-Heidenau-Kinderfest-Mittelalter-05-1536x1154.jpg 1536w, https:\/\/www.ferienzentrum-heidenau.de\/wp-content\/uploads\/2018-07-07-Heidenau-Kinderfest-Mittelalter-05-2048x1539.jpg 2048w, https:\/\/www.ferienzentrum-heidenau.de\/wp-content\/uploads\/2018-07-07-Heidenau-Kinderfest-Mittelalter-05-249x187.jpg 249w, https:\/\/www.ferienzentrum-heidenau.de\/wp-content\/uploads\/2018-07-07-Heidenau-Kinderfest-Mittelalter-05-1170x879.jpg 1170w\" sizes=\"auto, (max-width: 2560px) 100vw, 2560px\" \/><span class=\"gallery_caption\"><\/span><\/a><\/div><div class=\"col-sm-6 col-md-4 col-lg-6\"><a href=\"https:\/\/www.ferienzentrum-heidenau.de\/wp-content\/uploads\/2018-07-07-Heidenau-Kinderfest-Mittelalter-06-scaled.jpg\" title=\"\" class=\"hoverBorder\"><img loading=\"lazy\" decoding=\"async\" width=\"2560\" height=\"1924\" src=\"https:\/\/www.ferienzentrum-heidenau.de\/wp-content\/uploads\/2018-07-07-Heidenau-Kinderfest-Mittelalter-06-scaled.jpg\" class=\"attachment-full size-full\" alt=\"\" columns=\"2\" link=\"file\" size=\"full\" ids=\"2267,2270,2273,2276,2279,2282,2285,2288\" orderby=\"post__in\" include=\"2267,2270,2273,2276,2279,2282,2285,2288\" srcset=\"https:\/\/www.ferienzentrum-heidenau.de\/wp-content\/uploads\/2018-07-07-Heidenau-Kinderfest-Mittelalter-06-scaled.jpg 2560w, https:\/\/www.ferienzentrum-heidenau.de\/wp-content\/uploads\/2018-07-07-Heidenau-Kinderfest-Mittelalter-06-300x225.jpg 300w, https:\/\/www.ferienzentrum-heidenau.de\/wp-content\/uploads\/2018-07-07-Heidenau-Kinderfest-Mittelalter-06-768x577.jpg 768w, https:\/\/www.ferienzentrum-heidenau.de\/wp-content\/uploads\/2018-07-07-Heidenau-Kinderfest-Mittelalter-06-1536x1154.jpg 1536w, https:\/\/www.ferienzentrum-heidenau.de\/wp-content\/uploads\/2018-07-07-Heidenau-Kinderfest-Mittelalter-06-2048x1539.jpg 2048w, https:\/\/www.ferienzentrum-heidenau.de\/wp-content\/uploads\/2018-07-07-Heidenau-Kinderfest-Mittelalter-06-249x187.jpg 249w, https:\/\/www.ferienzentrum-heidenau.de\/wp-content\/uploads\/2018-07-07-Heidenau-Kinderfest-Mittelalter-06-1170x879.jpg 1170w\" sizes=\"auto, (max-width: 2560px) 100vw, 2560px\" \/><span class=\"gallery_caption\"><\/span><\/a><\/div><\/div><div class=\"row zn_image_gallery \"><div class=\"col-sm-6 col-md-4 col-lg-6\"><a href=\"https:\/\/www.ferienzentrum-heidenau.de\/wp-content\/uploads\/2018-07-07-Heidenau-Kinderfest-Mittelalter-07-scaled.jpg\" title=\"\" class=\"hoverBorder\"><img loading=\"lazy\" decoding=\"async\" width=\"2560\" height=\"1924\" src=\"https:\/\/www.ferienzentrum-heidenau.de\/wp-content\/uploads\/2018-07-07-Heidenau-Kinderfest-Mittelalter-07-scaled.jpg\" class=\"attachment-full size-full\" alt=\"\" columns=\"2\" link=\"file\" size=\"full\" ids=\"2267,2270,2273,2276,2279,2282,2285,2288\" orderby=\"post__in\" include=\"2267,2270,2273,2276,2279,2282,2285,2288\" srcset=\"https:\/\/www.ferienzentrum-heidenau.de\/wp-content\/uploads\/2018-07-07-Heidenau-Kinderfest-Mittelalter-07-scaled.jpg 2560w, https:\/\/www.ferienzentrum-heidenau.de\/wp-content\/uploads\/2018-07-07-Heidenau-Kinderfest-Mittelalter-07-300x225.jpg 300w, https:\/\/www.ferienzentrum-heidenau.de\/wp-content\/uploads\/2018-07-07-Heidenau-Kinderfest-Mittelalter-07-768x577.jpg 768w, https:\/\/www.ferienzentrum-heidenau.de\/wp-content\/uploads\/2018-07-07-Heidenau-Kinderfest-Mittelalter-07-1536x1154.jpg 1536w, https:\/\/www.ferienzentrum-heidenau.de\/wp-content\/uploads\/2018-07-07-Heidenau-Kinderfest-Mittelalter-07-2048x1539.jpg 2048w, https:\/\/www.ferienzentrum-heidenau.de\/wp-content\/uploads\/2018-07-07-Heidenau-Kinderfest-Mittelalter-07-249x187.jpg 249w, https:\/\/www.ferienzentrum-heidenau.de\/wp-content\/uploads\/2018-07-07-Heidenau-Kinderfest-Mittelalter-07-1170x879.jpg 1170w\" sizes=\"auto, (max-width: 2560px) 100vw, 2560px\" \/><span class=\"gallery_caption\"><\/span><\/a><\/div><div class=\"col-sm-6 col-md-4 col-lg-6\"><a href=\"https:\/\/www.ferienzentrum-heidenau.de\/wp-content\/uploads\/2018-07-07-Heidenau-Kinderfest-Mittelalter-08-scaled.jpg\" title=\"\" class=\"hoverBorder\"><img loading=\"lazy\" decoding=\"async\" width=\"2560\" height=\"1924\" src=\"https:\/\/www.ferienzentrum-heidenau.de\/wp-content\/uploads\/2018-07-07-Heidenau-Kinderfest-Mittelalter-08-scaled.jpg\" class=\"attachment-full size-full\" alt=\"\" columns=\"2\" link=\"file\" size=\"full\" ids=\"2267,2270,2273,2276,2279,2282,2285,2288\" orderby=\"post__in\" include=\"2267,2270,2273,2276,2279,2282,2285,2288\" srcset=\"https:\/\/www.ferienzentrum-heidenau.de\/wp-content\/uploads\/2018-07-07-Heidenau-Kinderfest-Mittelalter-08-scaled.jpg 2560w, https:\/\/www.ferienzentrum-heidenau.de\/wp-content\/uploads\/2018-07-07-Heidenau-Kinderfest-Mittelalter-08-300x225.jpg 300w, https:\/\/www.ferienzentrum-heidenau.de\/wp-content\/uploads\/2018-07-07-Heidenau-Kinderfest-Mittelalter-08-768x577.jpg 768w, https:\/\/www.ferienzentrum-heidenau.de\/wp-content\/uploads\/2018-07-07-Heidenau-Kinderfest-Mittelalter-08-1536x1154.jpg 1536w, https:\/\/www.ferienzentrum-heidenau.de\/wp-content\/uploads\/2018-07-07-Heidenau-Kinderfest-Mittelalter-08-2048x1539.jpg 2048w, https:\/\/www.ferienzentrum-heidenau.de\/wp-content\/uploads\/2018-07-07-Heidenau-Kinderfest-Mittelalter-08-249x187.jpg 249w, https:\/\/www.ferienzentrum-heidenau.de\/wp-content\/uploads\/2018-07-07-Heidenau-Kinderfest-Mittelalter-08-1170x879.jpg 1170w\" sizes=\"auto, (max-width: 2560px) 100vw, 2560px\" \/><span class=\"gallery_caption\"><\/span><\/a><\/div><\/div><\/div>\n","protected":false},"excerpt":{"rendered":"<p>Wir haben f\u00fcr die Kinder ein Mittelalterfest veranstaltet. Die Kinder hatten viel Spass beim Spielen und Basteln. Es wurden Vogelh\u00e4user und mittelalterlicher Schmuck gebastelt. Spannend waren auch dir dressierten weissen M\u00e4use in der Burg.<\/p>\n","protected":false},"author":2,"featured_media":2264,"comment_status":"closed","ping_status":"closed","sticky":false,"template":"","format":"standard","meta":{"footnotes":""},"categories":[27],"tags":[],"class_list":["post-2263","post","type-post","status-publish","format-standard","has-post-thumbnail","hentry","category-action"],"_links":{"self":[{"href":"https:\/\/www.ferienzentrum-heidenau.de\/en\/wp-json\/wp\/v2\/posts\/2263","targetHints":{"allow":["GET"]}}],"collection":[{"href":"https:\/\/www.ferienzentrum-heidenau.de\/en\/wp-json\/wp\/v2\/posts"}],"about":[{"href":"https:\/\/www.ferienzentrum-heidenau.de\/en\/wp-json\/wp\/v2\/types\/post"}],"author":[{"embeddable":true,"href":"https:\/\/www.ferienzentrum-heidenau.de\/en\/wp-json\/wp\/v2\/users\/2"}],"replies":[{"embeddable":true,"href":"https:\/\/www.ferienzentrum-heidenau.de\/en\/wp-json\/wp\/v2\/comments?post=2263"}],"version-history":[{"count":2,"href":"https:\/\/www.ferienzentrum-heidenau.de\/en\/wp-json\/wp\/v2\/posts\/2263\/revisions"}],"predecessor-version":[{"id":5894,"href":"https:\/\/www.ferienzentrum-heidenau.de\/en\/wp-json\/wp\/v2\/posts\/2263\/revisions\/5894"}],"wp:featuredmedia":[{"embeddable":true,"href":"https:\/\/www.ferienzentrum-heidenau.de\/en\/wp-json\/wp\/v2\/media\/2264"}],"wp:attachment":[{"href":"https:\/\/www.ferienzentrum-heidenau.de\/en\/wp-json\/wp\/v2\/media?parent=2263"}],"wp:term":[{"taxonomy":"category","embeddable":true,"href":"https:\/\/www.ferienzentrum-heidenau.de\/en\/wp-json\/wp\/v2\/categories?post=2263"},{"taxonomy":"post_tag","embeddable":true,"href":"https:\/\/www.ferienzentrum-heidenau.de\/en\/wp-json\/wp\/v2\/tags?post=2263"}],"curies":[{"name":"wp","href":"https:\/\/api.w.org\/{rel}","templated":true}]}}