{"id":2342,"date":"2020-07-31T08:03:00","date_gmt":"2020-07-31T08:03:00","guid":{"rendered":"https:\/\/www.ferienzentrumheidenau.de\/?p=2342"},"modified":"2021-08-25T16:21:51","modified_gmt":"2021-08-25T16:21:51","slug":"neue-bruecke-fuer-die-blaue-lagune","status":"publish","type":"post","link":"https:\/\/www.ferienzentrum-heidenau.de\/en\/neue-bruecke-fuer-die-blaue-lagune\/","title":{"rendered":"31.07.2020 Neue Br\u00fccke f\u00fcr die Blaue Lagune"},"content":{"rendered":"<p>Nach \u00fcber 20 Jahren musste die alte Br\u00fccke \u00fcber die kleine &#8220;Blaue Lagune&#8221; gegen eine neue ausgetauscht werden. Wir haben die Br\u00fccke ganz modern in hellgrau und anthrazit gestrichen. So passt sie wunderbar in die Teich- und Steinlandschaft. Abends wird die Br\u00fccke von unten in blau beleuchtet.<\/p>\n<style type=\"text\/css\">\r\n\t\t\t\t#gallery-1 {\r\n\t\t\t\t\tmargin: auto;\r\n\t\t\t\t}\r\n\t\t\t\t#gallery-1 .gallery-item {\r\n\t\t\t\t\tfloat: left;\r\n\t\t\t\t\tmargin-top: 10px;\r\n\t\t\t\t\ttext-align: center;\r\n\t\t\t\t\twidth: 100%;\r\n\t\t\t\t}\r\n\t\t\t\t#gallery-1 .gallery-caption {\r\n\t\t\t\t\tmargin-left: 0;\r\n\t\t\t\t}\r\n\t\t\t<\/style><!-- see gallery_shortcode() in wp-includes\/media.php -->\r\n\t\t\t\n\t\t<div id=\"gallery-1\" class=\"gallery galleryid-2342 mfp-gallery mfp-gallery--images gallery-columns-1 gallery-size-full\"><div class=\"row zn_image_gallery \"><div class=\"col-sm-6 col-md-4 col-lg-12\"><a href=\"https:\/\/www.ferienzentrum-heidenau.de\/wp-content\/uploads\/2019-10-01-Neue-Bruecke-Blaue-Lagune-03.jpg\" title=\"\" class=\"hoverBorder\"><img loading=\"lazy\" decoding=\"async\" width=\"1000\" height=\"1125\" src=\"https:\/\/www.ferienzentrum-heidenau.de\/wp-content\/uploads\/2019-10-01-Neue-Bruecke-Blaue-Lagune-03.jpg\" class=\"attachment-full size-full\" alt=\"\" columns=\"1\" size=\"full\" link=\"file\" ids=\"2349,2422,2346,2343\" orderby=\"post__in\" include=\"2349,2422,2346,2343\" srcset=\"https:\/\/www.ferienzentrum-heidenau.de\/wp-content\/uploads\/2019-10-01-Neue-Bruecke-Blaue-Lagune-03.jpg 1000w, https:\/\/www.ferienzentrum-heidenau.de\/wp-content\/uploads\/2019-10-01-Neue-Bruecke-Blaue-Lagune-03-267x300.jpg 267w, https:\/\/www.ferienzentrum-heidenau.de\/wp-content\/uploads\/2019-10-01-Neue-Bruecke-Blaue-Lagune-03-768x864.jpg 768w, https:\/\/www.ferienzentrum-heidenau.de\/wp-content\/uploads\/2019-10-01-Neue-Bruecke-Blaue-Lagune-03-166x187.jpg 166w\" sizes=\"auto, (max-width: 1000px) 100vw, 1000px\" \/><span class=\"gallery_caption\"><\/span><\/a><\/div><\/div><div class=\"row zn_image_gallery \"><div class=\"col-sm-6 col-md-4 col-lg-12\"><a href=\"https:\/\/www.ferienzentrum-heidenau.de\/wp-content\/uploads\/2019-10-01-Neue-Bruecke-Blaue-Lagune-04.jpg\" title=\"\" class=\"hoverBorder\"><img loading=\"lazy\" decoding=\"async\" width=\"1000\" height=\"750\" src=\"https:\/\/www.ferienzentrum-heidenau.de\/wp-content\/uploads\/2019-10-01-Neue-Bruecke-Blaue-Lagune-04.jpg\" class=\"attachment-full size-full\" alt=\"\" columns=\"1\" size=\"full\" link=\"file\" ids=\"2349,2422,2346,2343\" orderby=\"post__in\" include=\"2349,2422,2346,2343\" srcset=\"https:\/\/www.ferienzentrum-heidenau.de\/wp-content\/uploads\/2019-10-01-Neue-Bruecke-Blaue-Lagune-04.jpg 1000w, https:\/\/www.ferienzentrum-heidenau.de\/wp-content\/uploads\/2019-10-01-Neue-Bruecke-Blaue-Lagune-04-300x225.jpg 300w, https:\/\/www.ferienzentrum-heidenau.de\/wp-content\/uploads\/2019-10-01-Neue-Bruecke-Blaue-Lagune-04-768x576.jpg 768w, https:\/\/www.ferienzentrum-heidenau.de\/wp-content\/uploads\/2019-10-01-Neue-Bruecke-Blaue-Lagune-04-249x187.jpg 249w\" sizes=\"auto, (max-width: 1000px) 100vw, 1000px\" \/><span class=\"gallery_caption\"><\/span><\/a><\/div><\/div><div class=\"row zn_image_gallery \"><div class=\"col-sm-6 col-md-4 col-lg-12\"><a href=\"https:\/\/www.ferienzentrum-heidenau.de\/wp-content\/uploads\/2019-10-01-Neue-Bruecke-Blaue-Lagune-02.jpg\" title=\"\" class=\"hoverBorder\"><img loading=\"lazy\" decoding=\"async\" width=\"1000\" height=\"1125\" src=\"https:\/\/www.ferienzentrum-heidenau.de\/wp-content\/uploads\/2019-10-01-Neue-Bruecke-Blaue-Lagune-02.jpg\" class=\"attachment-full size-full\" alt=\"\" columns=\"1\" size=\"full\" link=\"file\" ids=\"2349,2422,2346,2343\" orderby=\"post__in\" include=\"2349,2422,2346,2343\" srcset=\"https:\/\/www.ferienzentrum-heidenau.de\/wp-content\/uploads\/2019-10-01-Neue-Bruecke-Blaue-Lagune-02.jpg 1000w, https:\/\/www.ferienzentrum-heidenau.de\/wp-content\/uploads\/2019-10-01-Neue-Bruecke-Blaue-Lagune-02-267x300.jpg 267w, https:\/\/www.ferienzentrum-heidenau.de\/wp-content\/uploads\/2019-10-01-Neue-Bruecke-Blaue-Lagune-02-768x864.jpg 768w, https:\/\/www.ferienzentrum-heidenau.de\/wp-content\/uploads\/2019-10-01-Neue-Bruecke-Blaue-Lagune-02-166x187.jpg 166w\" sizes=\"auto, (max-width: 1000px) 100vw, 1000px\" \/><span class=\"gallery_caption\"><\/span><\/a><\/div><\/div><div class=\"row zn_image_gallery \"><div class=\"col-sm-6 col-md-4 col-lg-12\"><a href=\"https:\/\/www.ferienzentrum-heidenau.de\/wp-content\/uploads\/2019-10-01-Neue-Bruecke-Blaue-Lagune-01.jpg\" title=\"\" class=\"hoverBorder\"><img loading=\"lazy\" decoding=\"async\" width=\"1000\" height=\"1000\" src=\"https:\/\/www.ferienzentrum-heidenau.de\/wp-content\/uploads\/2019-10-01-Neue-Bruecke-Blaue-Lagune-01.jpg\" class=\"attachment-full size-full\" alt=\"\" columns=\"1\" size=\"full\" link=\"file\" ids=\"2349,2422,2346,2343\" orderby=\"post__in\" include=\"2349,2422,2346,2343\" srcset=\"https:\/\/www.ferienzentrum-heidenau.de\/wp-content\/uploads\/2019-10-01-Neue-Bruecke-Blaue-Lagune-01.jpg 1000w, https:\/\/www.ferienzentrum-heidenau.de\/wp-content\/uploads\/2019-10-01-Neue-Bruecke-Blaue-Lagune-01-300x300.jpg 300w, https:\/\/www.ferienzentrum-heidenau.de\/wp-content\/uploads\/2019-10-01-Neue-Bruecke-Blaue-Lagune-01-150x150.jpg 150w, https:\/\/www.ferienzentrum-heidenau.de\/wp-content\/uploads\/2019-10-01-Neue-Bruecke-Blaue-Lagune-01-768x768.jpg 768w, https:\/\/www.ferienzentrum-heidenau.de\/wp-content\/uploads\/2019-10-01-Neue-Bruecke-Blaue-Lagune-01-187x187.jpg 187w\" sizes=\"auto, (max-width: 1000px) 100vw, 1000px\" \/><span class=\"gallery_caption\"><\/span><\/a><\/div><\/div><\/div>\n<p>&nbsp;<\/p>\n","protected":false},"excerpt":{"rendered":"<p>Nach \u00fcber 20 Jahren musste die alte Br\u00fccke \u00fcber die kleine &#8220;Blaue Lagune&#8221; gegen eine neue ausgetauscht werden. Wir haben die Br\u00fccke ganz modern in hellgrau und anthrazit gestrichen. So passt sie wunderbar in die Teich- und Steinlandschaft. Abends wird die Br\u00fccke von unten in blau beleuchtet. &nbsp;<\/p>\n","protected":false},"author":2,"featured_media":2500,"comment_status":"closed","ping_status":"closed","sticky":false,"template":"","format":"standard","meta":{"footnotes":""},"categories":[31],"tags":[],"class_list":["post-2342","post","type-post","status-publish","format-standard","has-post-thumbnail","hentry","category-arbeitsgruppe-blaue-lagune"],"_links":{"self":[{"href":"https:\/\/www.ferienzentrum-heidenau.de\/en\/wp-json\/wp\/v2\/posts\/2342","targetHints":{"allow":["GET"]}}],"collection":[{"href":"https:\/\/www.ferienzentrum-heidenau.de\/en\/wp-json\/wp\/v2\/posts"}],"about":[{"href":"https:\/\/www.ferienzentrum-heidenau.de\/en\/wp-json\/wp\/v2\/types\/post"}],"author":[{"embeddable":true,"href":"https:\/\/www.ferienzentrum-heidenau.de\/en\/wp-json\/wp\/v2\/users\/2"}],"replies":[{"embeddable":true,"href":"https:\/\/www.ferienzentrum-heidenau.de\/en\/wp-json\/wp\/v2\/comments?post=2342"}],"version-history":[{"count":3,"href":"https:\/\/www.ferienzentrum-heidenau.de\/en\/wp-json\/wp\/v2\/posts\/2342\/revisions"}],"predecessor-version":[{"id":5864,"href":"https:\/\/www.ferienzentrum-heidenau.de\/en\/wp-json\/wp\/v2\/posts\/2342\/revisions\/5864"}],"wp:featuredmedia":[{"embeddable":true,"href":"https:\/\/www.ferienzentrum-heidenau.de\/en\/wp-json\/wp\/v2\/media\/2500"}],"wp:attachment":[{"href":"https:\/\/www.ferienzentrum-heidenau.de\/en\/wp-json\/wp\/v2\/media?parent=2342"}],"wp:term":[{"taxonomy":"category","embeddable":true,"href":"https:\/\/www.ferienzentrum-heidenau.de\/en\/wp-json\/wp\/v2\/categories?post=2342"},{"taxonomy":"post_tag","embeddable":true,"href":"https:\/\/www.ferienzentrum-heidenau.de\/en\/wp-json\/wp\/v2\/tags?post=2342"}],"curies":[{"name":"wp","href":"https:\/\/api.w.org\/{rel}","templated":true}]}}