{"id":3876,"date":"2021-07-20T05:12:32","date_gmt":"2021-07-20T05:12:32","guid":{"rendered":"https:\/\/www.ferienzentrumheidenau.de\/?p=3876"},"modified":"2021-08-25T16:12:35","modified_gmt":"2021-08-25T16:12:35","slug":"mobilheim-neu-im-heideweg","status":"publish","type":"post","link":"https:\/\/www.ferienzentrum-heidenau.de\/en\/mobilheim-neu-im-heideweg\/","title":{"rendered":"20.07.2021 Mobilheim neu im Heideweg"},"content":{"rendered":"<p>Letzte Woche ist wieder ein neues Mobilheim der Firma BCC Mobilheime bei uns im Ferienzentrum Heidenau eingezogen. Das Mobilheim war zu hoch f\u00fcr unser Einfahrtstor, deswegen wurde kurzerhand das hintere Tor komplett abgebaut um das Mobilheim an seinen Standort platzieren zu k\u00f6nnen. Jetzt steht es auf seinem Platz und wir w\u00fcnschen der neuen Eigent\u00fcmerin ganz viel Freude damit!<\/p>\n<style type=\"text\/css\">\r\n\t\t\t\t#gallery-1 {\r\n\t\t\t\t\tmargin: auto;\r\n\t\t\t\t}\r\n\t\t\t\t#gallery-1 .gallery-item {\r\n\t\t\t\t\tfloat: left;\r\n\t\t\t\t\tmargin-top: 10px;\r\n\t\t\t\t\ttext-align: center;\r\n\t\t\t\t\twidth: 33%;\r\n\t\t\t\t}\r\n\t\t\t\t#gallery-1 .gallery-caption {\r\n\t\t\t\t\tmargin-left: 0;\r\n\t\t\t\t}\r\n\t\t\t<\/style><!-- see gallery_shortcode() in wp-includes\/media.php -->\r\n\t\t\t\n\t\t<div id=\"gallery-1\" class=\"gallery galleryid-3876 mfp-gallery mfp-gallery--images gallery-columns-3 gallery-size-full\"><div class=\"row zn_image_gallery \"><div class=\"col-sm-6 col-md-4 col-lg-4\"><a href=\"https:\/\/www.ferienzentrum-heidenau.de\/wp-content\/uploads\/2021-07-19-Mobilheim-BCC-neu-01.jpg\" title=\"\" class=\"hoverBorder\"><img loading=\"lazy\" decoding=\"async\" width=\"1000\" height=\"1000\" src=\"https:\/\/www.ferienzentrum-heidenau.de\/wp-content\/uploads\/2021-07-19-Mobilheim-BCC-neu-01.jpg\" class=\"attachment-full size-full\" alt=\"\" link=\"file\" size=\"full\" ids=\"3877,3880,3883\" orderby=\"post__in\" include=\"3877,3880,3883\" srcset=\"https:\/\/www.ferienzentrum-heidenau.de\/wp-content\/uploads\/2021-07-19-Mobilheim-BCC-neu-01.jpg 1000w, https:\/\/www.ferienzentrum-heidenau.de\/wp-content\/uploads\/2021-07-19-Mobilheim-BCC-neu-01-300x300.jpg 300w, https:\/\/www.ferienzentrum-heidenau.de\/wp-content\/uploads\/2021-07-19-Mobilheim-BCC-neu-01-150x150.jpg 150w, https:\/\/www.ferienzentrum-heidenau.de\/wp-content\/uploads\/2021-07-19-Mobilheim-BCC-neu-01-768x768.jpg 768w, https:\/\/www.ferienzentrum-heidenau.de\/wp-content\/uploads\/2021-07-19-Mobilheim-BCC-neu-01-187x187.jpg 187w\" sizes=\"auto, (max-width: 1000px) 100vw, 1000px\" \/><span class=\"gallery_caption\"><\/span><\/a><\/div><div class=\"col-sm-6 col-md-4 col-lg-4\"><a href=\"https:\/\/www.ferienzentrum-heidenau.de\/wp-content\/uploads\/2021-07-19-Mobilheim-BCC-neu-02.jpg\" title=\"\" class=\"hoverBorder\"><img loading=\"lazy\" decoding=\"async\" width=\"1000\" height=\"1000\" src=\"https:\/\/www.ferienzentrum-heidenau.de\/wp-content\/uploads\/2021-07-19-Mobilheim-BCC-neu-02.jpg\" class=\"attachment-full size-full\" alt=\"\" link=\"file\" size=\"full\" ids=\"3877,3880,3883\" orderby=\"post__in\" include=\"3877,3880,3883\" srcset=\"https:\/\/www.ferienzentrum-heidenau.de\/wp-content\/uploads\/2021-07-19-Mobilheim-BCC-neu-02.jpg 1000w, https:\/\/www.ferienzentrum-heidenau.de\/wp-content\/uploads\/2021-07-19-Mobilheim-BCC-neu-02-300x300.jpg 300w, https:\/\/www.ferienzentrum-heidenau.de\/wp-content\/uploads\/2021-07-19-Mobilheim-BCC-neu-02-150x150.jpg 150w, https:\/\/www.ferienzentrum-heidenau.de\/wp-content\/uploads\/2021-07-19-Mobilheim-BCC-neu-02-768x768.jpg 768w, https:\/\/www.ferienzentrum-heidenau.de\/wp-content\/uploads\/2021-07-19-Mobilheim-BCC-neu-02-187x187.jpg 187w\" sizes=\"auto, (max-width: 1000px) 100vw, 1000px\" \/><span class=\"gallery_caption\"><\/span><\/a><\/div><div class=\"col-sm-6 col-md-4 col-lg-4\"><a href=\"https:\/\/www.ferienzentrum-heidenau.de\/wp-content\/uploads\/2021-07-19-Mobilheim-BCC-neu-03.jpg\" title=\"\" class=\"hoverBorder\"><img loading=\"lazy\" decoding=\"async\" width=\"1000\" height=\"1000\" src=\"https:\/\/www.ferienzentrum-heidenau.de\/wp-content\/uploads\/2021-07-19-Mobilheim-BCC-neu-03.jpg\" class=\"attachment-full size-full\" alt=\"\" link=\"file\" size=\"full\" ids=\"3877,3880,3883\" orderby=\"post__in\" include=\"3877,3880,3883\" srcset=\"https:\/\/www.ferienzentrum-heidenau.de\/wp-content\/uploads\/2021-07-19-Mobilheim-BCC-neu-03.jpg 1000w, https:\/\/www.ferienzentrum-heidenau.de\/wp-content\/uploads\/2021-07-19-Mobilheim-BCC-neu-03-300x300.jpg 300w, https:\/\/www.ferienzentrum-heidenau.de\/wp-content\/uploads\/2021-07-19-Mobilheim-BCC-neu-03-150x150.jpg 150w, https:\/\/www.ferienzentrum-heidenau.de\/wp-content\/uploads\/2021-07-19-Mobilheim-BCC-neu-03-768x768.jpg 768w, https:\/\/www.ferienzentrum-heidenau.de\/wp-content\/uploads\/2021-07-19-Mobilheim-BCC-neu-03-187x187.jpg 187w\" sizes=\"auto, (max-width: 1000px) 100vw, 1000px\" \/><span class=\"gallery_caption\"><\/span><\/a><\/div><\/div><\/div>\n<p>&nbsp;<\/p>\n","protected":false},"excerpt":{"rendered":"<p>Letzte Woche ist wieder ein neues Mobilheim der Firma BCC Mobilheime bei uns im Ferienzentrum Heidenau eingezogen. Das Mobilheim war zu hoch f\u00fcr unser Einfahrtstor, deswegen wurde kurzerhand das hintere Tor komplett abgebaut um das Mobilheim an seinen Standort platzieren zu k\u00f6nnen. Jetzt steht es auf seinem Platz und wir w\u00fcnschen der neuen Eigent\u00fcmerin ganz<\/p>\n","protected":false},"author":2,"featured_media":3880,"comment_status":"closed","ping_status":"closed","sticky":false,"template":"","format":"standard","meta":{"footnotes":""},"categories":[25],"tags":[],"class_list":["post-3876","post","type-post","status-publish","format-standard","has-post-thumbnail","hentry","category-mobilheim"],"_links":{"self":[{"href":"https:\/\/www.ferienzentrum-heidenau.de\/en\/wp-json\/wp\/v2\/posts\/3876","targetHints":{"allow":["GET"]}}],"collection":[{"href":"https:\/\/www.ferienzentrum-heidenau.de\/en\/wp-json\/wp\/v2\/posts"}],"about":[{"href":"https:\/\/www.ferienzentrum-heidenau.de\/en\/wp-json\/wp\/v2\/types\/post"}],"author":[{"embeddable":true,"href":"https:\/\/www.ferienzentrum-heidenau.de\/en\/wp-json\/wp\/v2\/users\/2"}],"replies":[{"embeddable":true,"href":"https:\/\/www.ferienzentrum-heidenau.de\/en\/wp-json\/wp\/v2\/comments?post=3876"}],"version-history":[{"count":4,"href":"https:\/\/www.ferienzentrum-heidenau.de\/en\/wp-json\/wp\/v2\/posts\/3876\/revisions"}],"predecessor-version":[{"id":5832,"href":"https:\/\/www.ferienzentrum-heidenau.de\/en\/wp-json\/wp\/v2\/posts\/3876\/revisions\/5832"}],"wp:featuredmedia":[{"embeddable":true,"href":"https:\/\/www.ferienzentrum-heidenau.de\/en\/wp-json\/wp\/v2\/media\/3880"}],"wp:attachment":[{"href":"https:\/\/www.ferienzentrum-heidenau.de\/en\/wp-json\/wp\/v2\/media?parent=3876"}],"wp:term":[{"taxonomy":"category","embeddable":true,"href":"https:\/\/www.ferienzentrum-heidenau.de\/en\/wp-json\/wp\/v2\/categories?post=3876"},{"taxonomy":"post_tag","embeddable":true,"href":"https:\/\/www.ferienzentrum-heidenau.de\/en\/wp-json\/wp\/v2\/tags?post=3876"}],"curies":[{"name":"wp","href":"https:\/\/api.w.org\/{rel}","templated":true}]}}