{"id":6072,"date":"2021-11-05T17:32:26","date_gmt":"2021-11-05T17:32:26","guid":{"rendered":"https:\/\/www.ferienzentrum-heidenau.de\/?p=6072"},"modified":"2021-11-21T10:39:10","modified_gmt":"2021-11-21T10:39:10","slug":"20-11-2021-rtl-wir-lieben-camping","status":"publish","type":"post","link":"https:\/\/www.ferienzentrum-heidenau.de\/en\/20-11-2021-rtl-wir-lieben-camping\/","title":{"rendered":"20.11.2021 RTL Wir lieben Camping"},"content":{"rendered":"<p><strong>RTL sendet die neue Camping-Dokusoap im Morgenprogramm. RTL zeigt ab dem 20. November ab 5:40 Uhr morgens jeweils drei Folgen am St\u00fcck.\u00a0<\/strong><\/p>\n<p><a href=\"https:\/\/www.tvnow.de\/serien\/wir-lieben-camping-unser-urlaub-unser-platz-20150\" target=\"_blank\" rel=\"noopener\">https:\/\/www.tvnow.de\/serien\/wir-lieben-camping-unser-urlaub-unser-platz-20150<\/a><\/p>\n<p><a href=\"https:\/\/www.netzwelt.de\/tv-show\/193864-lieben-camping-urlaub-platz-so-seht-rtl-dokureihe-tv-stream-sendetermine.html\" target=\"_blank\" rel=\"noopener\">https:\/\/www.netzwelt.de\/tv-show\/193864-lieben-camping-urlaub-platz-so-seht-rtl-dokureihe-tv-stream-sendetermine.html<\/a><\/p>\n<p><img loading=\"lazy\" decoding=\"async\" class=\"alignright wp-image-6078\" src=\"https:\/\/www.ferienzentrum-heidenau.de\/wp-content\/uploads\/2021-11-05-RTL-Wir-lieben-Camping-01-1-300x300.jpg\" alt=\"\" width=\"500\" height=\"500\" srcset=\"https:\/\/www.ferienzentrum-heidenau.de\/wp-content\/uploads\/2021-11-05-RTL-Wir-lieben-Camping-01-1-300x300.jpg 300w, https:\/\/www.ferienzentrum-heidenau.de\/wp-content\/uploads\/2021-11-05-RTL-Wir-lieben-Camping-01-1-150x150.jpg 150w, https:\/\/www.ferienzentrum-heidenau.de\/wp-content\/uploads\/2021-11-05-RTL-Wir-lieben-Camping-01-1-768x768.jpg 768w, https:\/\/www.ferienzentrum-heidenau.de\/wp-content\/uploads\/2021-11-05-RTL-Wir-lieben-Camping-01-1-187x187.jpg 187w, https:\/\/www.ferienzentrum-heidenau.de\/wp-content\/uploads\/2021-11-05-RTL-Wir-lieben-Camping-01-1.jpg 1000w\" sizes=\"auto, (max-width: 500px) 100vw, 500px\" \/>Eigentlich f\u00fcr den Nachmittag geplant, zeigt RTL seine Dokusoap &#8220;Wir lieben Camping&#8221; noch im November \u00fcberraschend in den Morgenstunden.<\/p>\n<p>Als Teil eines neuen Anlaufs im Nachmittagsprogramm wollte RTL im Oktober neben der Dokutainment-Reihe &#8220;Wunderbar anders wohnen&#8221; auch ein Camping-Format ausprobieren. Doch &#8220;Wir lieben Camping &#8211; Unser Urlaub, unser Platz&#8221; musste kurzfristig weichen &#8211; offiziell, weil man Camping-Geschichten in K\u00f6ln angesichts der aktuellen Wetterlage f\u00fcr unpassend befand. Stattdessen, so erkl\u00e4rte es der Sender noch vor wenigen Wochen gegen\u00fcber DWDL.de, sollte das Fomat im Fr\u00fchjahr laufen&#8221;, passend zur neuen Camping-Saison&#8221;.<\/p>\n<p>Umso \u00fcberraschender, dass es &#8220;Wir lieben Camping&#8221; jetzt doch ins RTL-Programm schafft, wenn auch zu einer sehr unauff\u00e4lligen Zeit. Wie aus einer aktuellen Programm\u00e4nderung hervorgeht, wird die Produktion von Redseven Entertainment am Wochenende zu fr\u00fcher Stunde versendet. Konkret zeigt RTL ab dem 20. November ab 5:40 Uhr morgens jeweils drei Folgen am St\u00fcck. Das Format ersetzt die eigentlich zu diesem Zeitpunkt geplanten Wiederholungen der Scripted Reality &#8220;Familien im Brennpunkt&#8221;.<\/p>\n<p>Update, 4. November: RTL bekr\u00e4ftigt auf Nachfrage dennoch, dass &#8220;Wir lieben Camping&#8221; auch im Fr\u00fchjahr 2022 laufen soll, Details werde man zu gegebener Zeit bekannt geben.<\/p>\n<p>Quelle: <a href=\"https:\/\/www.netzwelt.de\/tv-show\/193864-lieben-camping-urlaub-platz-so-seht-rtl-dokureihe-tv-stream-sendetermine.html\" target=\"_blank\" rel=\"noopener\">https:\/\/www.netzwelt.de\/tv-show\/193864-lieben-camping-urlaub-platz-so-seht-rtl-dokureihe-tv-stream-sendetermine.html<\/a><\/p>\n","protected":false},"excerpt":{"rendered":"<p>RTL sendet die neue Camping-Dokusoap im Morgenprogramm. RTL zeigt ab dem 20. November ab 5:40 Uhr morgens jeweils drei Folgen am St\u00fcck.\u00a0 https:\/\/www.tvnow.de\/serien\/wir-lieben-camping-unser-urlaub-unser-platz-20150 https:\/\/www.netzwelt.de\/tv-show\/193864-lieben-camping-urlaub-platz-so-seht-rtl-dokureihe-tv-stream-sendetermine.html Eigentlich f\u00fcr den Nachmittag geplant, zeigt RTL seine Dokusoap &#8220;Wir lieben Camping&#8221; noch im November \u00fcberraschend in den Morgenstunden. Als Teil eines neuen Anlaufs im Nachmittagsprogramm wollte RTL im Oktober neben<\/p>\n","protected":false},"author":2,"featured_media":6078,"comment_status":"closed","ping_status":"closed","sticky":false,"template":"","format":"standard","meta":{"footnotes":""},"categories":[1],"tags":[],"class_list":["post-6072","post","type-post","status-publish","format-standard","has-post-thumbnail","hentry","category-allgemeines"],"_links":{"self":[{"href":"https:\/\/www.ferienzentrum-heidenau.de\/en\/wp-json\/wp\/v2\/posts\/6072","targetHints":{"allow":["GET"]}}],"collection":[{"href":"https:\/\/www.ferienzentrum-heidenau.de\/en\/wp-json\/wp\/v2\/posts"}],"about":[{"href":"https:\/\/www.ferienzentrum-heidenau.de\/en\/wp-json\/wp\/v2\/types\/post"}],"author":[{"embeddable":true,"href":"https:\/\/www.ferienzentrum-heidenau.de\/en\/wp-json\/wp\/v2\/users\/2"}],"replies":[{"embeddable":true,"href":"https:\/\/www.ferienzentrum-heidenau.de\/en\/wp-json\/wp\/v2\/comments?post=6072"}],"version-history":[{"count":7,"href":"https:\/\/www.ferienzentrum-heidenau.de\/en\/wp-json\/wp\/v2\/posts\/6072\/revisions"}],"predecessor-version":[{"id":6087,"href":"https:\/\/www.ferienzentrum-heidenau.de\/en\/wp-json\/wp\/v2\/posts\/6072\/revisions\/6087"}],"wp:featuredmedia":[{"embeddable":true,"href":"https:\/\/www.ferienzentrum-heidenau.de\/en\/wp-json\/wp\/v2\/media\/6078"}],"wp:attachment":[{"href":"https:\/\/www.ferienzentrum-heidenau.de\/en\/wp-json\/wp\/v2\/media?parent=6072"}],"wp:term":[{"taxonomy":"category","embeddable":true,"href":"https:\/\/www.ferienzentrum-heidenau.de\/en\/wp-json\/wp\/v2\/categories?post=6072"},{"taxonomy":"post_tag","embeddable":true,"href":"https:\/\/www.ferienzentrum-heidenau.de\/en\/wp-json\/wp\/v2\/tags?post=6072"}],"curies":[{"name":"wp","href":"https:\/\/api.w.org\/{rel}","templated":true}]}}