{"id":6822,"date":"2023-07-20T17:52:03","date_gmt":"2023-07-20T15:52:03","guid":{"rendered":"https:\/\/www.ferienzentrum-heidenau.de\/?p=6822"},"modified":"2023-07-21T07:57:31","modified_gmt":"2023-07-21T05:57:31","slug":"12-08-2023-flohmarkt-am-pool","status":"publish","type":"post","link":"https:\/\/www.ferienzentrum-heidenau.de\/en\/12-08-2023-flohmarkt-am-pool\/","title":{"rendered":"12.08.2023 Flohmarkt am Pool"},"content":{"rendered":"<p>Habt Ihr am Samstag den 12.08. schon was vor? Ab 10:00 Uhr startet der Flohmarkt am Schwimmbad! Wir nehmen gerne noch Standanmeldungen entgegen! Ohne Standgeb\u00fchr. Der Aufbau kann ab 9:00 Uhr beginnen. Wir w\u00fcnschen allen ein wundersch\u00f6nes sonniges Wochenende!<\/p>\n<p><a href=\"https:\/\/www.ferienzentrum-heidenau.de\/wp-content\/uploads\/2023-08-12-Flohmarkt-am-Pool-01-1.jpg\" target=\"_blank\" rel=\"noopener\"><img loading=\"lazy\" decoding=\"async\" class=\"alignnone wp-image-6830 size-full\" src=\"https:\/\/www.ferienzentrum-heidenau.de\/wp-content\/uploads\/2023-08-12-Flohmarkt-am-Pool-01-1.jpg\" alt=\"\" width=\"1169\" height=\"1654\" srcset=\"https:\/\/www.ferienzentrum-heidenau.de\/wp-content\/uploads\/2023-08-12-Flohmarkt-am-Pool-01-1.jpg 1169w, https:\/\/www.ferienzentrum-heidenau.de\/wp-content\/uploads\/2023-08-12-Flohmarkt-am-Pool-01-1-212x300.jpg 212w, https:\/\/www.ferienzentrum-heidenau.de\/wp-content\/uploads\/2023-08-12-Flohmarkt-am-Pool-01-1-768x1087.jpg 768w, https:\/\/www.ferienzentrum-heidenau.de\/wp-content\/uploads\/2023-08-12-Flohmarkt-am-Pool-01-1-1086x1536.jpg 1086w, https:\/\/www.ferienzentrum-heidenau.de\/wp-content\/uploads\/2023-08-12-Flohmarkt-am-Pool-01-1-132x187.jpg 132w\" sizes=\"auto, (max-width: 1169px) 100vw, 1169px\" \/><\/a><\/p>\n","protected":false},"excerpt":{"rendered":"<p>Habt Ihr am Samstag den 12.08. schon was vor? Ab 10:00 Uhr startet der Flohmarkt am Schwimmbad! Wir nehmen gerne noch Standanmeldungen entgegen! Ohne Standgeb\u00fchr. Der Aufbau kann ab 9:00 Uhr beginnen. Wir w\u00fcnschen allen ein wundersch\u00f6nes sonniges Wochenende!<\/p>\n","protected":false},"author":2,"featured_media":6823,"comment_status":"closed","ping_status":"closed","sticky":false,"template":"","format":"standard","meta":{"footnotes":""},"categories":[26],"tags":[],"class_list":["post-6822","post","type-post","status-publish","format-standard","has-post-thumbnail","hentry","category-event-feier"],"_links":{"self":[{"href":"https:\/\/www.ferienzentrum-heidenau.de\/en\/wp-json\/wp\/v2\/posts\/6822","targetHints":{"allow":["GET"]}}],"collection":[{"href":"https:\/\/www.ferienzentrum-heidenau.de\/en\/wp-json\/wp\/v2\/posts"}],"about":[{"href":"https:\/\/www.ferienzentrum-heidenau.de\/en\/wp-json\/wp\/v2\/types\/post"}],"author":[{"embeddable":true,"href":"https:\/\/www.ferienzentrum-heidenau.de\/en\/wp-json\/wp\/v2\/users\/2"}],"replies":[{"embeddable":true,"href":"https:\/\/www.ferienzentrum-heidenau.de\/en\/wp-json\/wp\/v2\/comments?post=6822"}],"version-history":[{"count":2,"href":"https:\/\/www.ferienzentrum-heidenau.de\/en\/wp-json\/wp\/v2\/posts\/6822\/revisions"}],"predecessor-version":[{"id":6833,"href":"https:\/\/www.ferienzentrum-heidenau.de\/en\/wp-json\/wp\/v2\/posts\/6822\/revisions\/6833"}],"wp:featuredmedia":[{"embeddable":true,"href":"https:\/\/www.ferienzentrum-heidenau.de\/en\/wp-json\/wp\/v2\/media\/6823"}],"wp:attachment":[{"href":"https:\/\/www.ferienzentrum-heidenau.de\/en\/wp-json\/wp\/v2\/media?parent=6822"}],"wp:term":[{"taxonomy":"category","embeddable":true,"href":"https:\/\/www.ferienzentrum-heidenau.de\/en\/wp-json\/wp\/v2\/categories?post=6822"},{"taxonomy":"post_tag","embeddable":true,"href":"https:\/\/www.ferienzentrum-heidenau.de\/en\/wp-json\/wp\/v2\/tags?post=6822"}],"curies":[{"name":"wp","href":"https:\/\/api.w.org\/{rel}","templated":true}]}}