{"id":6973,"date":"2024-07-28T08:07:27","date_gmt":"2024-07-28T06:07:27","guid":{"rendered":"https:\/\/www.ferienzentrum-heidenau.de\/?p=6973"},"modified":"2024-07-28T08:38:11","modified_gmt":"2024-07-28T06:38:11","slug":"27-07-2024-kinderfest-piratenfest","status":"publish","type":"post","link":"https:\/\/www.ferienzentrum-heidenau.de\/en\/27-07-2024-kinderfest-piratenfest\/","title":{"rendered":"27.07.2024 Kinderfest Piratenfest"},"content":{"rendered":"<p>Am 27.07.24 fand unser allj\u00e4hrliches Kinderfest unter dem Motto Piratenfest statt! Es gab wieder viel Spa\u00df und Action direkt am Pool. Toll, das auch das Wetter mitgespielt hat. Wir hatten viele kleine und gro\u00dfe Besucher!<\/p>\n<style type=\"text\/css\">\r\n\t\t\t\t#gallery-1 {\r\n\t\t\t\t\tmargin: auto;\r\n\t\t\t\t}\r\n\t\t\t\t#gallery-1 .gallery-item {\r\n\t\t\t\t\tfloat: left;\r\n\t\t\t\t\tmargin-top: 10px;\r\n\t\t\t\t\ttext-align: center;\r\n\t\t\t\t\twidth: 50%;\r\n\t\t\t\t}\r\n\t\t\t\t#gallery-1 .gallery-caption {\r\n\t\t\t\t\tmargin-left: 0;\r\n\t\t\t\t}\r\n\t\t\t<\/style><!-- see gallery_shortcode() in wp-includes\/media.php -->\r\n\t\t\t\n\t\t<div id=\"gallery-1\" class=\"gallery galleryid-6973 mfp-gallery mfp-gallery--images gallery-columns-2 gallery-size-full\"><div class=\"row zn_image_gallery \"><div class=\"col-sm-6 col-md-4 col-lg-6\"><a href=\"https:\/\/www.ferienzentrum-heidenau.de\/wp-content\/uploads\/2024-07-27-Piratenfest-02.jpg\" title=\"\" class=\"hoverBorder\"><img loading=\"lazy\" decoding=\"async\" width=\"2000\" height=\"924\" src=\"https:\/\/www.ferienzentrum-heidenau.de\/wp-content\/uploads\/2024-07-27-Piratenfest-02.jpg\" class=\"attachment-full size-full\" alt=\"\" size=\"full\" link=\"file\" columns=\"2\" ids=\"7067,7073,7076,7079,7082,7085,7088,7091,7094,7097,6974\" orderby=\"post__in\" include=\"7067,7073,7076,7079,7082,7085,7088,7091,7094,7097,6974\" srcset=\"https:\/\/www.ferienzentrum-heidenau.de\/wp-content\/uploads\/2024-07-27-Piratenfest-02.jpg 2000w, https:\/\/www.ferienzentrum-heidenau.de\/wp-content\/uploads\/2024-07-27-Piratenfest-02-300x139.jpg 300w, https:\/\/www.ferienzentrum-heidenau.de\/wp-content\/uploads\/2024-07-27-Piratenfest-02-768x355.jpg 768w, https:\/\/www.ferienzentrum-heidenau.de\/wp-content\/uploads\/2024-07-27-Piratenfest-02-1536x710.jpg 1536w, https:\/\/www.ferienzentrum-heidenau.de\/wp-content\/uploads\/2024-07-27-Piratenfest-02-280x129.jpg 280w, https:\/\/www.ferienzentrum-heidenau.de\/wp-content\/uploads\/2024-07-27-Piratenfest-02-1170x541.jpg 1170w\" sizes=\"auto, (max-width: 2000px) 100vw, 2000px\" \/><span class=\"gallery_caption\"><\/span><\/a><\/div><div class=\"col-sm-6 col-md-4 col-lg-6\"><a href=\"https:\/\/www.ferienzentrum-heidenau.de\/wp-content\/uploads\/2024-07-27-Piratenfest-03.jpg\" title=\"\" class=\"hoverBorder\"><img loading=\"lazy\" decoding=\"async\" width=\"2000\" height=\"924\" src=\"https:\/\/www.ferienzentrum-heidenau.de\/wp-content\/uploads\/2024-07-27-Piratenfest-03.jpg\" class=\"attachment-full size-full\" alt=\"\" size=\"full\" link=\"file\" columns=\"2\" ids=\"7067,7073,7076,7079,7082,7085,7088,7091,7094,7097,6974\" orderby=\"post__in\" include=\"7067,7073,7076,7079,7082,7085,7088,7091,7094,7097,6974\" srcset=\"https:\/\/www.ferienzentrum-heidenau.de\/wp-content\/uploads\/2024-07-27-Piratenfest-03.jpg 2000w, https:\/\/www.ferienzentrum-heidenau.de\/wp-content\/uploads\/2024-07-27-Piratenfest-03-300x139.jpg 300w, https:\/\/www.ferienzentrum-heidenau.de\/wp-content\/uploads\/2024-07-27-Piratenfest-03-768x355.jpg 768w, https:\/\/www.ferienzentrum-heidenau.de\/wp-content\/uploads\/2024-07-27-Piratenfest-03-1536x710.jpg 1536w, https:\/\/www.ferienzentrum-heidenau.de\/wp-content\/uploads\/2024-07-27-Piratenfest-03-280x129.jpg 280w, https:\/\/www.ferienzentrum-heidenau.de\/wp-content\/uploads\/2024-07-27-Piratenfest-03-1170x541.jpg 1170w\" sizes=\"auto, (max-width: 2000px) 100vw, 2000px\" \/><span class=\"gallery_caption\"><\/span><\/a><\/div><\/div><div class=\"row zn_image_gallery \"><div class=\"col-sm-6 col-md-4 col-lg-6\"><a href=\"https:\/\/www.ferienzentrum-heidenau.de\/wp-content\/uploads\/2024-07-27-Piratenfest-04.jpg\" title=\"\" class=\"hoverBorder\"><img loading=\"lazy\" decoding=\"async\" width=\"2000\" height=\"924\" src=\"https:\/\/www.ferienzentrum-heidenau.de\/wp-content\/uploads\/2024-07-27-Piratenfest-04.jpg\" class=\"attachment-full size-full\" alt=\"\" size=\"full\" link=\"file\" columns=\"2\" ids=\"7067,7073,7076,7079,7082,7085,7088,7091,7094,7097,6974\" orderby=\"post__in\" include=\"7067,7073,7076,7079,7082,7085,7088,7091,7094,7097,6974\" srcset=\"https:\/\/www.ferienzentrum-heidenau.de\/wp-content\/uploads\/2024-07-27-Piratenfest-04.jpg 2000w, https:\/\/www.ferienzentrum-heidenau.de\/wp-content\/uploads\/2024-07-27-Piratenfest-04-300x139.jpg 300w, https:\/\/www.ferienzentrum-heidenau.de\/wp-content\/uploads\/2024-07-27-Piratenfest-04-768x355.jpg 768w, https:\/\/www.ferienzentrum-heidenau.de\/wp-content\/uploads\/2024-07-27-Piratenfest-04-1536x710.jpg 1536w, https:\/\/www.ferienzentrum-heidenau.de\/wp-content\/uploads\/2024-07-27-Piratenfest-04-280x129.jpg 280w, https:\/\/www.ferienzentrum-heidenau.de\/wp-content\/uploads\/2024-07-27-Piratenfest-04-1170x541.jpg 1170w\" sizes=\"auto, (max-width: 2000px) 100vw, 2000px\" \/><span class=\"gallery_caption\"><\/span><\/a><\/div><div class=\"col-sm-6 col-md-4 col-lg-6\"><a href=\"https:\/\/www.ferienzentrum-heidenau.de\/wp-content\/uploads\/2024-07-27-Piratenfest-05.jpg\" title=\"\" class=\"hoverBorder\"><img loading=\"lazy\" decoding=\"async\" width=\"2000\" height=\"924\" src=\"https:\/\/www.ferienzentrum-heidenau.de\/wp-content\/uploads\/2024-07-27-Piratenfest-05.jpg\" class=\"attachment-full size-full\" alt=\"\" size=\"full\" link=\"file\" columns=\"2\" ids=\"7067,7073,7076,7079,7082,7085,7088,7091,7094,7097,6974\" orderby=\"post__in\" include=\"7067,7073,7076,7079,7082,7085,7088,7091,7094,7097,6974\" srcset=\"https:\/\/www.ferienzentrum-heidenau.de\/wp-content\/uploads\/2024-07-27-Piratenfest-05.jpg 2000w, https:\/\/www.ferienzentrum-heidenau.de\/wp-content\/uploads\/2024-07-27-Piratenfest-05-300x139.jpg 300w, https:\/\/www.ferienzentrum-heidenau.de\/wp-content\/uploads\/2024-07-27-Piratenfest-05-768x355.jpg 768w, https:\/\/www.ferienzentrum-heidenau.de\/wp-content\/uploads\/2024-07-27-Piratenfest-05-1536x710.jpg 1536w, https:\/\/www.ferienzentrum-heidenau.de\/wp-content\/uploads\/2024-07-27-Piratenfest-05-280x129.jpg 280w, https:\/\/www.ferienzentrum-heidenau.de\/wp-content\/uploads\/2024-07-27-Piratenfest-05-1170x541.jpg 1170w\" sizes=\"auto, (max-width: 2000px) 100vw, 2000px\" \/><span class=\"gallery_caption\"><\/span><\/a><\/div><\/div><div class=\"row zn_image_gallery \"><div class=\"col-sm-6 col-md-4 col-lg-6\"><a href=\"https:\/\/www.ferienzentrum-heidenau.de\/wp-content\/uploads\/2024-07-27-Piratenfest-06.jpg\" title=\"\" class=\"hoverBorder\"><img loading=\"lazy\" decoding=\"async\" width=\"2000\" height=\"924\" src=\"https:\/\/www.ferienzentrum-heidenau.de\/wp-content\/uploads\/2024-07-27-Piratenfest-06.jpg\" class=\"attachment-full size-full\" alt=\"\" size=\"full\" link=\"file\" columns=\"2\" ids=\"7067,7073,7076,7079,7082,7085,7088,7091,7094,7097,6974\" orderby=\"post__in\" include=\"7067,7073,7076,7079,7082,7085,7088,7091,7094,7097,6974\" srcset=\"https:\/\/www.ferienzentrum-heidenau.de\/wp-content\/uploads\/2024-07-27-Piratenfest-06.jpg 2000w, https:\/\/www.ferienzentrum-heidenau.de\/wp-content\/uploads\/2024-07-27-Piratenfest-06-300x139.jpg 300w, https:\/\/www.ferienzentrum-heidenau.de\/wp-content\/uploads\/2024-07-27-Piratenfest-06-768x355.jpg 768w, https:\/\/www.ferienzentrum-heidenau.de\/wp-content\/uploads\/2024-07-27-Piratenfest-06-1536x710.jpg 1536w, https:\/\/www.ferienzentrum-heidenau.de\/wp-content\/uploads\/2024-07-27-Piratenfest-06-280x129.jpg 280w, https:\/\/www.ferienzentrum-heidenau.de\/wp-content\/uploads\/2024-07-27-Piratenfest-06-1170x541.jpg 1170w\" sizes=\"auto, (max-width: 2000px) 100vw, 2000px\" \/><span class=\"gallery_caption\"><\/span><\/a><\/div><div class=\"col-sm-6 col-md-4 col-lg-6\"><a href=\"https:\/\/www.ferienzentrum-heidenau.de\/wp-content\/uploads\/2024-07-27-Piratenfest-07.jpg\" title=\"\" class=\"hoverBorder\"><img loading=\"lazy\" decoding=\"async\" width=\"2000\" height=\"924\" src=\"https:\/\/www.ferienzentrum-heidenau.de\/wp-content\/uploads\/2024-07-27-Piratenfest-07.jpg\" class=\"attachment-full size-full\" alt=\"\" size=\"full\" link=\"file\" columns=\"2\" ids=\"7067,7073,7076,7079,7082,7085,7088,7091,7094,7097,6974\" orderby=\"post__in\" include=\"7067,7073,7076,7079,7082,7085,7088,7091,7094,7097,6974\" srcset=\"https:\/\/www.ferienzentrum-heidenau.de\/wp-content\/uploads\/2024-07-27-Piratenfest-07.jpg 2000w, https:\/\/www.ferienzentrum-heidenau.de\/wp-content\/uploads\/2024-07-27-Piratenfest-07-300x139.jpg 300w, https:\/\/www.ferienzentrum-heidenau.de\/wp-content\/uploads\/2024-07-27-Piratenfest-07-768x355.jpg 768w, https:\/\/www.ferienzentrum-heidenau.de\/wp-content\/uploads\/2024-07-27-Piratenfest-07-1536x710.jpg 1536w, https:\/\/www.ferienzentrum-heidenau.de\/wp-content\/uploads\/2024-07-27-Piratenfest-07-280x129.jpg 280w, https:\/\/www.ferienzentrum-heidenau.de\/wp-content\/uploads\/2024-07-27-Piratenfest-07-1170x541.jpg 1170w\" sizes=\"auto, (max-width: 2000px) 100vw, 2000px\" \/><span class=\"gallery_caption\"><\/span><\/a><\/div><\/div><div class=\"row zn_image_gallery \"><div class=\"col-sm-6 col-md-4 col-lg-6\"><a href=\"https:\/\/www.ferienzentrum-heidenau.de\/wp-content\/uploads\/2024-07-27-Piratenfest-08.jpg\" title=\"\" class=\"hoverBorder\"><img loading=\"lazy\" decoding=\"async\" width=\"924\" height=\"2000\" src=\"https:\/\/www.ferienzentrum-heidenau.de\/wp-content\/uploads\/2024-07-27-Piratenfest-08.jpg\" class=\"attachment-full size-full\" alt=\"\" size=\"full\" link=\"file\" columns=\"2\" ids=\"7067,7073,7076,7079,7082,7085,7088,7091,7094,7097,6974\" orderby=\"post__in\" include=\"7067,7073,7076,7079,7082,7085,7088,7091,7094,7097,6974\" srcset=\"https:\/\/www.ferienzentrum-heidenau.de\/wp-content\/uploads\/2024-07-27-Piratenfest-08.jpg 924w, https:\/\/www.ferienzentrum-heidenau.de\/wp-content\/uploads\/2024-07-27-Piratenfest-08-139x300.jpg 139w, https:\/\/www.ferienzentrum-heidenau.de\/wp-content\/uploads\/2024-07-27-Piratenfest-08-768x1662.jpg 768w, https:\/\/www.ferienzentrum-heidenau.de\/wp-content\/uploads\/2024-07-27-Piratenfest-08-710x1536.jpg 710w, https:\/\/www.ferienzentrum-heidenau.de\/wp-content\/uploads\/2024-07-27-Piratenfest-08-86x187.jpg 86w\" sizes=\"auto, (max-width: 924px) 100vw, 924px\" \/><span class=\"gallery_caption\"><\/span><\/a><\/div><div class=\"col-sm-6 col-md-4 col-lg-6\"><a href=\"https:\/\/www.ferienzentrum-heidenau.de\/wp-content\/uploads\/2024-07-27-Piratenfest-09.jpg\" title=\"\" class=\"hoverBorder\"><img loading=\"lazy\" decoding=\"async\" width=\"924\" height=\"2000\" src=\"https:\/\/www.ferienzentrum-heidenau.de\/wp-content\/uploads\/2024-07-27-Piratenfest-09.jpg\" class=\"attachment-full size-full\" alt=\"\" size=\"full\" link=\"file\" columns=\"2\" ids=\"7067,7073,7076,7079,7082,7085,7088,7091,7094,7097,6974\" orderby=\"post__in\" include=\"7067,7073,7076,7079,7082,7085,7088,7091,7094,7097,6974\" srcset=\"https:\/\/www.ferienzentrum-heidenau.de\/wp-content\/uploads\/2024-07-27-Piratenfest-09.jpg 924w, https:\/\/www.ferienzentrum-heidenau.de\/wp-content\/uploads\/2024-07-27-Piratenfest-09-139x300.jpg 139w, https:\/\/www.ferienzentrum-heidenau.de\/wp-content\/uploads\/2024-07-27-Piratenfest-09-768x1662.jpg 768w, https:\/\/www.ferienzentrum-heidenau.de\/wp-content\/uploads\/2024-07-27-Piratenfest-09-710x1536.jpg 710w, https:\/\/www.ferienzentrum-heidenau.de\/wp-content\/uploads\/2024-07-27-Piratenfest-09-86x187.jpg 86w\" sizes=\"auto, (max-width: 924px) 100vw, 924px\" \/><span class=\"gallery_caption\"><\/span><\/a><\/div><\/div><div class=\"row zn_image_gallery \"><div class=\"col-sm-6 col-md-4 col-lg-6\"><a href=\"https:\/\/www.ferienzentrum-heidenau.de\/wp-content\/uploads\/2024-07-27-Piratenfest-10.jpg\" title=\"\" class=\"hoverBorder\"><img loading=\"lazy\" decoding=\"async\" width=\"924\" height=\"2000\" src=\"https:\/\/www.ferienzentrum-heidenau.de\/wp-content\/uploads\/2024-07-27-Piratenfest-10.jpg\" class=\"attachment-full size-full\" alt=\"\" size=\"full\" link=\"file\" columns=\"2\" ids=\"7067,7073,7076,7079,7082,7085,7088,7091,7094,7097,6974\" orderby=\"post__in\" include=\"7067,7073,7076,7079,7082,7085,7088,7091,7094,7097,6974\" srcset=\"https:\/\/www.ferienzentrum-heidenau.de\/wp-content\/uploads\/2024-07-27-Piratenfest-10.jpg 924w, https:\/\/www.ferienzentrum-heidenau.de\/wp-content\/uploads\/2024-07-27-Piratenfest-10-139x300.jpg 139w, https:\/\/www.ferienzentrum-heidenau.de\/wp-content\/uploads\/2024-07-27-Piratenfest-10-768x1662.jpg 768w, https:\/\/www.ferienzentrum-heidenau.de\/wp-content\/uploads\/2024-07-27-Piratenfest-10-710x1536.jpg 710w, https:\/\/www.ferienzentrum-heidenau.de\/wp-content\/uploads\/2024-07-27-Piratenfest-10-86x187.jpg 86w\" sizes=\"auto, (max-width: 924px) 100vw, 924px\" \/><span class=\"gallery_caption\"><\/span><\/a><\/div><div class=\"col-sm-6 col-md-4 col-lg-6\"><a href=\"https:\/\/www.ferienzentrum-heidenau.de\/wp-content\/uploads\/2024-07-27-Piratenfest-11.jpg\" title=\"\" class=\"hoverBorder\"><img loading=\"lazy\" decoding=\"async\" width=\"924\" height=\"2000\" src=\"https:\/\/www.ferienzentrum-heidenau.de\/wp-content\/uploads\/2024-07-27-Piratenfest-11.jpg\" class=\"attachment-full size-full\" alt=\"\" size=\"full\" link=\"file\" columns=\"2\" ids=\"7067,7073,7076,7079,7082,7085,7088,7091,7094,7097,6974\" orderby=\"post__in\" include=\"7067,7073,7076,7079,7082,7085,7088,7091,7094,7097,6974\" srcset=\"https:\/\/www.ferienzentrum-heidenau.de\/wp-content\/uploads\/2024-07-27-Piratenfest-11.jpg 924w, https:\/\/www.ferienzentrum-heidenau.de\/wp-content\/uploads\/2024-07-27-Piratenfest-11-139x300.jpg 139w, https:\/\/www.ferienzentrum-heidenau.de\/wp-content\/uploads\/2024-07-27-Piratenfest-11-768x1662.jpg 768w, https:\/\/www.ferienzentrum-heidenau.de\/wp-content\/uploads\/2024-07-27-Piratenfest-11-710x1536.jpg 710w, https:\/\/www.ferienzentrum-heidenau.de\/wp-content\/uploads\/2024-07-27-Piratenfest-11-86x187.jpg 86w\" sizes=\"auto, (max-width: 924px) 100vw, 924px\" \/><span class=\"gallery_caption\"><\/span><\/a><\/div><\/div><div class=\"row zn_image_gallery \"><div class=\"col-sm-6 col-md-4 col-lg-6\"><a href=\"https:\/\/www.ferienzentrum-heidenau.de\/wp-content\/uploads\/2024-07-27-Piratenfest-01.jpg\" title=\"\" class=\"hoverBorder\"><img loading=\"lazy\" decoding=\"async\" width=\"1169\" height=\"1654\" src=\"https:\/\/www.ferienzentrum-heidenau.de\/wp-content\/uploads\/2024-07-27-Piratenfest-01.jpg\" class=\"attachment-full size-full\" alt=\"\" size=\"full\" link=\"file\" columns=\"2\" ids=\"7067,7073,7076,7079,7082,7085,7088,7091,7094,7097,6974\" orderby=\"post__in\" include=\"7067,7073,7076,7079,7082,7085,7088,7091,7094,7097,6974\" srcset=\"https:\/\/www.ferienzentrum-heidenau.de\/wp-content\/uploads\/2024-07-27-Piratenfest-01.jpg 1169w, https:\/\/www.ferienzentrum-heidenau.de\/wp-content\/uploads\/2024-07-27-Piratenfest-01-212x300.jpg 212w, https:\/\/www.ferienzentrum-heidenau.de\/wp-content\/uploads\/2024-07-27-Piratenfest-01-768x1087.jpg 768w, https:\/\/www.ferienzentrum-heidenau.de\/wp-content\/uploads\/2024-07-27-Piratenfest-01-1086x1536.jpg 1086w, https:\/\/www.ferienzentrum-heidenau.de\/wp-content\/uploads\/2024-07-27-Piratenfest-01-132x187.jpg 132w\" sizes=\"auto, (max-width: 1169px) 100vw, 1169px\" \/><span class=\"gallery_caption\"><\/span><\/a><\/div><\/div><\/div>\n<div style=\"width: 850px;\" class=\"wp-video\"><video class=\"wp-video-shortcode\" id=\"video-6973-1\" width=\"850\" height=\"478\" preload=\"metadata\" controls=\"controls\"><source type=\"video\/mp4\" src=\"https:\/\/www.ferienzentrum-heidenau.de\/wp-content\/uploads\/2024-07-27-Piratenfest-12.mp4?_=1\" \/><a href=\"https:\/\/www.ferienzentrum-heidenau.de\/wp-content\/uploads\/2024-07-27-Piratenfest-12.mp4\">https:\/\/www.ferienzentrum-heidenau.de\/wp-content\/uploads\/2024-07-27-Piratenfest-12.mp4<\/a><\/video><\/div>\n<div style=\"width: 478px;\" class=\"wp-video\"><video class=\"wp-video-shortcode\" id=\"video-6973-2\" width=\"478\" height=\"850\" preload=\"metadata\" controls=\"controls\"><source type=\"video\/mp4\" src=\"https:\/\/www.ferienzentrum-heidenau.de\/wp-content\/uploads\/2024-07-27-Piratenfest-13.mp4?_=2\" \/><a href=\"https:\/\/www.ferienzentrum-heidenau.de\/wp-content\/uploads\/2024-07-27-Piratenfest-13.mp4\">https:\/\/www.ferienzentrum-heidenau.de\/wp-content\/uploads\/2024-07-27-Piratenfest-13.mp4<\/a><\/video><\/div>\n<p>&nbsp;<\/p>\n<p>&nbsp;<\/p>\n","protected":false},"excerpt":{"rendered":"<p>Am 27.07.24 fand unser allj\u00e4hrliches Kinderfest unter dem Motto Piratenfest statt! Es gab wieder viel Spa\u00df und Action direkt am Pool. Toll, das auch das Wetter mitgespielt hat. Wir hatten viele kleine und gro\u00dfe Besucher! &nbsp; &nbsp;<\/p>\n","protected":false},"author":2,"featured_media":7070,"comment_status":"closed","ping_status":"closed","sticky":false,"template":"","format":"standard","meta":{"footnotes":""},"categories":[27],"tags":[],"class_list":["post-6973","post","type-post","status-publish","format-standard","has-post-thumbnail","hentry","category-action"],"_links":{"self":[{"href":"https:\/\/www.ferienzentrum-heidenau.de\/en\/wp-json\/wp\/v2\/posts\/6973","targetHints":{"allow":["GET"]}}],"collection":[{"href":"https:\/\/www.ferienzentrum-heidenau.de\/en\/wp-json\/wp\/v2\/posts"}],"about":[{"href":"https:\/\/www.ferienzentrum-heidenau.de\/en\/wp-json\/wp\/v2\/types\/post"}],"author":[{"embeddable":true,"href":"https:\/\/www.ferienzentrum-heidenau.de\/en\/wp-json\/wp\/v2\/users\/2"}],"replies":[{"embeddable":true,"href":"https:\/\/www.ferienzentrum-heidenau.de\/en\/wp-json\/wp\/v2\/comments?post=6973"}],"version-history":[{"count":6,"href":"https:\/\/www.ferienzentrum-heidenau.de\/en\/wp-json\/wp\/v2\/posts\/6973\/revisions"}],"predecessor-version":[{"id":7108,"href":"https:\/\/www.ferienzentrum-heidenau.de\/en\/wp-json\/wp\/v2\/posts\/6973\/revisions\/7108"}],"wp:featuredmedia":[{"embeddable":true,"href":"https:\/\/www.ferienzentrum-heidenau.de\/en\/wp-json\/wp\/v2\/media\/7070"}],"wp:attachment":[{"href":"https:\/\/www.ferienzentrum-heidenau.de\/en\/wp-json\/wp\/v2\/media?parent=6973"}],"wp:term":[{"taxonomy":"category","embeddable":true,"href":"https:\/\/www.ferienzentrum-heidenau.de\/en\/wp-json\/wp\/v2\/categories?post=6973"},{"taxonomy":"post_tag","embeddable":true,"href":"https:\/\/www.ferienzentrum-heidenau.de\/en\/wp-json\/wp\/v2\/tags?post=6973"}],"curies":[{"name":"wp","href":"https:\/\/api.w.org\/{rel}","templated":true}]}}