{"id":7323,"date":"2025-04-15T14:50:02","date_gmt":"2025-04-15T12:50:02","guid":{"rendered":"https:\/\/www.ferienzentrum-heidenau.de\/?p=7323"},"modified":"2025-04-29T14:55:40","modified_gmt":"2025-04-29T12:55:40","slug":"15-04-2025-niedrigseilgarten-neu","status":"publish","type":"post","link":"https:\/\/www.ferienzentrum-heidenau.de\/en\/15-04-2025-niedrigseilgarten-neu\/","title":{"rendered":"15.04.2025 Niedrigseilgarten neu"},"content":{"rendered":"<p>Wir haben f\u00fcr die Kinder einen neuen Niedrigseil-Klettergarten am Spielhaus eingeweiht. Hier k\u00f6nnen die Kinder m\u00fchelos in einem Parkour Klettern, Hangeln und Balancieren lernen.<\/p>\n<p><a href=\"https:\/\/www.ferienzentrum-heidenau.de\/wp-content\/uploads\/FERIEN1.jpg\" target=\"_blank\" rel=\"noopener\"><img loading=\"lazy\" decoding=\"async\" class=\"alignnone wp-image-7327 size-full\" src=\"https:\/\/www.ferienzentrum-heidenau.de\/wp-content\/uploads\/FERIEN1.jpg\" alt=\"\" width=\"2000\" height=\"1500\" srcset=\"https:\/\/www.ferienzentrum-heidenau.de\/wp-content\/uploads\/FERIEN1.jpg 2000w, https:\/\/www.ferienzentrum-heidenau.de\/wp-content\/uploads\/FERIEN1-300x225.jpg 300w, https:\/\/www.ferienzentrum-heidenau.de\/wp-content\/uploads\/FERIEN1-768x576.jpg 768w, https:\/\/www.ferienzentrum-heidenau.de\/wp-content\/uploads\/FERIEN1-1536x1152.jpg 1536w, https:\/\/www.ferienzentrum-heidenau.de\/wp-content\/uploads\/FERIEN1-249x187.jpg 249w, https:\/\/www.ferienzentrum-heidenau.de\/wp-content\/uploads\/FERIEN1-1170x878.jpg 1170w\" sizes=\"auto, (max-width: 2000px) 100vw, 2000px\" \/><\/a><\/p>\n","protected":false},"excerpt":{"rendered":"<p>Wir haben f\u00fcr die Kinder einen neuen Niedrigseil-Klettergarten am Spielhaus eingeweiht. Hier k\u00f6nnen die Kinder m\u00fchelos in einem Parkour Klettern, Hangeln und Balancieren lernen.<\/p>\n","protected":false},"author":2,"featured_media":7324,"comment_status":"closed","ping_status":"closed","sticky":false,"template":"","format":"standard","meta":{"footnotes":""},"categories":[27],"tags":[],"class_list":["post-7323","post","type-post","status-publish","format-standard","has-post-thumbnail","hentry","category-action"],"_links":{"self":[{"href":"https:\/\/www.ferienzentrum-heidenau.de\/en\/wp-json\/wp\/v2\/posts\/7323","targetHints":{"allow":["GET"]}}],"collection":[{"href":"https:\/\/www.ferienzentrum-heidenau.de\/en\/wp-json\/wp\/v2\/posts"}],"about":[{"href":"https:\/\/www.ferienzentrum-heidenau.de\/en\/wp-json\/wp\/v2\/types\/post"}],"author":[{"embeddable":true,"href":"https:\/\/www.ferienzentrum-heidenau.de\/en\/wp-json\/wp\/v2\/users\/2"}],"replies":[{"embeddable":true,"href":"https:\/\/www.ferienzentrum-heidenau.de\/en\/wp-json\/wp\/v2\/comments?post=7323"}],"version-history":[{"count":1,"href":"https:\/\/www.ferienzentrum-heidenau.de\/en\/wp-json\/wp\/v2\/posts\/7323\/revisions"}],"predecessor-version":[{"id":7330,"href":"https:\/\/www.ferienzentrum-heidenau.de\/en\/wp-json\/wp\/v2\/posts\/7323\/revisions\/7330"}],"wp:featuredmedia":[{"embeddable":true,"href":"https:\/\/www.ferienzentrum-heidenau.de\/en\/wp-json\/wp\/v2\/media\/7324"}],"wp:attachment":[{"href":"https:\/\/www.ferienzentrum-heidenau.de\/en\/wp-json\/wp\/v2\/media?parent=7323"}],"wp:term":[{"taxonomy":"category","embeddable":true,"href":"https:\/\/www.ferienzentrum-heidenau.de\/en\/wp-json\/wp\/v2\/categories?post=7323"},{"taxonomy":"post_tag","embeddable":true,"href":"https:\/\/www.ferienzentrum-heidenau.de\/en\/wp-json\/wp\/v2\/tags?post=7323"}],"curies":[{"name":"wp","href":"https:\/\/api.w.org\/{rel}","templated":true}]}}