{"id":7381,"date":"2025-05-20T18:38:42","date_gmt":"2025-05-20T16:38:42","guid":{"rendered":"https:\/\/www.ferienzentrum-heidenau.de\/?p=7381"},"modified":"2025-06-18T10:03:06","modified_gmt":"2025-06-18T08:03:06","slug":"14-06-2025-jubilaeum-50-jahre-ferienzentrum","status":"publish","type":"post","link":"https:\/\/www.ferienzentrum-heidenau.de\/en\/14-06-2025-jubilaeum-50-jahre-ferienzentrum\/","title":{"rendered":"14.06.2025 Jubilaeum 50 Jahre Ferienzentrum"},"content":{"rendered":"<p>Am Samstag den 14.06.25 haben wir 50j\u00e4hriges Jubil\u00e4um gefeiert. Rund um den Pool gab es f\u00fcr Jung und Alt Action, leckere Speisen, Getr\u00e4nke und Live-Musik mit &#8220;Trio Pfefferminz&#8221; und &#8220;Carsten Pape&#8221;. Mahr als 1500 G\u00e4ste kamen an diesem 30 Grad hei\u00dfen Tag und hatten Spa\u00df an tollen Reden, Vorf\u00fchrungen und guter Musik. Sch\u00f6n das wir diesen Tag mit Euch feiern konnten. Nachfolgend ein paar sch\u00f6ne Fotos, danke an alle Fotoraf\/innen f\u00fcr die Einsendung der Bilder. Euer FZ-Heidenau-Team.<\/p>\n<style type=\"text\/css\">\r\n\t\t\t\t#gallery-1 {\r\n\t\t\t\t\tmargin: auto;\r\n\t\t\t\t}\r\n\t\t\t\t#gallery-1 .gallery-item {\r\n\t\t\t\t\tfloat: left;\r\n\t\t\t\t\tmargin-top: 10px;\r\n\t\t\t\t\ttext-align: center;\r\n\t\t\t\t\twidth: 33%;\r\n\t\t\t\t}\r\n\t\t\t\t#gallery-1 .gallery-caption {\r\n\t\t\t\t\tmargin-left: 0;\r\n\t\t\t\t}\r\n\t\t\t<\/style><!-- see gallery_shortcode() in wp-includes\/media.php -->\r\n\t\t\t\n\t\t<div id=\"gallery-1\" class=\"gallery galleryid-7381 mfp-gallery mfp-gallery--images gallery-columns-3 gallery-size-full\"><div class=\"row zn_image_gallery \"><div class=\"col-sm-6 col-md-4 col-lg-4\"><a href=\"https:\/\/www.ferienzentrum-heidenau.de\/wp-content\/uploads\/Ferienzentrum-Camping-Urlaub-Wohnmobil-Ferien-Wohnwagen-Zelt-A1-Heidenau-Jubilaeum-50-Jahre-001.jpg\" title=\"\" class=\"hoverBorder\"><img loading=\"lazy\" decoding=\"async\" width=\"2000\" height=\"1500\" src=\"https:\/\/www.ferienzentrum-heidenau.de\/wp-content\/uploads\/Ferienzentrum-Camping-Urlaub-Wohnmobil-Ferien-Wohnwagen-Zelt-A1-Heidenau-Jubilaeum-50-Jahre-001.jpg\" class=\"attachment-full size-full\" alt=\"\" link=\"file\" size=\"full\" ids=\"7401,7404,7407,7410,7413,7416,7419,7422,7425,7428,7431,7434,7437,7440,7443,7446,7449,7452,7455,7458,7461,7464,7467,7470,7473,7476,7479,7482,7485,7488,7491,7494,7497,7500,7503,7506,7509,7512,7515,7518,7521,7524,7527,7530,7533,7536,7539,7542,7545,7548,7551,7554,7557,7560,7563,7566,7569,7572,7575,7578\" orderby=\"post__in\" include=\"7401,7404,7407,7410,7413,7416,7419,7422,7425,7428,7431,7434,7437,7440,7443,7446,7449,7452,7455,7458,7461,7464,7467,7470,7473,7476,7479,7482,7485,7488,7491,7494,7497,7500,7503,7506,7509,7512,7515,7518,7521,7524,7527,7530,7533,7536,7539,7542,7545,7548,7551,7554,7557,7560,7563,7566,7569,7572,7575,7578\" srcset=\"https:\/\/www.ferienzentrum-heidenau.de\/wp-content\/uploads\/Ferienzentrum-Camping-Urlaub-Wohnmobil-Ferien-Wohnwagen-Zelt-A1-Heidenau-Jubilaeum-50-Jahre-001.jpg 2000w, https:\/\/www.ferienzentrum-heidenau.de\/wp-content\/uploads\/Ferienzentrum-Camping-Urlaub-Wohnmobil-Ferien-Wohnwagen-Zelt-A1-Heidenau-Jubilaeum-50-Jahre-001-300x225.jpg 300w, https:\/\/www.ferienzentrum-heidenau.de\/wp-content\/uploads\/Ferienzentrum-Camping-Urlaub-Wohnmobil-Ferien-Wohnwagen-Zelt-A1-Heidenau-Jubilaeum-50-Jahre-001-768x576.jpg 768w, https:\/\/www.ferienzentrum-heidenau.de\/wp-content\/uploads\/Ferienzentrum-Camping-Urlaub-Wohnmobil-Ferien-Wohnwagen-Zelt-A1-Heidenau-Jubilaeum-50-Jahre-001-1536x1152.jpg 1536w, https:\/\/www.ferienzentrum-heidenau.de\/wp-content\/uploads\/Ferienzentrum-Camping-Urlaub-Wohnmobil-Ferien-Wohnwagen-Zelt-A1-Heidenau-Jubilaeum-50-Jahre-001-249x187.jpg 249w, https:\/\/www.ferienzentrum-heidenau.de\/wp-content\/uploads\/Ferienzentrum-Camping-Urlaub-Wohnmobil-Ferien-Wohnwagen-Zelt-A1-Heidenau-Jubilaeum-50-Jahre-001-1170x878.jpg 1170w\" sizes=\"auto, (max-width: 2000px) 100vw, 2000px\" \/><span class=\"gallery_caption\"><\/span><\/a><\/div><div class=\"col-sm-6 col-md-4 col-lg-4\"><a href=\"https:\/\/www.ferienzentrum-heidenau.de\/wp-content\/uploads\/Ferienzentrum-Camping-Urlaub-Wohnmobil-Ferien-Wohnwagen-Zelt-A1-Heidenau-Jubilaeum-50-Jahre-002.jpg\" title=\"\" class=\"hoverBorder\"><img loading=\"lazy\" decoding=\"async\" width=\"2000\" height=\"1500\" src=\"https:\/\/www.ferienzentrum-heidenau.de\/wp-content\/uploads\/Ferienzentrum-Camping-Urlaub-Wohnmobil-Ferien-Wohnwagen-Zelt-A1-Heidenau-Jubilaeum-50-Jahre-002.jpg\" class=\"attachment-full size-full\" alt=\"\" link=\"file\" size=\"full\" ids=\"7401,7404,7407,7410,7413,7416,7419,7422,7425,7428,7431,7434,7437,7440,7443,7446,7449,7452,7455,7458,7461,7464,7467,7470,7473,7476,7479,7482,7485,7488,7491,7494,7497,7500,7503,7506,7509,7512,7515,7518,7521,7524,7527,7530,7533,7536,7539,7542,7545,7548,7551,7554,7557,7560,7563,7566,7569,7572,7575,7578\" orderby=\"post__in\" include=\"7401,7404,7407,7410,7413,7416,7419,7422,7425,7428,7431,7434,7437,7440,7443,7446,7449,7452,7455,7458,7461,7464,7467,7470,7473,7476,7479,7482,7485,7488,7491,7494,7497,7500,7503,7506,7509,7512,7515,7518,7521,7524,7527,7530,7533,7536,7539,7542,7545,7548,7551,7554,7557,7560,7563,7566,7569,7572,7575,7578\" srcset=\"https:\/\/www.ferienzentrum-heidenau.de\/wp-content\/uploads\/Ferienzentrum-Camping-Urlaub-Wohnmobil-Ferien-Wohnwagen-Zelt-A1-Heidenau-Jubilaeum-50-Jahre-002.jpg 2000w, https:\/\/www.ferienzentrum-heidenau.de\/wp-content\/uploads\/Ferienzentrum-Camping-Urlaub-Wohnmobil-Ferien-Wohnwagen-Zelt-A1-Heidenau-Jubilaeum-50-Jahre-002-300x225.jpg 300w, https:\/\/www.ferienzentrum-heidenau.de\/wp-content\/uploads\/Ferienzentrum-Camping-Urlaub-Wohnmobil-Ferien-Wohnwagen-Zelt-A1-Heidenau-Jubilaeum-50-Jahre-002-768x576.jpg 768w, https:\/\/www.ferienzentrum-heidenau.de\/wp-content\/uploads\/Ferienzentrum-Camping-Urlaub-Wohnmobil-Ferien-Wohnwagen-Zelt-A1-Heidenau-Jubilaeum-50-Jahre-002-1536x1152.jpg 1536w, https:\/\/www.ferienzentrum-heidenau.de\/wp-content\/uploads\/Ferienzentrum-Camping-Urlaub-Wohnmobil-Ferien-Wohnwagen-Zelt-A1-Heidenau-Jubilaeum-50-Jahre-002-249x187.jpg 249w, https:\/\/www.ferienzentrum-heidenau.de\/wp-content\/uploads\/Ferienzentrum-Camping-Urlaub-Wohnmobil-Ferien-Wohnwagen-Zelt-A1-Heidenau-Jubilaeum-50-Jahre-002-1170x878.jpg 1170w\" sizes=\"auto, (max-width: 2000px) 100vw, 2000px\" \/><span class=\"gallery_caption\"><\/span><\/a><\/div><div class=\"col-sm-6 col-md-4 col-lg-4\"><a href=\"https:\/\/www.ferienzentrum-heidenau.de\/wp-content\/uploads\/Ferienzentrum-Camping-Urlaub-Wohnmobil-Ferien-Wohnwagen-Zelt-A1-Heidenau-Jubilaeum-50-Jahre-003.jpg\" title=\"\" class=\"hoverBorder\"><img loading=\"lazy\" decoding=\"async\" width=\"2000\" height=\"1500\" src=\"https:\/\/www.ferienzentrum-heidenau.de\/wp-content\/uploads\/Ferienzentrum-Camping-Urlaub-Wohnmobil-Ferien-Wohnwagen-Zelt-A1-Heidenau-Jubilaeum-50-Jahre-003.jpg\" class=\"attachment-full size-full\" alt=\"\" link=\"file\" size=\"full\" ids=\"7401,7404,7407,7410,7413,7416,7419,7422,7425,7428,7431,7434,7437,7440,7443,7446,7449,7452,7455,7458,7461,7464,7467,7470,7473,7476,7479,7482,7485,7488,7491,7494,7497,7500,7503,7506,7509,7512,7515,7518,7521,7524,7527,7530,7533,7536,7539,7542,7545,7548,7551,7554,7557,7560,7563,7566,7569,7572,7575,7578\" orderby=\"post__in\" include=\"7401,7404,7407,7410,7413,7416,7419,7422,7425,7428,7431,7434,7437,7440,7443,7446,7449,7452,7455,7458,7461,7464,7467,7470,7473,7476,7479,7482,7485,7488,7491,7494,7497,7500,7503,7506,7509,7512,7515,7518,7521,7524,7527,7530,7533,7536,7539,7542,7545,7548,7551,7554,7557,7560,7563,7566,7569,7572,7575,7578\" srcset=\"https:\/\/www.ferienzentrum-heidenau.de\/wp-content\/uploads\/Ferienzentrum-Camping-Urlaub-Wohnmobil-Ferien-Wohnwagen-Zelt-A1-Heidenau-Jubilaeum-50-Jahre-003.jpg 2000w, https:\/\/www.ferienzentrum-heidenau.de\/wp-content\/uploads\/Ferienzentrum-Camping-Urlaub-Wohnmobil-Ferien-Wohnwagen-Zelt-A1-Heidenau-Jubilaeum-50-Jahre-003-300x225.jpg 300w, https:\/\/www.ferienzentrum-heidenau.de\/wp-content\/uploads\/Ferienzentrum-Camping-Urlaub-Wohnmobil-Ferien-Wohnwagen-Zelt-A1-Heidenau-Jubilaeum-50-Jahre-003-768x576.jpg 768w, https:\/\/www.ferienzentrum-heidenau.de\/wp-content\/uploads\/Ferienzentrum-Camping-Urlaub-Wohnmobil-Ferien-Wohnwagen-Zelt-A1-Heidenau-Jubilaeum-50-Jahre-003-1536x1152.jpg 1536w, https:\/\/www.ferienzentrum-heidenau.de\/wp-content\/uploads\/Ferienzentrum-Camping-Urlaub-Wohnmobil-Ferien-Wohnwagen-Zelt-A1-Heidenau-Jubilaeum-50-Jahre-003-249x187.jpg 249w, https:\/\/www.ferienzentrum-heidenau.de\/wp-content\/uploads\/Ferienzentrum-Camping-Urlaub-Wohnmobil-Ferien-Wohnwagen-Zelt-A1-Heidenau-Jubilaeum-50-Jahre-003-1170x878.jpg 1170w\" sizes=\"auto, (max-width: 2000px) 100vw, 2000px\" \/><span class=\"gallery_caption\"><\/span><\/a><\/div><\/div><div class=\"row zn_image_gallery \"><div class=\"col-sm-6 col-md-4 col-lg-4\"><a href=\"https:\/\/www.ferienzentrum-heidenau.de\/wp-content\/uploads\/Ferienzentrum-Camping-Urlaub-Wohnmobil-Ferien-Wohnwagen-Zelt-A1-Heidenau-Jubilaeum-50-Jahre-004.jpg\" title=\"\" class=\"hoverBorder\"><img loading=\"lazy\" decoding=\"async\" width=\"2000\" height=\"1500\" src=\"https:\/\/www.ferienzentrum-heidenau.de\/wp-content\/uploads\/Ferienzentrum-Camping-Urlaub-Wohnmobil-Ferien-Wohnwagen-Zelt-A1-Heidenau-Jubilaeum-50-Jahre-004.jpg\" class=\"attachment-full size-full\" alt=\"\" link=\"file\" size=\"full\" ids=\"7401,7404,7407,7410,7413,7416,7419,7422,7425,7428,7431,7434,7437,7440,7443,7446,7449,7452,7455,7458,7461,7464,7467,7470,7473,7476,7479,7482,7485,7488,7491,7494,7497,7500,7503,7506,7509,7512,7515,7518,7521,7524,7527,7530,7533,7536,7539,7542,7545,7548,7551,7554,7557,7560,7563,7566,7569,7572,7575,7578\" orderby=\"post__in\" include=\"7401,7404,7407,7410,7413,7416,7419,7422,7425,7428,7431,7434,7437,7440,7443,7446,7449,7452,7455,7458,7461,7464,7467,7470,7473,7476,7479,7482,7485,7488,7491,7494,7497,7500,7503,7506,7509,7512,7515,7518,7521,7524,7527,7530,7533,7536,7539,7542,7545,7548,7551,7554,7557,7560,7563,7566,7569,7572,7575,7578\" srcset=\"https:\/\/www.ferienzentrum-heidenau.de\/wp-content\/uploads\/Ferienzentrum-Camping-Urlaub-Wohnmobil-Ferien-Wohnwagen-Zelt-A1-Heidenau-Jubilaeum-50-Jahre-004.jpg 2000w, https:\/\/www.ferienzentrum-heidenau.de\/wp-content\/uploads\/Ferienzentrum-Camping-Urlaub-Wohnmobil-Ferien-Wohnwagen-Zelt-A1-Heidenau-Jubilaeum-50-Jahre-004-300x225.jpg 300w, https:\/\/www.ferienzentrum-heidenau.de\/wp-content\/uploads\/Ferienzentrum-Camping-Urlaub-Wohnmobil-Ferien-Wohnwagen-Zelt-A1-Heidenau-Jubilaeum-50-Jahre-004-768x576.jpg 768w, https:\/\/www.ferienzentrum-heidenau.de\/wp-content\/uploads\/Ferienzentrum-Camping-Urlaub-Wohnmobil-Ferien-Wohnwagen-Zelt-A1-Heidenau-Jubilaeum-50-Jahre-004-1536x1152.jpg 1536w, https:\/\/www.ferienzentrum-heidenau.de\/wp-content\/uploads\/Ferienzentrum-Camping-Urlaub-Wohnmobil-Ferien-Wohnwagen-Zelt-A1-Heidenau-Jubilaeum-50-Jahre-004-249x187.jpg 249w, https:\/\/www.ferienzentrum-heidenau.de\/wp-content\/uploads\/Ferienzentrum-Camping-Urlaub-Wohnmobil-Ferien-Wohnwagen-Zelt-A1-Heidenau-Jubilaeum-50-Jahre-004-1170x878.jpg 1170w\" sizes=\"auto, (max-width: 2000px) 100vw, 2000px\" \/><span class=\"gallery_caption\"><\/span><\/a><\/div><div class=\"col-sm-6 col-md-4 col-lg-4\"><a href=\"https:\/\/www.ferienzentrum-heidenau.de\/wp-content\/uploads\/Ferienzentrum-Camping-Urlaub-Wohnmobil-Ferien-Wohnwagen-Zelt-A1-Heidenau-Jubilaeum-50-Jahre-005.jpg\" title=\"\" class=\"hoverBorder\"><img loading=\"lazy\" decoding=\"async\" width=\"2000\" height=\"1500\" src=\"https:\/\/www.ferienzentrum-heidenau.de\/wp-content\/uploads\/Ferienzentrum-Camping-Urlaub-Wohnmobil-Ferien-Wohnwagen-Zelt-A1-Heidenau-Jubilaeum-50-Jahre-005.jpg\" class=\"attachment-full size-full\" alt=\"\" link=\"file\" size=\"full\" ids=\"7401,7404,7407,7410,7413,7416,7419,7422,7425,7428,7431,7434,7437,7440,7443,7446,7449,7452,7455,7458,7461,7464,7467,7470,7473,7476,7479,7482,7485,7488,7491,7494,7497,7500,7503,7506,7509,7512,7515,7518,7521,7524,7527,7530,7533,7536,7539,7542,7545,7548,7551,7554,7557,7560,7563,7566,7569,7572,7575,7578\" orderby=\"post__in\" include=\"7401,7404,7407,7410,7413,7416,7419,7422,7425,7428,7431,7434,7437,7440,7443,7446,7449,7452,7455,7458,7461,7464,7467,7470,7473,7476,7479,7482,7485,7488,7491,7494,7497,7500,7503,7506,7509,7512,7515,7518,7521,7524,7527,7530,7533,7536,7539,7542,7545,7548,7551,7554,7557,7560,7563,7566,7569,7572,7575,7578\" srcset=\"https:\/\/www.ferienzentrum-heidenau.de\/wp-content\/uploads\/Ferienzentrum-Camping-Urlaub-Wohnmobil-Ferien-Wohnwagen-Zelt-A1-Heidenau-Jubilaeum-50-Jahre-005.jpg 2000w, https:\/\/www.ferienzentrum-heidenau.de\/wp-content\/uploads\/Ferienzentrum-Camping-Urlaub-Wohnmobil-Ferien-Wohnwagen-Zelt-A1-Heidenau-Jubilaeum-50-Jahre-005-300x225.jpg 300w, https:\/\/www.ferienzentrum-heidenau.de\/wp-content\/uploads\/Ferienzentrum-Camping-Urlaub-Wohnmobil-Ferien-Wohnwagen-Zelt-A1-Heidenau-Jubilaeum-50-Jahre-005-768x576.jpg 768w, https:\/\/www.ferienzentrum-heidenau.de\/wp-content\/uploads\/Ferienzentrum-Camping-Urlaub-Wohnmobil-Ferien-Wohnwagen-Zelt-A1-Heidenau-Jubilaeum-50-Jahre-005-1536x1152.jpg 1536w, https:\/\/www.ferienzentrum-heidenau.de\/wp-content\/uploads\/Ferienzentrum-Camping-Urlaub-Wohnmobil-Ferien-Wohnwagen-Zelt-A1-Heidenau-Jubilaeum-50-Jahre-005-249x187.jpg 249w, https:\/\/www.ferienzentrum-heidenau.de\/wp-content\/uploads\/Ferienzentrum-Camping-Urlaub-Wohnmobil-Ferien-Wohnwagen-Zelt-A1-Heidenau-Jubilaeum-50-Jahre-005-1170x878.jpg 1170w\" sizes=\"auto, (max-width: 2000px) 100vw, 2000px\" \/><span class=\"gallery_caption\"><\/span><\/a><\/div><div class=\"col-sm-6 col-md-4 col-lg-4\"><a href=\"https:\/\/www.ferienzentrum-heidenau.de\/wp-content\/uploads\/Ferienzentrum-Camping-Urlaub-Wohnmobil-Ferien-Wohnwagen-Zelt-A1-Heidenau-Jubilaeum-50-Jahre-006.jpg\" title=\"\" class=\"hoverBorder\"><img loading=\"lazy\" decoding=\"async\" width=\"2000\" height=\"1500\" src=\"https:\/\/www.ferienzentrum-heidenau.de\/wp-content\/uploads\/Ferienzentrum-Camping-Urlaub-Wohnmobil-Ferien-Wohnwagen-Zelt-A1-Heidenau-Jubilaeum-50-Jahre-006.jpg\" class=\"attachment-full size-full\" alt=\"\" link=\"file\" size=\"full\" ids=\"7401,7404,7407,7410,7413,7416,7419,7422,7425,7428,7431,7434,7437,7440,7443,7446,7449,7452,7455,7458,7461,7464,7467,7470,7473,7476,7479,7482,7485,7488,7491,7494,7497,7500,7503,7506,7509,7512,7515,7518,7521,7524,7527,7530,7533,7536,7539,7542,7545,7548,7551,7554,7557,7560,7563,7566,7569,7572,7575,7578\" orderby=\"post__in\" include=\"7401,7404,7407,7410,7413,7416,7419,7422,7425,7428,7431,7434,7437,7440,7443,7446,7449,7452,7455,7458,7461,7464,7467,7470,7473,7476,7479,7482,7485,7488,7491,7494,7497,7500,7503,7506,7509,7512,7515,7518,7521,7524,7527,7530,7533,7536,7539,7542,7545,7548,7551,7554,7557,7560,7563,7566,7569,7572,7575,7578\" srcset=\"https:\/\/www.ferienzentrum-heidenau.de\/wp-content\/uploads\/Ferienzentrum-Camping-Urlaub-Wohnmobil-Ferien-Wohnwagen-Zelt-A1-Heidenau-Jubilaeum-50-Jahre-006.jpg 2000w, https:\/\/www.ferienzentrum-heidenau.de\/wp-content\/uploads\/Ferienzentrum-Camping-Urlaub-Wohnmobil-Ferien-Wohnwagen-Zelt-A1-Heidenau-Jubilaeum-50-Jahre-006-300x225.jpg 300w, https:\/\/www.ferienzentrum-heidenau.de\/wp-content\/uploads\/Ferienzentrum-Camping-Urlaub-Wohnmobil-Ferien-Wohnwagen-Zelt-A1-Heidenau-Jubilaeum-50-Jahre-006-768x576.jpg 768w, https:\/\/www.ferienzentrum-heidenau.de\/wp-content\/uploads\/Ferienzentrum-Camping-Urlaub-Wohnmobil-Ferien-Wohnwagen-Zelt-A1-Heidenau-Jubilaeum-50-Jahre-006-1536x1152.jpg 1536w, https:\/\/www.ferienzentrum-heidenau.de\/wp-content\/uploads\/Ferienzentrum-Camping-Urlaub-Wohnmobil-Ferien-Wohnwagen-Zelt-A1-Heidenau-Jubilaeum-50-Jahre-006-249x187.jpg 249w, https:\/\/www.ferienzentrum-heidenau.de\/wp-content\/uploads\/Ferienzentrum-Camping-Urlaub-Wohnmobil-Ferien-Wohnwagen-Zelt-A1-Heidenau-Jubilaeum-50-Jahre-006-1170x878.jpg 1170w\" sizes=\"auto, (max-width: 2000px) 100vw, 2000px\" \/><span class=\"gallery_caption\"><\/span><\/a><\/div><\/div><div class=\"row zn_image_gallery \"><div class=\"col-sm-6 col-md-4 col-lg-4\"><a href=\"https:\/\/www.ferienzentrum-heidenau.de\/wp-content\/uploads\/Ferienzentrum-Camping-Urlaub-Wohnmobil-Ferien-Wohnwagen-Zelt-A1-Heidenau-Jubilaeum-50-Jahre-007.jpg\" title=\"\" class=\"hoverBorder\"><img loading=\"lazy\" decoding=\"async\" width=\"2000\" height=\"1500\" src=\"https:\/\/www.ferienzentrum-heidenau.de\/wp-content\/uploads\/Ferienzentrum-Camping-Urlaub-Wohnmobil-Ferien-Wohnwagen-Zelt-A1-Heidenau-Jubilaeum-50-Jahre-007.jpg\" class=\"attachment-full size-full\" alt=\"\" link=\"file\" size=\"full\" ids=\"7401,7404,7407,7410,7413,7416,7419,7422,7425,7428,7431,7434,7437,7440,7443,7446,7449,7452,7455,7458,7461,7464,7467,7470,7473,7476,7479,7482,7485,7488,7491,7494,7497,7500,7503,7506,7509,7512,7515,7518,7521,7524,7527,7530,7533,7536,7539,7542,7545,7548,7551,7554,7557,7560,7563,7566,7569,7572,7575,7578\" orderby=\"post__in\" include=\"7401,7404,7407,7410,7413,7416,7419,7422,7425,7428,7431,7434,7437,7440,7443,7446,7449,7452,7455,7458,7461,7464,7467,7470,7473,7476,7479,7482,7485,7488,7491,7494,7497,7500,7503,7506,7509,7512,7515,7518,7521,7524,7527,7530,7533,7536,7539,7542,7545,7548,7551,7554,7557,7560,7563,7566,7569,7572,7575,7578\" srcset=\"https:\/\/www.ferienzentrum-heidenau.de\/wp-content\/uploads\/Ferienzentrum-Camping-Urlaub-Wohnmobil-Ferien-Wohnwagen-Zelt-A1-Heidenau-Jubilaeum-50-Jahre-007.jpg 2000w, https:\/\/www.ferienzentrum-heidenau.de\/wp-content\/uploads\/Ferienzentrum-Camping-Urlaub-Wohnmobil-Ferien-Wohnwagen-Zelt-A1-Heidenau-Jubilaeum-50-Jahre-007-300x225.jpg 300w, https:\/\/www.ferienzentrum-heidenau.de\/wp-content\/uploads\/Ferienzentrum-Camping-Urlaub-Wohnmobil-Ferien-Wohnwagen-Zelt-A1-Heidenau-Jubilaeum-50-Jahre-007-768x576.jpg 768w, https:\/\/www.ferienzentrum-heidenau.de\/wp-content\/uploads\/Ferienzentrum-Camping-Urlaub-Wohnmobil-Ferien-Wohnwagen-Zelt-A1-Heidenau-Jubilaeum-50-Jahre-007-1536x1152.jpg 1536w, https:\/\/www.ferienzentrum-heidenau.de\/wp-content\/uploads\/Ferienzentrum-Camping-Urlaub-Wohnmobil-Ferien-Wohnwagen-Zelt-A1-Heidenau-Jubilaeum-50-Jahre-007-249x187.jpg 249w, https:\/\/www.ferienzentrum-heidenau.de\/wp-content\/uploads\/Ferienzentrum-Camping-Urlaub-Wohnmobil-Ferien-Wohnwagen-Zelt-A1-Heidenau-Jubilaeum-50-Jahre-007-1170x878.jpg 1170w\" sizes=\"auto, (max-width: 2000px) 100vw, 2000px\" \/><span class=\"gallery_caption\"><\/span><\/a><\/div><div class=\"col-sm-6 col-md-4 col-lg-4\"><a href=\"https:\/\/www.ferienzentrum-heidenau.de\/wp-content\/uploads\/Ferienzentrum-Camping-Urlaub-Wohnmobil-Ferien-Wohnwagen-Zelt-A1-Heidenau-Jubilaeum-50-Jahre-008.jpg\" title=\"\" class=\"hoverBorder\"><img loading=\"lazy\" decoding=\"async\" width=\"2000\" height=\"1500\" src=\"https:\/\/www.ferienzentrum-heidenau.de\/wp-content\/uploads\/Ferienzentrum-Camping-Urlaub-Wohnmobil-Ferien-Wohnwagen-Zelt-A1-Heidenau-Jubilaeum-50-Jahre-008.jpg\" class=\"attachment-full size-full\" alt=\"\" link=\"file\" size=\"full\" ids=\"7401,7404,7407,7410,7413,7416,7419,7422,7425,7428,7431,7434,7437,7440,7443,7446,7449,7452,7455,7458,7461,7464,7467,7470,7473,7476,7479,7482,7485,7488,7491,7494,7497,7500,7503,7506,7509,7512,7515,7518,7521,7524,7527,7530,7533,7536,7539,7542,7545,7548,7551,7554,7557,7560,7563,7566,7569,7572,7575,7578\" orderby=\"post__in\" include=\"7401,7404,7407,7410,7413,7416,7419,7422,7425,7428,7431,7434,7437,7440,7443,7446,7449,7452,7455,7458,7461,7464,7467,7470,7473,7476,7479,7482,7485,7488,7491,7494,7497,7500,7503,7506,7509,7512,7515,7518,7521,7524,7527,7530,7533,7536,7539,7542,7545,7548,7551,7554,7557,7560,7563,7566,7569,7572,7575,7578\" srcset=\"https:\/\/www.ferienzentrum-heidenau.de\/wp-content\/uploads\/Ferienzentrum-Camping-Urlaub-Wohnmobil-Ferien-Wohnwagen-Zelt-A1-Heidenau-Jubilaeum-50-Jahre-008.jpg 2000w, https:\/\/www.ferienzentrum-heidenau.de\/wp-content\/uploads\/Ferienzentrum-Camping-Urlaub-Wohnmobil-Ferien-Wohnwagen-Zelt-A1-Heidenau-Jubilaeum-50-Jahre-008-300x225.jpg 300w, https:\/\/www.ferienzentrum-heidenau.de\/wp-content\/uploads\/Ferienzentrum-Camping-Urlaub-Wohnmobil-Ferien-Wohnwagen-Zelt-A1-Heidenau-Jubilaeum-50-Jahre-008-768x576.jpg 768w, https:\/\/www.ferienzentrum-heidenau.de\/wp-content\/uploads\/Ferienzentrum-Camping-Urlaub-Wohnmobil-Ferien-Wohnwagen-Zelt-A1-Heidenau-Jubilaeum-50-Jahre-008-1536x1152.jpg 1536w, https:\/\/www.ferienzentrum-heidenau.de\/wp-content\/uploads\/Ferienzentrum-Camping-Urlaub-Wohnmobil-Ferien-Wohnwagen-Zelt-A1-Heidenau-Jubilaeum-50-Jahre-008-249x187.jpg 249w, https:\/\/www.ferienzentrum-heidenau.de\/wp-content\/uploads\/Ferienzentrum-Camping-Urlaub-Wohnmobil-Ferien-Wohnwagen-Zelt-A1-Heidenau-Jubilaeum-50-Jahre-008-1170x878.jpg 1170w\" sizes=\"auto, (max-width: 2000px) 100vw, 2000px\" \/><span class=\"gallery_caption\"><\/span><\/a><\/div><div class=\"col-sm-6 col-md-4 col-lg-4\"><a href=\"https:\/\/www.ferienzentrum-heidenau.de\/wp-content\/uploads\/Ferienzentrum-Camping-Urlaub-Wohnmobil-Ferien-Wohnwagen-Zelt-A1-Heidenau-Jubilaeum-50-Jahre-009.jpg\" title=\"\" class=\"hoverBorder\"><img loading=\"lazy\" decoding=\"async\" width=\"2000\" height=\"1500\" src=\"https:\/\/www.ferienzentrum-heidenau.de\/wp-content\/uploads\/Ferienzentrum-Camping-Urlaub-Wohnmobil-Ferien-Wohnwagen-Zelt-A1-Heidenau-Jubilaeum-50-Jahre-009.jpg\" class=\"attachment-full size-full\" alt=\"\" link=\"file\" size=\"full\" ids=\"7401,7404,7407,7410,7413,7416,7419,7422,7425,7428,7431,7434,7437,7440,7443,7446,7449,7452,7455,7458,7461,7464,7467,7470,7473,7476,7479,7482,7485,7488,7491,7494,7497,7500,7503,7506,7509,7512,7515,7518,7521,7524,7527,7530,7533,7536,7539,7542,7545,7548,7551,7554,7557,7560,7563,7566,7569,7572,7575,7578\" orderby=\"post__in\" include=\"7401,7404,7407,7410,7413,7416,7419,7422,7425,7428,7431,7434,7437,7440,7443,7446,7449,7452,7455,7458,7461,7464,7467,7470,7473,7476,7479,7482,7485,7488,7491,7494,7497,7500,7503,7506,7509,7512,7515,7518,7521,7524,7527,7530,7533,7536,7539,7542,7545,7548,7551,7554,7557,7560,7563,7566,7569,7572,7575,7578\" srcset=\"https:\/\/www.ferienzentrum-heidenau.de\/wp-content\/uploads\/Ferienzentrum-Camping-Urlaub-Wohnmobil-Ferien-Wohnwagen-Zelt-A1-Heidenau-Jubilaeum-50-Jahre-009.jpg 2000w, https:\/\/www.ferienzentrum-heidenau.de\/wp-content\/uploads\/Ferienzentrum-Camping-Urlaub-Wohnmobil-Ferien-Wohnwagen-Zelt-A1-Heidenau-Jubilaeum-50-Jahre-009-300x225.jpg 300w, https:\/\/www.ferienzentrum-heidenau.de\/wp-content\/uploads\/Ferienzentrum-Camping-Urlaub-Wohnmobil-Ferien-Wohnwagen-Zelt-A1-Heidenau-Jubilaeum-50-Jahre-009-768x576.jpg 768w, https:\/\/www.ferienzentrum-heidenau.de\/wp-content\/uploads\/Ferienzentrum-Camping-Urlaub-Wohnmobil-Ferien-Wohnwagen-Zelt-A1-Heidenau-Jubilaeum-50-Jahre-009-1536x1152.jpg 1536w, https:\/\/www.ferienzentrum-heidenau.de\/wp-content\/uploads\/Ferienzentrum-Camping-Urlaub-Wohnmobil-Ferien-Wohnwagen-Zelt-A1-Heidenau-Jubilaeum-50-Jahre-009-249x187.jpg 249w, https:\/\/www.ferienzentrum-heidenau.de\/wp-content\/uploads\/Ferienzentrum-Camping-Urlaub-Wohnmobil-Ferien-Wohnwagen-Zelt-A1-Heidenau-Jubilaeum-50-Jahre-009-1170x878.jpg 1170w\" sizes=\"auto, (max-width: 2000px) 100vw, 2000px\" \/><span class=\"gallery_caption\"><\/span><\/a><\/div><\/div><div class=\"row zn_image_gallery \"><div class=\"col-sm-6 col-md-4 col-lg-4\"><a href=\"https:\/\/www.ferienzentrum-heidenau.de\/wp-content\/uploads\/Ferienzentrum-Camping-Urlaub-Wohnmobil-Ferien-Wohnwagen-Zelt-A1-Heidenau-Jubilaeum-50-Jahre-010-scaled.jpg\" title=\"\" class=\"hoverBorder\"><img loading=\"lazy\" decoding=\"async\" width=\"2560\" height=\"1920\" src=\"https:\/\/www.ferienzentrum-heidenau.de\/wp-content\/uploads\/Ferienzentrum-Camping-Urlaub-Wohnmobil-Ferien-Wohnwagen-Zelt-A1-Heidenau-Jubilaeum-50-Jahre-010-scaled.jpg\" class=\"attachment-full size-full\" alt=\"\" link=\"file\" size=\"full\" ids=\"7401,7404,7407,7410,7413,7416,7419,7422,7425,7428,7431,7434,7437,7440,7443,7446,7449,7452,7455,7458,7461,7464,7467,7470,7473,7476,7479,7482,7485,7488,7491,7494,7497,7500,7503,7506,7509,7512,7515,7518,7521,7524,7527,7530,7533,7536,7539,7542,7545,7548,7551,7554,7557,7560,7563,7566,7569,7572,7575,7578\" orderby=\"post__in\" include=\"7401,7404,7407,7410,7413,7416,7419,7422,7425,7428,7431,7434,7437,7440,7443,7446,7449,7452,7455,7458,7461,7464,7467,7470,7473,7476,7479,7482,7485,7488,7491,7494,7497,7500,7503,7506,7509,7512,7515,7518,7521,7524,7527,7530,7533,7536,7539,7542,7545,7548,7551,7554,7557,7560,7563,7566,7569,7572,7575,7578\" srcset=\"https:\/\/www.ferienzentrum-heidenau.de\/wp-content\/uploads\/Ferienzentrum-Camping-Urlaub-Wohnmobil-Ferien-Wohnwagen-Zelt-A1-Heidenau-Jubilaeum-50-Jahre-010-scaled.jpg 2560w, https:\/\/www.ferienzentrum-heidenau.de\/wp-content\/uploads\/Ferienzentrum-Camping-Urlaub-Wohnmobil-Ferien-Wohnwagen-Zelt-A1-Heidenau-Jubilaeum-50-Jahre-010-300x225.jpg 300w, https:\/\/www.ferienzentrum-heidenau.de\/wp-content\/uploads\/Ferienzentrum-Camping-Urlaub-Wohnmobil-Ferien-Wohnwagen-Zelt-A1-Heidenau-Jubilaeum-50-Jahre-010-768x576.jpg 768w, https:\/\/www.ferienzentrum-heidenau.de\/wp-content\/uploads\/Ferienzentrum-Camping-Urlaub-Wohnmobil-Ferien-Wohnwagen-Zelt-A1-Heidenau-Jubilaeum-50-Jahre-010-1536x1152.jpg 1536w, https:\/\/www.ferienzentrum-heidenau.de\/wp-content\/uploads\/Ferienzentrum-Camping-Urlaub-Wohnmobil-Ferien-Wohnwagen-Zelt-A1-Heidenau-Jubilaeum-50-Jahre-010-2048x1536.jpg 2048w, https:\/\/www.ferienzentrum-heidenau.de\/wp-content\/uploads\/Ferienzentrum-Camping-Urlaub-Wohnmobil-Ferien-Wohnwagen-Zelt-A1-Heidenau-Jubilaeum-50-Jahre-010-249x187.jpg 249w, https:\/\/www.ferienzentrum-heidenau.de\/wp-content\/uploads\/Ferienzentrum-Camping-Urlaub-Wohnmobil-Ferien-Wohnwagen-Zelt-A1-Heidenau-Jubilaeum-50-Jahre-010-1170x878.jpg 1170w\" sizes=\"auto, (max-width: 2560px) 100vw, 2560px\" \/><span class=\"gallery_caption\"><\/span><\/a><\/div><div class=\"col-sm-6 col-md-4 col-lg-4\"><a href=\"https:\/\/www.ferienzentrum-heidenau.de\/wp-content\/uploads\/Ferienzentrum-Camping-Urlaub-Wohnmobil-Ferien-Wohnwagen-Zelt-A1-Heidenau-Jubilaeum-50-Jahre-011-scaled.jpg\" title=\"\" class=\"hoverBorder\"><img loading=\"lazy\" decoding=\"async\" width=\"2560\" height=\"1920\" src=\"https:\/\/www.ferienzentrum-heidenau.de\/wp-content\/uploads\/Ferienzentrum-Camping-Urlaub-Wohnmobil-Ferien-Wohnwagen-Zelt-A1-Heidenau-Jubilaeum-50-Jahre-011-scaled.jpg\" class=\"attachment-full size-full\" alt=\"\" link=\"file\" size=\"full\" ids=\"7401,7404,7407,7410,7413,7416,7419,7422,7425,7428,7431,7434,7437,7440,7443,7446,7449,7452,7455,7458,7461,7464,7467,7470,7473,7476,7479,7482,7485,7488,7491,7494,7497,7500,7503,7506,7509,7512,7515,7518,7521,7524,7527,7530,7533,7536,7539,7542,7545,7548,7551,7554,7557,7560,7563,7566,7569,7572,7575,7578\" orderby=\"post__in\" include=\"7401,7404,7407,7410,7413,7416,7419,7422,7425,7428,7431,7434,7437,7440,7443,7446,7449,7452,7455,7458,7461,7464,7467,7470,7473,7476,7479,7482,7485,7488,7491,7494,7497,7500,7503,7506,7509,7512,7515,7518,7521,7524,7527,7530,7533,7536,7539,7542,7545,7548,7551,7554,7557,7560,7563,7566,7569,7572,7575,7578\" srcset=\"https:\/\/www.ferienzentrum-heidenau.de\/wp-content\/uploads\/Ferienzentrum-Camping-Urlaub-Wohnmobil-Ferien-Wohnwagen-Zelt-A1-Heidenau-Jubilaeum-50-Jahre-011-scaled.jpg 2560w, https:\/\/www.ferienzentrum-heidenau.de\/wp-content\/uploads\/Ferienzentrum-Camping-Urlaub-Wohnmobil-Ferien-Wohnwagen-Zelt-A1-Heidenau-Jubilaeum-50-Jahre-011-300x225.jpg 300w, https:\/\/www.ferienzentrum-heidenau.de\/wp-content\/uploads\/Ferienzentrum-Camping-Urlaub-Wohnmobil-Ferien-Wohnwagen-Zelt-A1-Heidenau-Jubilaeum-50-Jahre-011-768x576.jpg 768w, https:\/\/www.ferienzentrum-heidenau.de\/wp-content\/uploads\/Ferienzentrum-Camping-Urlaub-Wohnmobil-Ferien-Wohnwagen-Zelt-A1-Heidenau-Jubilaeum-50-Jahre-011-1536x1152.jpg 1536w, https:\/\/www.ferienzentrum-heidenau.de\/wp-content\/uploads\/Ferienzentrum-Camping-Urlaub-Wohnmobil-Ferien-Wohnwagen-Zelt-A1-Heidenau-Jubilaeum-50-Jahre-011-2048x1536.jpg 2048w, https:\/\/www.ferienzentrum-heidenau.de\/wp-content\/uploads\/Ferienzentrum-Camping-Urlaub-Wohnmobil-Ferien-Wohnwagen-Zelt-A1-Heidenau-Jubilaeum-50-Jahre-011-249x187.jpg 249w, https:\/\/www.ferienzentrum-heidenau.de\/wp-content\/uploads\/Ferienzentrum-Camping-Urlaub-Wohnmobil-Ferien-Wohnwagen-Zelt-A1-Heidenau-Jubilaeum-50-Jahre-011-1170x878.jpg 1170w\" sizes=\"auto, (max-width: 2560px) 100vw, 2560px\" \/><span class=\"gallery_caption\"><\/span><\/a><\/div><div class=\"col-sm-6 col-md-4 col-lg-4\"><a href=\"https:\/\/www.ferienzentrum-heidenau.de\/wp-content\/uploads\/Ferienzentrum-Camping-Urlaub-Wohnmobil-Ferien-Wohnwagen-Zelt-A1-Heidenau-Jubilaeum-50-Jahre-012-scaled.jpg\" title=\"\" class=\"hoverBorder\"><img loading=\"lazy\" decoding=\"async\" width=\"2560\" height=\"1920\" src=\"https:\/\/www.ferienzentrum-heidenau.de\/wp-content\/uploads\/Ferienzentrum-Camping-Urlaub-Wohnmobil-Ferien-Wohnwagen-Zelt-A1-Heidenau-Jubilaeum-50-Jahre-012-scaled.jpg\" class=\"attachment-full size-full\" alt=\"\" link=\"file\" size=\"full\" ids=\"7401,7404,7407,7410,7413,7416,7419,7422,7425,7428,7431,7434,7437,7440,7443,7446,7449,7452,7455,7458,7461,7464,7467,7470,7473,7476,7479,7482,7485,7488,7491,7494,7497,7500,7503,7506,7509,7512,7515,7518,7521,7524,7527,7530,7533,7536,7539,7542,7545,7548,7551,7554,7557,7560,7563,7566,7569,7572,7575,7578\" orderby=\"post__in\" include=\"7401,7404,7407,7410,7413,7416,7419,7422,7425,7428,7431,7434,7437,7440,7443,7446,7449,7452,7455,7458,7461,7464,7467,7470,7473,7476,7479,7482,7485,7488,7491,7494,7497,7500,7503,7506,7509,7512,7515,7518,7521,7524,7527,7530,7533,7536,7539,7542,7545,7548,7551,7554,7557,7560,7563,7566,7569,7572,7575,7578\" srcset=\"https:\/\/www.ferienzentrum-heidenau.de\/wp-content\/uploads\/Ferienzentrum-Camping-Urlaub-Wohnmobil-Ferien-Wohnwagen-Zelt-A1-Heidenau-Jubilaeum-50-Jahre-012-scaled.jpg 2560w, https:\/\/www.ferienzentrum-heidenau.de\/wp-content\/uploads\/Ferienzentrum-Camping-Urlaub-Wohnmobil-Ferien-Wohnwagen-Zelt-A1-Heidenau-Jubilaeum-50-Jahre-012-300x225.jpg 300w, https:\/\/www.ferienzentrum-heidenau.de\/wp-content\/uploads\/Ferienzentrum-Camping-Urlaub-Wohnmobil-Ferien-Wohnwagen-Zelt-A1-Heidenau-Jubilaeum-50-Jahre-012-768x576.jpg 768w, https:\/\/www.ferienzentrum-heidenau.de\/wp-content\/uploads\/Ferienzentrum-Camping-Urlaub-Wohnmobil-Ferien-Wohnwagen-Zelt-A1-Heidenau-Jubilaeum-50-Jahre-012-1536x1152.jpg 1536w, https:\/\/www.ferienzentrum-heidenau.de\/wp-content\/uploads\/Ferienzentrum-Camping-Urlaub-Wohnmobil-Ferien-Wohnwagen-Zelt-A1-Heidenau-Jubilaeum-50-Jahre-012-2048x1536.jpg 2048w, https:\/\/www.ferienzentrum-heidenau.de\/wp-content\/uploads\/Ferienzentrum-Camping-Urlaub-Wohnmobil-Ferien-Wohnwagen-Zelt-A1-Heidenau-Jubilaeum-50-Jahre-012-249x187.jpg 249w, https:\/\/www.ferienzentrum-heidenau.de\/wp-content\/uploads\/Ferienzentrum-Camping-Urlaub-Wohnmobil-Ferien-Wohnwagen-Zelt-A1-Heidenau-Jubilaeum-50-Jahre-012-1170x878.jpg 1170w\" sizes=\"auto, (max-width: 2560px) 100vw, 2560px\" \/><span class=\"gallery_caption\"><\/span><\/a><\/div><\/div><div class=\"row zn_image_gallery \"><div class=\"col-sm-6 col-md-4 col-lg-4\"><a href=\"https:\/\/www.ferienzentrum-heidenau.de\/wp-content\/uploads\/Ferienzentrum-Camping-Urlaub-Wohnmobil-Ferien-Wohnwagen-Zelt-A1-Heidenau-Jubilaeum-50-Jahre-013.jpg\" title=\"\" class=\"hoverBorder\"><img loading=\"lazy\" decoding=\"async\" width=\"2000\" height=\"1500\" src=\"https:\/\/www.ferienzentrum-heidenau.de\/wp-content\/uploads\/Ferienzentrum-Camping-Urlaub-Wohnmobil-Ferien-Wohnwagen-Zelt-A1-Heidenau-Jubilaeum-50-Jahre-013.jpg\" class=\"attachment-full size-full\" alt=\"\" link=\"file\" size=\"full\" ids=\"7401,7404,7407,7410,7413,7416,7419,7422,7425,7428,7431,7434,7437,7440,7443,7446,7449,7452,7455,7458,7461,7464,7467,7470,7473,7476,7479,7482,7485,7488,7491,7494,7497,7500,7503,7506,7509,7512,7515,7518,7521,7524,7527,7530,7533,7536,7539,7542,7545,7548,7551,7554,7557,7560,7563,7566,7569,7572,7575,7578\" orderby=\"post__in\" include=\"7401,7404,7407,7410,7413,7416,7419,7422,7425,7428,7431,7434,7437,7440,7443,7446,7449,7452,7455,7458,7461,7464,7467,7470,7473,7476,7479,7482,7485,7488,7491,7494,7497,7500,7503,7506,7509,7512,7515,7518,7521,7524,7527,7530,7533,7536,7539,7542,7545,7548,7551,7554,7557,7560,7563,7566,7569,7572,7575,7578\" srcset=\"https:\/\/www.ferienzentrum-heidenau.de\/wp-content\/uploads\/Ferienzentrum-Camping-Urlaub-Wohnmobil-Ferien-Wohnwagen-Zelt-A1-Heidenau-Jubilaeum-50-Jahre-013.jpg 2000w, https:\/\/www.ferienzentrum-heidenau.de\/wp-content\/uploads\/Ferienzentrum-Camping-Urlaub-Wohnmobil-Ferien-Wohnwagen-Zelt-A1-Heidenau-Jubilaeum-50-Jahre-013-300x225.jpg 300w, https:\/\/www.ferienzentrum-heidenau.de\/wp-content\/uploads\/Ferienzentrum-Camping-Urlaub-Wohnmobil-Ferien-Wohnwagen-Zelt-A1-Heidenau-Jubilaeum-50-Jahre-013-768x576.jpg 768w, https:\/\/www.ferienzentrum-heidenau.de\/wp-content\/uploads\/Ferienzentrum-Camping-Urlaub-Wohnmobil-Ferien-Wohnwagen-Zelt-A1-Heidenau-Jubilaeum-50-Jahre-013-1536x1152.jpg 1536w, https:\/\/www.ferienzentrum-heidenau.de\/wp-content\/uploads\/Ferienzentrum-Camping-Urlaub-Wohnmobil-Ferien-Wohnwagen-Zelt-A1-Heidenau-Jubilaeum-50-Jahre-013-249x187.jpg 249w, https:\/\/www.ferienzentrum-heidenau.de\/wp-content\/uploads\/Ferienzentrum-Camping-Urlaub-Wohnmobil-Ferien-Wohnwagen-Zelt-A1-Heidenau-Jubilaeum-50-Jahre-013-1170x878.jpg 1170w\" sizes=\"auto, (max-width: 2000px) 100vw, 2000px\" \/><span class=\"gallery_caption\"><\/span><\/a><\/div><div class=\"col-sm-6 col-md-4 col-lg-4\"><a href=\"https:\/\/www.ferienzentrum-heidenau.de\/wp-content\/uploads\/Ferienzentrum-Camping-Urlaub-Wohnmobil-Ferien-Wohnwagen-Zelt-A1-Heidenau-Jubilaeum-50-Jahre-014.jpg\" title=\"\" class=\"hoverBorder\"><img loading=\"lazy\" decoding=\"async\" width=\"2000\" height=\"1500\" src=\"https:\/\/www.ferienzentrum-heidenau.de\/wp-content\/uploads\/Ferienzentrum-Camping-Urlaub-Wohnmobil-Ferien-Wohnwagen-Zelt-A1-Heidenau-Jubilaeum-50-Jahre-014.jpg\" class=\"attachment-full size-full\" alt=\"\" link=\"file\" size=\"full\" ids=\"7401,7404,7407,7410,7413,7416,7419,7422,7425,7428,7431,7434,7437,7440,7443,7446,7449,7452,7455,7458,7461,7464,7467,7470,7473,7476,7479,7482,7485,7488,7491,7494,7497,7500,7503,7506,7509,7512,7515,7518,7521,7524,7527,7530,7533,7536,7539,7542,7545,7548,7551,7554,7557,7560,7563,7566,7569,7572,7575,7578\" orderby=\"post__in\" include=\"7401,7404,7407,7410,7413,7416,7419,7422,7425,7428,7431,7434,7437,7440,7443,7446,7449,7452,7455,7458,7461,7464,7467,7470,7473,7476,7479,7482,7485,7488,7491,7494,7497,7500,7503,7506,7509,7512,7515,7518,7521,7524,7527,7530,7533,7536,7539,7542,7545,7548,7551,7554,7557,7560,7563,7566,7569,7572,7575,7578\" srcset=\"https:\/\/www.ferienzentrum-heidenau.de\/wp-content\/uploads\/Ferienzentrum-Camping-Urlaub-Wohnmobil-Ferien-Wohnwagen-Zelt-A1-Heidenau-Jubilaeum-50-Jahre-014.jpg 2000w, https:\/\/www.ferienzentrum-heidenau.de\/wp-content\/uploads\/Ferienzentrum-Camping-Urlaub-Wohnmobil-Ferien-Wohnwagen-Zelt-A1-Heidenau-Jubilaeum-50-Jahre-014-300x225.jpg 300w, https:\/\/www.ferienzentrum-heidenau.de\/wp-content\/uploads\/Ferienzentrum-Camping-Urlaub-Wohnmobil-Ferien-Wohnwagen-Zelt-A1-Heidenau-Jubilaeum-50-Jahre-014-768x576.jpg 768w, https:\/\/www.ferienzentrum-heidenau.de\/wp-content\/uploads\/Ferienzentrum-Camping-Urlaub-Wohnmobil-Ferien-Wohnwagen-Zelt-A1-Heidenau-Jubilaeum-50-Jahre-014-1536x1152.jpg 1536w, https:\/\/www.ferienzentrum-heidenau.de\/wp-content\/uploads\/Ferienzentrum-Camping-Urlaub-Wohnmobil-Ferien-Wohnwagen-Zelt-A1-Heidenau-Jubilaeum-50-Jahre-014-249x187.jpg 249w, https:\/\/www.ferienzentrum-heidenau.de\/wp-content\/uploads\/Ferienzentrum-Camping-Urlaub-Wohnmobil-Ferien-Wohnwagen-Zelt-A1-Heidenau-Jubilaeum-50-Jahre-014-1170x878.jpg 1170w\" sizes=\"auto, (max-width: 2000px) 100vw, 2000px\" \/><span class=\"gallery_caption\"><\/span><\/a><\/div><div class=\"col-sm-6 col-md-4 col-lg-4\"><a href=\"https:\/\/www.ferienzentrum-heidenau.de\/wp-content\/uploads\/Ferienzentrum-Camping-Urlaub-Wohnmobil-Ferien-Wohnwagen-Zelt-A1-Heidenau-Jubilaeum-50-Jahre-015.jpg\" title=\"\" class=\"hoverBorder\"><img loading=\"lazy\" decoding=\"async\" width=\"2000\" height=\"1500\" src=\"https:\/\/www.ferienzentrum-heidenau.de\/wp-content\/uploads\/Ferienzentrum-Camping-Urlaub-Wohnmobil-Ferien-Wohnwagen-Zelt-A1-Heidenau-Jubilaeum-50-Jahre-015.jpg\" class=\"attachment-full size-full\" alt=\"\" link=\"file\" size=\"full\" ids=\"7401,7404,7407,7410,7413,7416,7419,7422,7425,7428,7431,7434,7437,7440,7443,7446,7449,7452,7455,7458,7461,7464,7467,7470,7473,7476,7479,7482,7485,7488,7491,7494,7497,7500,7503,7506,7509,7512,7515,7518,7521,7524,7527,7530,7533,7536,7539,7542,7545,7548,7551,7554,7557,7560,7563,7566,7569,7572,7575,7578\" orderby=\"post__in\" include=\"7401,7404,7407,7410,7413,7416,7419,7422,7425,7428,7431,7434,7437,7440,7443,7446,7449,7452,7455,7458,7461,7464,7467,7470,7473,7476,7479,7482,7485,7488,7491,7494,7497,7500,7503,7506,7509,7512,7515,7518,7521,7524,7527,7530,7533,7536,7539,7542,7545,7548,7551,7554,7557,7560,7563,7566,7569,7572,7575,7578\" srcset=\"https:\/\/www.ferienzentrum-heidenau.de\/wp-content\/uploads\/Ferienzentrum-Camping-Urlaub-Wohnmobil-Ferien-Wohnwagen-Zelt-A1-Heidenau-Jubilaeum-50-Jahre-015.jpg 2000w, https:\/\/www.ferienzentrum-heidenau.de\/wp-content\/uploads\/Ferienzentrum-Camping-Urlaub-Wohnmobil-Ferien-Wohnwagen-Zelt-A1-Heidenau-Jubilaeum-50-Jahre-015-300x225.jpg 300w, https:\/\/www.ferienzentrum-heidenau.de\/wp-content\/uploads\/Ferienzentrum-Camping-Urlaub-Wohnmobil-Ferien-Wohnwagen-Zelt-A1-Heidenau-Jubilaeum-50-Jahre-015-768x576.jpg 768w, https:\/\/www.ferienzentrum-heidenau.de\/wp-content\/uploads\/Ferienzentrum-Camping-Urlaub-Wohnmobil-Ferien-Wohnwagen-Zelt-A1-Heidenau-Jubilaeum-50-Jahre-015-1536x1152.jpg 1536w, https:\/\/www.ferienzentrum-heidenau.de\/wp-content\/uploads\/Ferienzentrum-Camping-Urlaub-Wohnmobil-Ferien-Wohnwagen-Zelt-A1-Heidenau-Jubilaeum-50-Jahre-015-249x187.jpg 249w, https:\/\/www.ferienzentrum-heidenau.de\/wp-content\/uploads\/Ferienzentrum-Camping-Urlaub-Wohnmobil-Ferien-Wohnwagen-Zelt-A1-Heidenau-Jubilaeum-50-Jahre-015-1170x878.jpg 1170w\" sizes=\"auto, (max-width: 2000px) 100vw, 2000px\" \/><span class=\"gallery_caption\"><\/span><\/a><\/div><\/div><div class=\"row zn_image_gallery \"><div class=\"col-sm-6 col-md-4 col-lg-4\"><a href=\"https:\/\/www.ferienzentrum-heidenau.de\/wp-content\/uploads\/Ferienzentrum-Camping-Urlaub-Wohnmobil-Ferien-Wohnwagen-Zelt-A1-Heidenau-Jubilaeum-50-Jahre-016.jpg\" title=\"\" class=\"hoverBorder\"><img loading=\"lazy\" decoding=\"async\" width=\"2000\" height=\"1500\" src=\"https:\/\/www.ferienzentrum-heidenau.de\/wp-content\/uploads\/Ferienzentrum-Camping-Urlaub-Wohnmobil-Ferien-Wohnwagen-Zelt-A1-Heidenau-Jubilaeum-50-Jahre-016.jpg\" class=\"attachment-full size-full\" alt=\"\" link=\"file\" size=\"full\" ids=\"7401,7404,7407,7410,7413,7416,7419,7422,7425,7428,7431,7434,7437,7440,7443,7446,7449,7452,7455,7458,7461,7464,7467,7470,7473,7476,7479,7482,7485,7488,7491,7494,7497,7500,7503,7506,7509,7512,7515,7518,7521,7524,7527,7530,7533,7536,7539,7542,7545,7548,7551,7554,7557,7560,7563,7566,7569,7572,7575,7578\" orderby=\"post__in\" include=\"7401,7404,7407,7410,7413,7416,7419,7422,7425,7428,7431,7434,7437,7440,7443,7446,7449,7452,7455,7458,7461,7464,7467,7470,7473,7476,7479,7482,7485,7488,7491,7494,7497,7500,7503,7506,7509,7512,7515,7518,7521,7524,7527,7530,7533,7536,7539,7542,7545,7548,7551,7554,7557,7560,7563,7566,7569,7572,7575,7578\" srcset=\"https:\/\/www.ferienzentrum-heidenau.de\/wp-content\/uploads\/Ferienzentrum-Camping-Urlaub-Wohnmobil-Ferien-Wohnwagen-Zelt-A1-Heidenau-Jubilaeum-50-Jahre-016.jpg 2000w, https:\/\/www.ferienzentrum-heidenau.de\/wp-content\/uploads\/Ferienzentrum-Camping-Urlaub-Wohnmobil-Ferien-Wohnwagen-Zelt-A1-Heidenau-Jubilaeum-50-Jahre-016-300x225.jpg 300w, https:\/\/www.ferienzentrum-heidenau.de\/wp-content\/uploads\/Ferienzentrum-Camping-Urlaub-Wohnmobil-Ferien-Wohnwagen-Zelt-A1-Heidenau-Jubilaeum-50-Jahre-016-768x576.jpg 768w, https:\/\/www.ferienzentrum-heidenau.de\/wp-content\/uploads\/Ferienzentrum-Camping-Urlaub-Wohnmobil-Ferien-Wohnwagen-Zelt-A1-Heidenau-Jubilaeum-50-Jahre-016-1536x1152.jpg 1536w, https:\/\/www.ferienzentrum-heidenau.de\/wp-content\/uploads\/Ferienzentrum-Camping-Urlaub-Wohnmobil-Ferien-Wohnwagen-Zelt-A1-Heidenau-Jubilaeum-50-Jahre-016-249x187.jpg 249w, https:\/\/www.ferienzentrum-heidenau.de\/wp-content\/uploads\/Ferienzentrum-Camping-Urlaub-Wohnmobil-Ferien-Wohnwagen-Zelt-A1-Heidenau-Jubilaeum-50-Jahre-016-1170x878.jpg 1170w\" sizes=\"auto, (max-width: 2000px) 100vw, 2000px\" \/><span class=\"gallery_caption\"><\/span><\/a><\/div><div class=\"col-sm-6 col-md-4 col-lg-4\"><a href=\"https:\/\/www.ferienzentrum-heidenau.de\/wp-content\/uploads\/Ferienzentrum-Camping-Urlaub-Wohnmobil-Ferien-Wohnwagen-Zelt-A1-Heidenau-Jubilaeum-50-Jahre-017.jpg\" title=\"\" class=\"hoverBorder\"><img loading=\"lazy\" decoding=\"async\" width=\"2000\" height=\"1500\" src=\"https:\/\/www.ferienzentrum-heidenau.de\/wp-content\/uploads\/Ferienzentrum-Camping-Urlaub-Wohnmobil-Ferien-Wohnwagen-Zelt-A1-Heidenau-Jubilaeum-50-Jahre-017.jpg\" class=\"attachment-full size-full\" alt=\"\" link=\"file\" size=\"full\" ids=\"7401,7404,7407,7410,7413,7416,7419,7422,7425,7428,7431,7434,7437,7440,7443,7446,7449,7452,7455,7458,7461,7464,7467,7470,7473,7476,7479,7482,7485,7488,7491,7494,7497,7500,7503,7506,7509,7512,7515,7518,7521,7524,7527,7530,7533,7536,7539,7542,7545,7548,7551,7554,7557,7560,7563,7566,7569,7572,7575,7578\" orderby=\"post__in\" include=\"7401,7404,7407,7410,7413,7416,7419,7422,7425,7428,7431,7434,7437,7440,7443,7446,7449,7452,7455,7458,7461,7464,7467,7470,7473,7476,7479,7482,7485,7488,7491,7494,7497,7500,7503,7506,7509,7512,7515,7518,7521,7524,7527,7530,7533,7536,7539,7542,7545,7548,7551,7554,7557,7560,7563,7566,7569,7572,7575,7578\" srcset=\"https:\/\/www.ferienzentrum-heidenau.de\/wp-content\/uploads\/Ferienzentrum-Camping-Urlaub-Wohnmobil-Ferien-Wohnwagen-Zelt-A1-Heidenau-Jubilaeum-50-Jahre-017.jpg 2000w, https:\/\/www.ferienzentrum-heidenau.de\/wp-content\/uploads\/Ferienzentrum-Camping-Urlaub-Wohnmobil-Ferien-Wohnwagen-Zelt-A1-Heidenau-Jubilaeum-50-Jahre-017-300x225.jpg 300w, https:\/\/www.ferienzentrum-heidenau.de\/wp-content\/uploads\/Ferienzentrum-Camping-Urlaub-Wohnmobil-Ferien-Wohnwagen-Zelt-A1-Heidenau-Jubilaeum-50-Jahre-017-768x576.jpg 768w, https:\/\/www.ferienzentrum-heidenau.de\/wp-content\/uploads\/Ferienzentrum-Camping-Urlaub-Wohnmobil-Ferien-Wohnwagen-Zelt-A1-Heidenau-Jubilaeum-50-Jahre-017-1536x1152.jpg 1536w, https:\/\/www.ferienzentrum-heidenau.de\/wp-content\/uploads\/Ferienzentrum-Camping-Urlaub-Wohnmobil-Ferien-Wohnwagen-Zelt-A1-Heidenau-Jubilaeum-50-Jahre-017-249x187.jpg 249w, https:\/\/www.ferienzentrum-heidenau.de\/wp-content\/uploads\/Ferienzentrum-Camping-Urlaub-Wohnmobil-Ferien-Wohnwagen-Zelt-A1-Heidenau-Jubilaeum-50-Jahre-017-1170x878.jpg 1170w\" sizes=\"auto, (max-width: 2000px) 100vw, 2000px\" \/><span class=\"gallery_caption\"><\/span><\/a><\/div><div class=\"col-sm-6 col-md-4 col-lg-4\"><a href=\"https:\/\/www.ferienzentrum-heidenau.de\/wp-content\/uploads\/Ferienzentrum-Camping-Urlaub-Wohnmobil-Ferien-Wohnwagen-Zelt-A1-Heidenau-Jubilaeum-50-Jahre-018.jpg\" title=\"\" class=\"hoverBorder\"><img loading=\"lazy\" decoding=\"async\" width=\"2000\" height=\"1500\" src=\"https:\/\/www.ferienzentrum-heidenau.de\/wp-content\/uploads\/Ferienzentrum-Camping-Urlaub-Wohnmobil-Ferien-Wohnwagen-Zelt-A1-Heidenau-Jubilaeum-50-Jahre-018.jpg\" class=\"attachment-full size-full\" alt=\"\" link=\"file\" size=\"full\" ids=\"7401,7404,7407,7410,7413,7416,7419,7422,7425,7428,7431,7434,7437,7440,7443,7446,7449,7452,7455,7458,7461,7464,7467,7470,7473,7476,7479,7482,7485,7488,7491,7494,7497,7500,7503,7506,7509,7512,7515,7518,7521,7524,7527,7530,7533,7536,7539,7542,7545,7548,7551,7554,7557,7560,7563,7566,7569,7572,7575,7578\" orderby=\"post__in\" include=\"7401,7404,7407,7410,7413,7416,7419,7422,7425,7428,7431,7434,7437,7440,7443,7446,7449,7452,7455,7458,7461,7464,7467,7470,7473,7476,7479,7482,7485,7488,7491,7494,7497,7500,7503,7506,7509,7512,7515,7518,7521,7524,7527,7530,7533,7536,7539,7542,7545,7548,7551,7554,7557,7560,7563,7566,7569,7572,7575,7578\" srcset=\"https:\/\/www.ferienzentrum-heidenau.de\/wp-content\/uploads\/Ferienzentrum-Camping-Urlaub-Wohnmobil-Ferien-Wohnwagen-Zelt-A1-Heidenau-Jubilaeum-50-Jahre-018.jpg 2000w, https:\/\/www.ferienzentrum-heidenau.de\/wp-content\/uploads\/Ferienzentrum-Camping-Urlaub-Wohnmobil-Ferien-Wohnwagen-Zelt-A1-Heidenau-Jubilaeum-50-Jahre-018-300x225.jpg 300w, https:\/\/www.ferienzentrum-heidenau.de\/wp-content\/uploads\/Ferienzentrum-Camping-Urlaub-Wohnmobil-Ferien-Wohnwagen-Zelt-A1-Heidenau-Jubilaeum-50-Jahre-018-768x576.jpg 768w, https:\/\/www.ferienzentrum-heidenau.de\/wp-content\/uploads\/Ferienzentrum-Camping-Urlaub-Wohnmobil-Ferien-Wohnwagen-Zelt-A1-Heidenau-Jubilaeum-50-Jahre-018-1536x1152.jpg 1536w, https:\/\/www.ferienzentrum-heidenau.de\/wp-content\/uploads\/Ferienzentrum-Camping-Urlaub-Wohnmobil-Ferien-Wohnwagen-Zelt-A1-Heidenau-Jubilaeum-50-Jahre-018-249x187.jpg 249w, https:\/\/www.ferienzentrum-heidenau.de\/wp-content\/uploads\/Ferienzentrum-Camping-Urlaub-Wohnmobil-Ferien-Wohnwagen-Zelt-A1-Heidenau-Jubilaeum-50-Jahre-018-1170x878.jpg 1170w\" sizes=\"auto, (max-width: 2000px) 100vw, 2000px\" \/><span class=\"gallery_caption\"><\/span><\/a><\/div><\/div><div class=\"row zn_image_gallery \"><div class=\"col-sm-6 col-md-4 col-lg-4\"><a href=\"https:\/\/www.ferienzentrum-heidenau.de\/wp-content\/uploads\/Ferienzentrum-Camping-Urlaub-Wohnmobil-Ferien-Wohnwagen-Zelt-A1-Heidenau-Jubilaeum-50-Jahre-019.jpg\" title=\"\" class=\"hoverBorder\"><img loading=\"lazy\" decoding=\"async\" width=\"2000\" height=\"1500\" src=\"https:\/\/www.ferienzentrum-heidenau.de\/wp-content\/uploads\/Ferienzentrum-Camping-Urlaub-Wohnmobil-Ferien-Wohnwagen-Zelt-A1-Heidenau-Jubilaeum-50-Jahre-019.jpg\" class=\"attachment-full size-full\" alt=\"\" link=\"file\" size=\"full\" ids=\"7401,7404,7407,7410,7413,7416,7419,7422,7425,7428,7431,7434,7437,7440,7443,7446,7449,7452,7455,7458,7461,7464,7467,7470,7473,7476,7479,7482,7485,7488,7491,7494,7497,7500,7503,7506,7509,7512,7515,7518,7521,7524,7527,7530,7533,7536,7539,7542,7545,7548,7551,7554,7557,7560,7563,7566,7569,7572,7575,7578\" orderby=\"post__in\" include=\"7401,7404,7407,7410,7413,7416,7419,7422,7425,7428,7431,7434,7437,7440,7443,7446,7449,7452,7455,7458,7461,7464,7467,7470,7473,7476,7479,7482,7485,7488,7491,7494,7497,7500,7503,7506,7509,7512,7515,7518,7521,7524,7527,7530,7533,7536,7539,7542,7545,7548,7551,7554,7557,7560,7563,7566,7569,7572,7575,7578\" srcset=\"https:\/\/www.ferienzentrum-heidenau.de\/wp-content\/uploads\/Ferienzentrum-Camping-Urlaub-Wohnmobil-Ferien-Wohnwagen-Zelt-A1-Heidenau-Jubilaeum-50-Jahre-019.jpg 2000w, https:\/\/www.ferienzentrum-heidenau.de\/wp-content\/uploads\/Ferienzentrum-Camping-Urlaub-Wohnmobil-Ferien-Wohnwagen-Zelt-A1-Heidenau-Jubilaeum-50-Jahre-019-300x225.jpg 300w, https:\/\/www.ferienzentrum-heidenau.de\/wp-content\/uploads\/Ferienzentrum-Camping-Urlaub-Wohnmobil-Ferien-Wohnwagen-Zelt-A1-Heidenau-Jubilaeum-50-Jahre-019-768x576.jpg 768w, https:\/\/www.ferienzentrum-heidenau.de\/wp-content\/uploads\/Ferienzentrum-Camping-Urlaub-Wohnmobil-Ferien-Wohnwagen-Zelt-A1-Heidenau-Jubilaeum-50-Jahre-019-1536x1152.jpg 1536w, https:\/\/www.ferienzentrum-heidenau.de\/wp-content\/uploads\/Ferienzentrum-Camping-Urlaub-Wohnmobil-Ferien-Wohnwagen-Zelt-A1-Heidenau-Jubilaeum-50-Jahre-019-249x187.jpg 249w, https:\/\/www.ferienzentrum-heidenau.de\/wp-content\/uploads\/Ferienzentrum-Camping-Urlaub-Wohnmobil-Ferien-Wohnwagen-Zelt-A1-Heidenau-Jubilaeum-50-Jahre-019-1170x878.jpg 1170w\" sizes=\"auto, (max-width: 2000px) 100vw, 2000px\" \/><span class=\"gallery_caption\"><\/span><\/a><\/div><div class=\"col-sm-6 col-md-4 col-lg-4\"><a href=\"https:\/\/www.ferienzentrum-heidenau.de\/wp-content\/uploads\/Ferienzentrum-Camping-Urlaub-Wohnmobil-Ferien-Wohnwagen-Zelt-A1-Heidenau-Jubilaeum-50-Jahre-020.jpg\" title=\"\" class=\"hoverBorder\"><img loading=\"lazy\" decoding=\"async\" width=\"2000\" height=\"1500\" src=\"https:\/\/www.ferienzentrum-heidenau.de\/wp-content\/uploads\/Ferienzentrum-Camping-Urlaub-Wohnmobil-Ferien-Wohnwagen-Zelt-A1-Heidenau-Jubilaeum-50-Jahre-020.jpg\" class=\"attachment-full size-full\" alt=\"\" link=\"file\" size=\"full\" ids=\"7401,7404,7407,7410,7413,7416,7419,7422,7425,7428,7431,7434,7437,7440,7443,7446,7449,7452,7455,7458,7461,7464,7467,7470,7473,7476,7479,7482,7485,7488,7491,7494,7497,7500,7503,7506,7509,7512,7515,7518,7521,7524,7527,7530,7533,7536,7539,7542,7545,7548,7551,7554,7557,7560,7563,7566,7569,7572,7575,7578\" orderby=\"post__in\" include=\"7401,7404,7407,7410,7413,7416,7419,7422,7425,7428,7431,7434,7437,7440,7443,7446,7449,7452,7455,7458,7461,7464,7467,7470,7473,7476,7479,7482,7485,7488,7491,7494,7497,7500,7503,7506,7509,7512,7515,7518,7521,7524,7527,7530,7533,7536,7539,7542,7545,7548,7551,7554,7557,7560,7563,7566,7569,7572,7575,7578\" srcset=\"https:\/\/www.ferienzentrum-heidenau.de\/wp-content\/uploads\/Ferienzentrum-Camping-Urlaub-Wohnmobil-Ferien-Wohnwagen-Zelt-A1-Heidenau-Jubilaeum-50-Jahre-020.jpg 2000w, https:\/\/www.ferienzentrum-heidenau.de\/wp-content\/uploads\/Ferienzentrum-Camping-Urlaub-Wohnmobil-Ferien-Wohnwagen-Zelt-A1-Heidenau-Jubilaeum-50-Jahre-020-300x225.jpg 300w, https:\/\/www.ferienzentrum-heidenau.de\/wp-content\/uploads\/Ferienzentrum-Camping-Urlaub-Wohnmobil-Ferien-Wohnwagen-Zelt-A1-Heidenau-Jubilaeum-50-Jahre-020-768x576.jpg 768w, https:\/\/www.ferienzentrum-heidenau.de\/wp-content\/uploads\/Ferienzentrum-Camping-Urlaub-Wohnmobil-Ferien-Wohnwagen-Zelt-A1-Heidenau-Jubilaeum-50-Jahre-020-1536x1152.jpg 1536w, https:\/\/www.ferienzentrum-heidenau.de\/wp-content\/uploads\/Ferienzentrum-Camping-Urlaub-Wohnmobil-Ferien-Wohnwagen-Zelt-A1-Heidenau-Jubilaeum-50-Jahre-020-249x187.jpg 249w, https:\/\/www.ferienzentrum-heidenau.de\/wp-content\/uploads\/Ferienzentrum-Camping-Urlaub-Wohnmobil-Ferien-Wohnwagen-Zelt-A1-Heidenau-Jubilaeum-50-Jahre-020-1170x878.jpg 1170w\" sizes=\"auto, (max-width: 2000px) 100vw, 2000px\" \/><span class=\"gallery_caption\"><\/span><\/a><\/div><div class=\"col-sm-6 col-md-4 col-lg-4\"><a href=\"https:\/\/www.ferienzentrum-heidenau.de\/wp-content\/uploads\/Ferienzentrum-Camping-Urlaub-Wohnmobil-Ferien-Wohnwagen-Zelt-A1-Heidenau-Jubilaeum-50-Jahre-021.jpg\" title=\"\" class=\"hoverBorder\"><img loading=\"lazy\" decoding=\"async\" width=\"2000\" height=\"1500\" src=\"https:\/\/www.ferienzentrum-heidenau.de\/wp-content\/uploads\/Ferienzentrum-Camping-Urlaub-Wohnmobil-Ferien-Wohnwagen-Zelt-A1-Heidenau-Jubilaeum-50-Jahre-021.jpg\" class=\"attachment-full size-full\" alt=\"\" link=\"file\" size=\"full\" ids=\"7401,7404,7407,7410,7413,7416,7419,7422,7425,7428,7431,7434,7437,7440,7443,7446,7449,7452,7455,7458,7461,7464,7467,7470,7473,7476,7479,7482,7485,7488,7491,7494,7497,7500,7503,7506,7509,7512,7515,7518,7521,7524,7527,7530,7533,7536,7539,7542,7545,7548,7551,7554,7557,7560,7563,7566,7569,7572,7575,7578\" orderby=\"post__in\" include=\"7401,7404,7407,7410,7413,7416,7419,7422,7425,7428,7431,7434,7437,7440,7443,7446,7449,7452,7455,7458,7461,7464,7467,7470,7473,7476,7479,7482,7485,7488,7491,7494,7497,7500,7503,7506,7509,7512,7515,7518,7521,7524,7527,7530,7533,7536,7539,7542,7545,7548,7551,7554,7557,7560,7563,7566,7569,7572,7575,7578\" srcset=\"https:\/\/www.ferienzentrum-heidenau.de\/wp-content\/uploads\/Ferienzentrum-Camping-Urlaub-Wohnmobil-Ferien-Wohnwagen-Zelt-A1-Heidenau-Jubilaeum-50-Jahre-021.jpg 2000w, https:\/\/www.ferienzentrum-heidenau.de\/wp-content\/uploads\/Ferienzentrum-Camping-Urlaub-Wohnmobil-Ferien-Wohnwagen-Zelt-A1-Heidenau-Jubilaeum-50-Jahre-021-300x225.jpg 300w, https:\/\/www.ferienzentrum-heidenau.de\/wp-content\/uploads\/Ferienzentrum-Camping-Urlaub-Wohnmobil-Ferien-Wohnwagen-Zelt-A1-Heidenau-Jubilaeum-50-Jahre-021-768x576.jpg 768w, https:\/\/www.ferienzentrum-heidenau.de\/wp-content\/uploads\/Ferienzentrum-Camping-Urlaub-Wohnmobil-Ferien-Wohnwagen-Zelt-A1-Heidenau-Jubilaeum-50-Jahre-021-1536x1152.jpg 1536w, https:\/\/www.ferienzentrum-heidenau.de\/wp-content\/uploads\/Ferienzentrum-Camping-Urlaub-Wohnmobil-Ferien-Wohnwagen-Zelt-A1-Heidenau-Jubilaeum-50-Jahre-021-249x187.jpg 249w, https:\/\/www.ferienzentrum-heidenau.de\/wp-content\/uploads\/Ferienzentrum-Camping-Urlaub-Wohnmobil-Ferien-Wohnwagen-Zelt-A1-Heidenau-Jubilaeum-50-Jahre-021-1170x878.jpg 1170w\" sizes=\"auto, (max-width: 2000px) 100vw, 2000px\" \/><span class=\"gallery_caption\"><\/span><\/a><\/div><\/div><div class=\"row zn_image_gallery \"><div class=\"col-sm-6 col-md-4 col-lg-4\"><a href=\"https:\/\/www.ferienzentrum-heidenau.de\/wp-content\/uploads\/Ferienzentrum-Camping-Urlaub-Wohnmobil-Ferien-Wohnwagen-Zelt-A1-Heidenau-Jubilaeum-50-Jahre-022.jpg\" title=\"\" class=\"hoverBorder\"><img loading=\"lazy\" decoding=\"async\" width=\"2000\" height=\"1500\" src=\"https:\/\/www.ferienzentrum-heidenau.de\/wp-content\/uploads\/Ferienzentrum-Camping-Urlaub-Wohnmobil-Ferien-Wohnwagen-Zelt-A1-Heidenau-Jubilaeum-50-Jahre-022.jpg\" class=\"attachment-full size-full\" alt=\"\" link=\"file\" size=\"full\" ids=\"7401,7404,7407,7410,7413,7416,7419,7422,7425,7428,7431,7434,7437,7440,7443,7446,7449,7452,7455,7458,7461,7464,7467,7470,7473,7476,7479,7482,7485,7488,7491,7494,7497,7500,7503,7506,7509,7512,7515,7518,7521,7524,7527,7530,7533,7536,7539,7542,7545,7548,7551,7554,7557,7560,7563,7566,7569,7572,7575,7578\" orderby=\"post__in\" include=\"7401,7404,7407,7410,7413,7416,7419,7422,7425,7428,7431,7434,7437,7440,7443,7446,7449,7452,7455,7458,7461,7464,7467,7470,7473,7476,7479,7482,7485,7488,7491,7494,7497,7500,7503,7506,7509,7512,7515,7518,7521,7524,7527,7530,7533,7536,7539,7542,7545,7548,7551,7554,7557,7560,7563,7566,7569,7572,7575,7578\" srcset=\"https:\/\/www.ferienzentrum-heidenau.de\/wp-content\/uploads\/Ferienzentrum-Camping-Urlaub-Wohnmobil-Ferien-Wohnwagen-Zelt-A1-Heidenau-Jubilaeum-50-Jahre-022.jpg 2000w, https:\/\/www.ferienzentrum-heidenau.de\/wp-content\/uploads\/Ferienzentrum-Camping-Urlaub-Wohnmobil-Ferien-Wohnwagen-Zelt-A1-Heidenau-Jubilaeum-50-Jahre-022-300x225.jpg 300w, https:\/\/www.ferienzentrum-heidenau.de\/wp-content\/uploads\/Ferienzentrum-Camping-Urlaub-Wohnmobil-Ferien-Wohnwagen-Zelt-A1-Heidenau-Jubilaeum-50-Jahre-022-768x576.jpg 768w, https:\/\/www.ferienzentrum-heidenau.de\/wp-content\/uploads\/Ferienzentrum-Camping-Urlaub-Wohnmobil-Ferien-Wohnwagen-Zelt-A1-Heidenau-Jubilaeum-50-Jahre-022-1536x1152.jpg 1536w, https:\/\/www.ferienzentrum-heidenau.de\/wp-content\/uploads\/Ferienzentrum-Camping-Urlaub-Wohnmobil-Ferien-Wohnwagen-Zelt-A1-Heidenau-Jubilaeum-50-Jahre-022-249x187.jpg 249w, https:\/\/www.ferienzentrum-heidenau.de\/wp-content\/uploads\/Ferienzentrum-Camping-Urlaub-Wohnmobil-Ferien-Wohnwagen-Zelt-A1-Heidenau-Jubilaeum-50-Jahre-022-1170x878.jpg 1170w\" sizes=\"auto, (max-width: 2000px) 100vw, 2000px\" \/><span class=\"gallery_caption\"><\/span><\/a><\/div><div class=\"col-sm-6 col-md-4 col-lg-4\"><a href=\"https:\/\/www.ferienzentrum-heidenau.de\/wp-content\/uploads\/Ferienzentrum-Camping-Urlaub-Wohnmobil-Ferien-Wohnwagen-Zelt-A1-Heidenau-Jubilaeum-50-Jahre-023.jpg\" title=\"\" class=\"hoverBorder\"><img loading=\"lazy\" decoding=\"async\" width=\"2000\" height=\"1500\" src=\"https:\/\/www.ferienzentrum-heidenau.de\/wp-content\/uploads\/Ferienzentrum-Camping-Urlaub-Wohnmobil-Ferien-Wohnwagen-Zelt-A1-Heidenau-Jubilaeum-50-Jahre-023.jpg\" class=\"attachment-full size-full\" alt=\"\" link=\"file\" size=\"full\" ids=\"7401,7404,7407,7410,7413,7416,7419,7422,7425,7428,7431,7434,7437,7440,7443,7446,7449,7452,7455,7458,7461,7464,7467,7470,7473,7476,7479,7482,7485,7488,7491,7494,7497,7500,7503,7506,7509,7512,7515,7518,7521,7524,7527,7530,7533,7536,7539,7542,7545,7548,7551,7554,7557,7560,7563,7566,7569,7572,7575,7578\" orderby=\"post__in\" include=\"7401,7404,7407,7410,7413,7416,7419,7422,7425,7428,7431,7434,7437,7440,7443,7446,7449,7452,7455,7458,7461,7464,7467,7470,7473,7476,7479,7482,7485,7488,7491,7494,7497,7500,7503,7506,7509,7512,7515,7518,7521,7524,7527,7530,7533,7536,7539,7542,7545,7548,7551,7554,7557,7560,7563,7566,7569,7572,7575,7578\" srcset=\"https:\/\/www.ferienzentrum-heidenau.de\/wp-content\/uploads\/Ferienzentrum-Camping-Urlaub-Wohnmobil-Ferien-Wohnwagen-Zelt-A1-Heidenau-Jubilaeum-50-Jahre-023.jpg 2000w, https:\/\/www.ferienzentrum-heidenau.de\/wp-content\/uploads\/Ferienzentrum-Camping-Urlaub-Wohnmobil-Ferien-Wohnwagen-Zelt-A1-Heidenau-Jubilaeum-50-Jahre-023-300x225.jpg 300w, https:\/\/www.ferienzentrum-heidenau.de\/wp-content\/uploads\/Ferienzentrum-Camping-Urlaub-Wohnmobil-Ferien-Wohnwagen-Zelt-A1-Heidenau-Jubilaeum-50-Jahre-023-768x576.jpg 768w, https:\/\/www.ferienzentrum-heidenau.de\/wp-content\/uploads\/Ferienzentrum-Camping-Urlaub-Wohnmobil-Ferien-Wohnwagen-Zelt-A1-Heidenau-Jubilaeum-50-Jahre-023-1536x1152.jpg 1536w, https:\/\/www.ferienzentrum-heidenau.de\/wp-content\/uploads\/Ferienzentrum-Camping-Urlaub-Wohnmobil-Ferien-Wohnwagen-Zelt-A1-Heidenau-Jubilaeum-50-Jahre-023-249x187.jpg 249w, https:\/\/www.ferienzentrum-heidenau.de\/wp-content\/uploads\/Ferienzentrum-Camping-Urlaub-Wohnmobil-Ferien-Wohnwagen-Zelt-A1-Heidenau-Jubilaeum-50-Jahre-023-1170x878.jpg 1170w\" sizes=\"auto, (max-width: 2000px) 100vw, 2000px\" \/><span class=\"gallery_caption\"><\/span><\/a><\/div><div class=\"col-sm-6 col-md-4 col-lg-4\"><a href=\"https:\/\/www.ferienzentrum-heidenau.de\/wp-content\/uploads\/Ferienzentrum-Camping-Urlaub-Wohnmobil-Ferien-Wohnwagen-Zelt-A1-Heidenau-Jubilaeum-50-Jahre-024.jpg\" title=\"\" class=\"hoverBorder\"><img loading=\"lazy\" decoding=\"async\" width=\"2000\" height=\"1500\" src=\"https:\/\/www.ferienzentrum-heidenau.de\/wp-content\/uploads\/Ferienzentrum-Camping-Urlaub-Wohnmobil-Ferien-Wohnwagen-Zelt-A1-Heidenau-Jubilaeum-50-Jahre-024.jpg\" class=\"attachment-full size-full\" alt=\"\" link=\"file\" size=\"full\" ids=\"7401,7404,7407,7410,7413,7416,7419,7422,7425,7428,7431,7434,7437,7440,7443,7446,7449,7452,7455,7458,7461,7464,7467,7470,7473,7476,7479,7482,7485,7488,7491,7494,7497,7500,7503,7506,7509,7512,7515,7518,7521,7524,7527,7530,7533,7536,7539,7542,7545,7548,7551,7554,7557,7560,7563,7566,7569,7572,7575,7578\" orderby=\"post__in\" include=\"7401,7404,7407,7410,7413,7416,7419,7422,7425,7428,7431,7434,7437,7440,7443,7446,7449,7452,7455,7458,7461,7464,7467,7470,7473,7476,7479,7482,7485,7488,7491,7494,7497,7500,7503,7506,7509,7512,7515,7518,7521,7524,7527,7530,7533,7536,7539,7542,7545,7548,7551,7554,7557,7560,7563,7566,7569,7572,7575,7578\" srcset=\"https:\/\/www.ferienzentrum-heidenau.de\/wp-content\/uploads\/Ferienzentrum-Camping-Urlaub-Wohnmobil-Ferien-Wohnwagen-Zelt-A1-Heidenau-Jubilaeum-50-Jahre-024.jpg 2000w, https:\/\/www.ferienzentrum-heidenau.de\/wp-content\/uploads\/Ferienzentrum-Camping-Urlaub-Wohnmobil-Ferien-Wohnwagen-Zelt-A1-Heidenau-Jubilaeum-50-Jahre-024-300x225.jpg 300w, https:\/\/www.ferienzentrum-heidenau.de\/wp-content\/uploads\/Ferienzentrum-Camping-Urlaub-Wohnmobil-Ferien-Wohnwagen-Zelt-A1-Heidenau-Jubilaeum-50-Jahre-024-768x576.jpg 768w, https:\/\/www.ferienzentrum-heidenau.de\/wp-content\/uploads\/Ferienzentrum-Camping-Urlaub-Wohnmobil-Ferien-Wohnwagen-Zelt-A1-Heidenau-Jubilaeum-50-Jahre-024-1536x1152.jpg 1536w, https:\/\/www.ferienzentrum-heidenau.de\/wp-content\/uploads\/Ferienzentrum-Camping-Urlaub-Wohnmobil-Ferien-Wohnwagen-Zelt-A1-Heidenau-Jubilaeum-50-Jahre-024-249x187.jpg 249w, https:\/\/www.ferienzentrum-heidenau.de\/wp-content\/uploads\/Ferienzentrum-Camping-Urlaub-Wohnmobil-Ferien-Wohnwagen-Zelt-A1-Heidenau-Jubilaeum-50-Jahre-024-1170x878.jpg 1170w\" sizes=\"auto, (max-width: 2000px) 100vw, 2000px\" \/><span class=\"gallery_caption\"><\/span><\/a><\/div><\/div><div class=\"row zn_image_gallery \"><div class=\"col-sm-6 col-md-4 col-lg-4\"><a href=\"https:\/\/www.ferienzentrum-heidenau.de\/wp-content\/uploads\/Ferienzentrum-Camping-Urlaub-Wohnmobil-Ferien-Wohnwagen-Zelt-A1-Heidenau-Jubilaeum-50-Jahre-025.jpg\" title=\"\" class=\"hoverBorder\"><img loading=\"lazy\" decoding=\"async\" width=\"2000\" height=\"1500\" src=\"https:\/\/www.ferienzentrum-heidenau.de\/wp-content\/uploads\/Ferienzentrum-Camping-Urlaub-Wohnmobil-Ferien-Wohnwagen-Zelt-A1-Heidenau-Jubilaeum-50-Jahre-025.jpg\" class=\"attachment-full size-full\" alt=\"\" link=\"file\" size=\"full\" ids=\"7401,7404,7407,7410,7413,7416,7419,7422,7425,7428,7431,7434,7437,7440,7443,7446,7449,7452,7455,7458,7461,7464,7467,7470,7473,7476,7479,7482,7485,7488,7491,7494,7497,7500,7503,7506,7509,7512,7515,7518,7521,7524,7527,7530,7533,7536,7539,7542,7545,7548,7551,7554,7557,7560,7563,7566,7569,7572,7575,7578\" orderby=\"post__in\" include=\"7401,7404,7407,7410,7413,7416,7419,7422,7425,7428,7431,7434,7437,7440,7443,7446,7449,7452,7455,7458,7461,7464,7467,7470,7473,7476,7479,7482,7485,7488,7491,7494,7497,7500,7503,7506,7509,7512,7515,7518,7521,7524,7527,7530,7533,7536,7539,7542,7545,7548,7551,7554,7557,7560,7563,7566,7569,7572,7575,7578\" srcset=\"https:\/\/www.ferienzentrum-heidenau.de\/wp-content\/uploads\/Ferienzentrum-Camping-Urlaub-Wohnmobil-Ferien-Wohnwagen-Zelt-A1-Heidenau-Jubilaeum-50-Jahre-025.jpg 2000w, https:\/\/www.ferienzentrum-heidenau.de\/wp-content\/uploads\/Ferienzentrum-Camping-Urlaub-Wohnmobil-Ferien-Wohnwagen-Zelt-A1-Heidenau-Jubilaeum-50-Jahre-025-300x225.jpg 300w, https:\/\/www.ferienzentrum-heidenau.de\/wp-content\/uploads\/Ferienzentrum-Camping-Urlaub-Wohnmobil-Ferien-Wohnwagen-Zelt-A1-Heidenau-Jubilaeum-50-Jahre-025-768x576.jpg 768w, https:\/\/www.ferienzentrum-heidenau.de\/wp-content\/uploads\/Ferienzentrum-Camping-Urlaub-Wohnmobil-Ferien-Wohnwagen-Zelt-A1-Heidenau-Jubilaeum-50-Jahre-025-1536x1152.jpg 1536w, https:\/\/www.ferienzentrum-heidenau.de\/wp-content\/uploads\/Ferienzentrum-Camping-Urlaub-Wohnmobil-Ferien-Wohnwagen-Zelt-A1-Heidenau-Jubilaeum-50-Jahre-025-249x187.jpg 249w, https:\/\/www.ferienzentrum-heidenau.de\/wp-content\/uploads\/Ferienzentrum-Camping-Urlaub-Wohnmobil-Ferien-Wohnwagen-Zelt-A1-Heidenau-Jubilaeum-50-Jahre-025-1170x878.jpg 1170w\" sizes=\"auto, (max-width: 2000px) 100vw, 2000px\" \/><span class=\"gallery_caption\"><\/span><\/a><\/div><div class=\"col-sm-6 col-md-4 col-lg-4\"><a href=\"https:\/\/www.ferienzentrum-heidenau.de\/wp-content\/uploads\/Ferienzentrum-Camping-Urlaub-Wohnmobil-Ferien-Wohnwagen-Zelt-A1-Heidenau-Jubilaeum-50-Jahre-026.jpg\" title=\"\" class=\"hoverBorder\"><img loading=\"lazy\" decoding=\"async\" width=\"2000\" height=\"1500\" src=\"https:\/\/www.ferienzentrum-heidenau.de\/wp-content\/uploads\/Ferienzentrum-Camping-Urlaub-Wohnmobil-Ferien-Wohnwagen-Zelt-A1-Heidenau-Jubilaeum-50-Jahre-026.jpg\" class=\"attachment-full size-full\" alt=\"\" link=\"file\" size=\"full\" ids=\"7401,7404,7407,7410,7413,7416,7419,7422,7425,7428,7431,7434,7437,7440,7443,7446,7449,7452,7455,7458,7461,7464,7467,7470,7473,7476,7479,7482,7485,7488,7491,7494,7497,7500,7503,7506,7509,7512,7515,7518,7521,7524,7527,7530,7533,7536,7539,7542,7545,7548,7551,7554,7557,7560,7563,7566,7569,7572,7575,7578\" orderby=\"post__in\" include=\"7401,7404,7407,7410,7413,7416,7419,7422,7425,7428,7431,7434,7437,7440,7443,7446,7449,7452,7455,7458,7461,7464,7467,7470,7473,7476,7479,7482,7485,7488,7491,7494,7497,7500,7503,7506,7509,7512,7515,7518,7521,7524,7527,7530,7533,7536,7539,7542,7545,7548,7551,7554,7557,7560,7563,7566,7569,7572,7575,7578\" srcset=\"https:\/\/www.ferienzentrum-heidenau.de\/wp-content\/uploads\/Ferienzentrum-Camping-Urlaub-Wohnmobil-Ferien-Wohnwagen-Zelt-A1-Heidenau-Jubilaeum-50-Jahre-026.jpg 2000w, https:\/\/www.ferienzentrum-heidenau.de\/wp-content\/uploads\/Ferienzentrum-Camping-Urlaub-Wohnmobil-Ferien-Wohnwagen-Zelt-A1-Heidenau-Jubilaeum-50-Jahre-026-300x225.jpg 300w, https:\/\/www.ferienzentrum-heidenau.de\/wp-content\/uploads\/Ferienzentrum-Camping-Urlaub-Wohnmobil-Ferien-Wohnwagen-Zelt-A1-Heidenau-Jubilaeum-50-Jahre-026-768x576.jpg 768w, https:\/\/www.ferienzentrum-heidenau.de\/wp-content\/uploads\/Ferienzentrum-Camping-Urlaub-Wohnmobil-Ferien-Wohnwagen-Zelt-A1-Heidenau-Jubilaeum-50-Jahre-026-1536x1152.jpg 1536w, https:\/\/www.ferienzentrum-heidenau.de\/wp-content\/uploads\/Ferienzentrum-Camping-Urlaub-Wohnmobil-Ferien-Wohnwagen-Zelt-A1-Heidenau-Jubilaeum-50-Jahre-026-249x187.jpg 249w, https:\/\/www.ferienzentrum-heidenau.de\/wp-content\/uploads\/Ferienzentrum-Camping-Urlaub-Wohnmobil-Ferien-Wohnwagen-Zelt-A1-Heidenau-Jubilaeum-50-Jahre-026-1170x878.jpg 1170w\" sizes=\"auto, (max-width: 2000px) 100vw, 2000px\" \/><span class=\"gallery_caption\"><\/span><\/a><\/div><div class=\"col-sm-6 col-md-4 col-lg-4\"><a href=\"https:\/\/www.ferienzentrum-heidenau.de\/wp-content\/uploads\/Ferienzentrum-Camping-Urlaub-Wohnmobil-Ferien-Wohnwagen-Zelt-A1-Heidenau-Jubilaeum-50-Jahre-027.jpg\" title=\"\" class=\"hoverBorder\"><img loading=\"lazy\" decoding=\"async\" width=\"2000\" height=\"1500\" src=\"https:\/\/www.ferienzentrum-heidenau.de\/wp-content\/uploads\/Ferienzentrum-Camping-Urlaub-Wohnmobil-Ferien-Wohnwagen-Zelt-A1-Heidenau-Jubilaeum-50-Jahre-027.jpg\" class=\"attachment-full size-full\" alt=\"\" link=\"file\" size=\"full\" ids=\"7401,7404,7407,7410,7413,7416,7419,7422,7425,7428,7431,7434,7437,7440,7443,7446,7449,7452,7455,7458,7461,7464,7467,7470,7473,7476,7479,7482,7485,7488,7491,7494,7497,7500,7503,7506,7509,7512,7515,7518,7521,7524,7527,7530,7533,7536,7539,7542,7545,7548,7551,7554,7557,7560,7563,7566,7569,7572,7575,7578\" orderby=\"post__in\" include=\"7401,7404,7407,7410,7413,7416,7419,7422,7425,7428,7431,7434,7437,7440,7443,7446,7449,7452,7455,7458,7461,7464,7467,7470,7473,7476,7479,7482,7485,7488,7491,7494,7497,7500,7503,7506,7509,7512,7515,7518,7521,7524,7527,7530,7533,7536,7539,7542,7545,7548,7551,7554,7557,7560,7563,7566,7569,7572,7575,7578\" srcset=\"https:\/\/www.ferienzentrum-heidenau.de\/wp-content\/uploads\/Ferienzentrum-Camping-Urlaub-Wohnmobil-Ferien-Wohnwagen-Zelt-A1-Heidenau-Jubilaeum-50-Jahre-027.jpg 2000w, https:\/\/www.ferienzentrum-heidenau.de\/wp-content\/uploads\/Ferienzentrum-Camping-Urlaub-Wohnmobil-Ferien-Wohnwagen-Zelt-A1-Heidenau-Jubilaeum-50-Jahre-027-300x225.jpg 300w, https:\/\/www.ferienzentrum-heidenau.de\/wp-content\/uploads\/Ferienzentrum-Camping-Urlaub-Wohnmobil-Ferien-Wohnwagen-Zelt-A1-Heidenau-Jubilaeum-50-Jahre-027-768x576.jpg 768w, https:\/\/www.ferienzentrum-heidenau.de\/wp-content\/uploads\/Ferienzentrum-Camping-Urlaub-Wohnmobil-Ferien-Wohnwagen-Zelt-A1-Heidenau-Jubilaeum-50-Jahre-027-1536x1152.jpg 1536w, https:\/\/www.ferienzentrum-heidenau.de\/wp-content\/uploads\/Ferienzentrum-Camping-Urlaub-Wohnmobil-Ferien-Wohnwagen-Zelt-A1-Heidenau-Jubilaeum-50-Jahre-027-249x187.jpg 249w, https:\/\/www.ferienzentrum-heidenau.de\/wp-content\/uploads\/Ferienzentrum-Camping-Urlaub-Wohnmobil-Ferien-Wohnwagen-Zelt-A1-Heidenau-Jubilaeum-50-Jahre-027-1170x878.jpg 1170w\" sizes=\"auto, (max-width: 2000px) 100vw, 2000px\" \/><span class=\"gallery_caption\"><\/span><\/a><\/div><\/div><div class=\"row zn_image_gallery \"><div class=\"col-sm-6 col-md-4 col-lg-4\"><a href=\"https:\/\/www.ferienzentrum-heidenau.de\/wp-content\/uploads\/Ferienzentrum-Camping-Urlaub-Wohnmobil-Ferien-Wohnwagen-Zelt-A1-Heidenau-Jubilaeum-50-Jahre-028.jpg\" title=\"\" class=\"hoverBorder\"><img loading=\"lazy\" decoding=\"async\" width=\"2000\" height=\"1500\" src=\"https:\/\/www.ferienzentrum-heidenau.de\/wp-content\/uploads\/Ferienzentrum-Camping-Urlaub-Wohnmobil-Ferien-Wohnwagen-Zelt-A1-Heidenau-Jubilaeum-50-Jahre-028.jpg\" class=\"attachment-full size-full\" alt=\"\" link=\"file\" size=\"full\" ids=\"7401,7404,7407,7410,7413,7416,7419,7422,7425,7428,7431,7434,7437,7440,7443,7446,7449,7452,7455,7458,7461,7464,7467,7470,7473,7476,7479,7482,7485,7488,7491,7494,7497,7500,7503,7506,7509,7512,7515,7518,7521,7524,7527,7530,7533,7536,7539,7542,7545,7548,7551,7554,7557,7560,7563,7566,7569,7572,7575,7578\" orderby=\"post__in\" include=\"7401,7404,7407,7410,7413,7416,7419,7422,7425,7428,7431,7434,7437,7440,7443,7446,7449,7452,7455,7458,7461,7464,7467,7470,7473,7476,7479,7482,7485,7488,7491,7494,7497,7500,7503,7506,7509,7512,7515,7518,7521,7524,7527,7530,7533,7536,7539,7542,7545,7548,7551,7554,7557,7560,7563,7566,7569,7572,7575,7578\" srcset=\"https:\/\/www.ferienzentrum-heidenau.de\/wp-content\/uploads\/Ferienzentrum-Camping-Urlaub-Wohnmobil-Ferien-Wohnwagen-Zelt-A1-Heidenau-Jubilaeum-50-Jahre-028.jpg 2000w, https:\/\/www.ferienzentrum-heidenau.de\/wp-content\/uploads\/Ferienzentrum-Camping-Urlaub-Wohnmobil-Ferien-Wohnwagen-Zelt-A1-Heidenau-Jubilaeum-50-Jahre-028-300x225.jpg 300w, https:\/\/www.ferienzentrum-heidenau.de\/wp-content\/uploads\/Ferienzentrum-Camping-Urlaub-Wohnmobil-Ferien-Wohnwagen-Zelt-A1-Heidenau-Jubilaeum-50-Jahre-028-768x576.jpg 768w, https:\/\/www.ferienzentrum-heidenau.de\/wp-content\/uploads\/Ferienzentrum-Camping-Urlaub-Wohnmobil-Ferien-Wohnwagen-Zelt-A1-Heidenau-Jubilaeum-50-Jahre-028-1536x1152.jpg 1536w, https:\/\/www.ferienzentrum-heidenau.de\/wp-content\/uploads\/Ferienzentrum-Camping-Urlaub-Wohnmobil-Ferien-Wohnwagen-Zelt-A1-Heidenau-Jubilaeum-50-Jahre-028-249x187.jpg 249w, https:\/\/www.ferienzentrum-heidenau.de\/wp-content\/uploads\/Ferienzentrum-Camping-Urlaub-Wohnmobil-Ferien-Wohnwagen-Zelt-A1-Heidenau-Jubilaeum-50-Jahre-028-1170x878.jpg 1170w\" sizes=\"auto, (max-width: 2000px) 100vw, 2000px\" \/><span class=\"gallery_caption\"><\/span><\/a><\/div><div class=\"col-sm-6 col-md-4 col-lg-4\"><a href=\"https:\/\/www.ferienzentrum-heidenau.de\/wp-content\/uploads\/Ferienzentrum-Camping-Urlaub-Wohnmobil-Ferien-Wohnwagen-Zelt-A1-Heidenau-Jubilaeum-50-Jahre-029.jpg\" title=\"\" class=\"hoverBorder\"><img loading=\"lazy\" decoding=\"async\" width=\"2000\" height=\"1500\" src=\"https:\/\/www.ferienzentrum-heidenau.de\/wp-content\/uploads\/Ferienzentrum-Camping-Urlaub-Wohnmobil-Ferien-Wohnwagen-Zelt-A1-Heidenau-Jubilaeum-50-Jahre-029.jpg\" class=\"attachment-full size-full\" alt=\"\" link=\"file\" size=\"full\" ids=\"7401,7404,7407,7410,7413,7416,7419,7422,7425,7428,7431,7434,7437,7440,7443,7446,7449,7452,7455,7458,7461,7464,7467,7470,7473,7476,7479,7482,7485,7488,7491,7494,7497,7500,7503,7506,7509,7512,7515,7518,7521,7524,7527,7530,7533,7536,7539,7542,7545,7548,7551,7554,7557,7560,7563,7566,7569,7572,7575,7578\" orderby=\"post__in\" include=\"7401,7404,7407,7410,7413,7416,7419,7422,7425,7428,7431,7434,7437,7440,7443,7446,7449,7452,7455,7458,7461,7464,7467,7470,7473,7476,7479,7482,7485,7488,7491,7494,7497,7500,7503,7506,7509,7512,7515,7518,7521,7524,7527,7530,7533,7536,7539,7542,7545,7548,7551,7554,7557,7560,7563,7566,7569,7572,7575,7578\" srcset=\"https:\/\/www.ferienzentrum-heidenau.de\/wp-content\/uploads\/Ferienzentrum-Camping-Urlaub-Wohnmobil-Ferien-Wohnwagen-Zelt-A1-Heidenau-Jubilaeum-50-Jahre-029.jpg 2000w, https:\/\/www.ferienzentrum-heidenau.de\/wp-content\/uploads\/Ferienzentrum-Camping-Urlaub-Wohnmobil-Ferien-Wohnwagen-Zelt-A1-Heidenau-Jubilaeum-50-Jahre-029-300x225.jpg 300w, https:\/\/www.ferienzentrum-heidenau.de\/wp-content\/uploads\/Ferienzentrum-Camping-Urlaub-Wohnmobil-Ferien-Wohnwagen-Zelt-A1-Heidenau-Jubilaeum-50-Jahre-029-768x576.jpg 768w, https:\/\/www.ferienzentrum-heidenau.de\/wp-content\/uploads\/Ferienzentrum-Camping-Urlaub-Wohnmobil-Ferien-Wohnwagen-Zelt-A1-Heidenau-Jubilaeum-50-Jahre-029-1536x1152.jpg 1536w, https:\/\/www.ferienzentrum-heidenau.de\/wp-content\/uploads\/Ferienzentrum-Camping-Urlaub-Wohnmobil-Ferien-Wohnwagen-Zelt-A1-Heidenau-Jubilaeum-50-Jahre-029-249x187.jpg 249w, https:\/\/www.ferienzentrum-heidenau.de\/wp-content\/uploads\/Ferienzentrum-Camping-Urlaub-Wohnmobil-Ferien-Wohnwagen-Zelt-A1-Heidenau-Jubilaeum-50-Jahre-029-1170x878.jpg 1170w\" sizes=\"auto, (max-width: 2000px) 100vw, 2000px\" \/><span class=\"gallery_caption\"><\/span><\/a><\/div><div class=\"col-sm-6 col-md-4 col-lg-4\"><a href=\"https:\/\/www.ferienzentrum-heidenau.de\/wp-content\/uploads\/Ferienzentrum-Camping-Urlaub-Wohnmobil-Ferien-Wohnwagen-Zelt-A1-Heidenau-Jubilaeum-50-Jahre-030.jpg\" title=\"\" class=\"hoverBorder\"><img loading=\"lazy\" decoding=\"async\" width=\"2000\" height=\"1500\" src=\"https:\/\/www.ferienzentrum-heidenau.de\/wp-content\/uploads\/Ferienzentrum-Camping-Urlaub-Wohnmobil-Ferien-Wohnwagen-Zelt-A1-Heidenau-Jubilaeum-50-Jahre-030.jpg\" class=\"attachment-full size-full\" alt=\"\" link=\"file\" size=\"full\" ids=\"7401,7404,7407,7410,7413,7416,7419,7422,7425,7428,7431,7434,7437,7440,7443,7446,7449,7452,7455,7458,7461,7464,7467,7470,7473,7476,7479,7482,7485,7488,7491,7494,7497,7500,7503,7506,7509,7512,7515,7518,7521,7524,7527,7530,7533,7536,7539,7542,7545,7548,7551,7554,7557,7560,7563,7566,7569,7572,7575,7578\" orderby=\"post__in\" include=\"7401,7404,7407,7410,7413,7416,7419,7422,7425,7428,7431,7434,7437,7440,7443,7446,7449,7452,7455,7458,7461,7464,7467,7470,7473,7476,7479,7482,7485,7488,7491,7494,7497,7500,7503,7506,7509,7512,7515,7518,7521,7524,7527,7530,7533,7536,7539,7542,7545,7548,7551,7554,7557,7560,7563,7566,7569,7572,7575,7578\" srcset=\"https:\/\/www.ferienzentrum-heidenau.de\/wp-content\/uploads\/Ferienzentrum-Camping-Urlaub-Wohnmobil-Ferien-Wohnwagen-Zelt-A1-Heidenau-Jubilaeum-50-Jahre-030.jpg 2000w, https:\/\/www.ferienzentrum-heidenau.de\/wp-content\/uploads\/Ferienzentrum-Camping-Urlaub-Wohnmobil-Ferien-Wohnwagen-Zelt-A1-Heidenau-Jubilaeum-50-Jahre-030-300x225.jpg 300w, https:\/\/www.ferienzentrum-heidenau.de\/wp-content\/uploads\/Ferienzentrum-Camping-Urlaub-Wohnmobil-Ferien-Wohnwagen-Zelt-A1-Heidenau-Jubilaeum-50-Jahre-030-768x576.jpg 768w, https:\/\/www.ferienzentrum-heidenau.de\/wp-content\/uploads\/Ferienzentrum-Camping-Urlaub-Wohnmobil-Ferien-Wohnwagen-Zelt-A1-Heidenau-Jubilaeum-50-Jahre-030-1536x1152.jpg 1536w, https:\/\/www.ferienzentrum-heidenau.de\/wp-content\/uploads\/Ferienzentrum-Camping-Urlaub-Wohnmobil-Ferien-Wohnwagen-Zelt-A1-Heidenau-Jubilaeum-50-Jahre-030-249x187.jpg 249w, https:\/\/www.ferienzentrum-heidenau.de\/wp-content\/uploads\/Ferienzentrum-Camping-Urlaub-Wohnmobil-Ferien-Wohnwagen-Zelt-A1-Heidenau-Jubilaeum-50-Jahre-030-1170x878.jpg 1170w\" sizes=\"auto, (max-width: 2000px) 100vw, 2000px\" \/><span class=\"gallery_caption\"><\/span><\/a><\/div><\/div><div class=\"row zn_image_gallery \"><div class=\"col-sm-6 col-md-4 col-lg-4\"><a href=\"https:\/\/www.ferienzentrum-heidenau.de\/wp-content\/uploads\/Ferienzentrum-Camping-Urlaub-Wohnmobil-Ferien-Wohnwagen-Zelt-A1-Heidenau-Jubilaeum-50-Jahre-031.jpg\" title=\"\" class=\"hoverBorder\"><img loading=\"lazy\" decoding=\"async\" width=\"2000\" height=\"1500\" src=\"https:\/\/www.ferienzentrum-heidenau.de\/wp-content\/uploads\/Ferienzentrum-Camping-Urlaub-Wohnmobil-Ferien-Wohnwagen-Zelt-A1-Heidenau-Jubilaeum-50-Jahre-031.jpg\" class=\"attachment-full size-full\" alt=\"\" link=\"file\" size=\"full\" ids=\"7401,7404,7407,7410,7413,7416,7419,7422,7425,7428,7431,7434,7437,7440,7443,7446,7449,7452,7455,7458,7461,7464,7467,7470,7473,7476,7479,7482,7485,7488,7491,7494,7497,7500,7503,7506,7509,7512,7515,7518,7521,7524,7527,7530,7533,7536,7539,7542,7545,7548,7551,7554,7557,7560,7563,7566,7569,7572,7575,7578\" orderby=\"post__in\" include=\"7401,7404,7407,7410,7413,7416,7419,7422,7425,7428,7431,7434,7437,7440,7443,7446,7449,7452,7455,7458,7461,7464,7467,7470,7473,7476,7479,7482,7485,7488,7491,7494,7497,7500,7503,7506,7509,7512,7515,7518,7521,7524,7527,7530,7533,7536,7539,7542,7545,7548,7551,7554,7557,7560,7563,7566,7569,7572,7575,7578\" srcset=\"https:\/\/www.ferienzentrum-heidenau.de\/wp-content\/uploads\/Ferienzentrum-Camping-Urlaub-Wohnmobil-Ferien-Wohnwagen-Zelt-A1-Heidenau-Jubilaeum-50-Jahre-031.jpg 2000w, https:\/\/www.ferienzentrum-heidenau.de\/wp-content\/uploads\/Ferienzentrum-Camping-Urlaub-Wohnmobil-Ferien-Wohnwagen-Zelt-A1-Heidenau-Jubilaeum-50-Jahre-031-300x225.jpg 300w, https:\/\/www.ferienzentrum-heidenau.de\/wp-content\/uploads\/Ferienzentrum-Camping-Urlaub-Wohnmobil-Ferien-Wohnwagen-Zelt-A1-Heidenau-Jubilaeum-50-Jahre-031-768x576.jpg 768w, https:\/\/www.ferienzentrum-heidenau.de\/wp-content\/uploads\/Ferienzentrum-Camping-Urlaub-Wohnmobil-Ferien-Wohnwagen-Zelt-A1-Heidenau-Jubilaeum-50-Jahre-031-1536x1152.jpg 1536w, https:\/\/www.ferienzentrum-heidenau.de\/wp-content\/uploads\/Ferienzentrum-Camping-Urlaub-Wohnmobil-Ferien-Wohnwagen-Zelt-A1-Heidenau-Jubilaeum-50-Jahre-031-249x187.jpg 249w, https:\/\/www.ferienzentrum-heidenau.de\/wp-content\/uploads\/Ferienzentrum-Camping-Urlaub-Wohnmobil-Ferien-Wohnwagen-Zelt-A1-Heidenau-Jubilaeum-50-Jahre-031-1170x878.jpg 1170w\" sizes=\"auto, (max-width: 2000px) 100vw, 2000px\" \/><span class=\"gallery_caption\"><\/span><\/a><\/div><div class=\"col-sm-6 col-md-4 col-lg-4\"><a href=\"https:\/\/www.ferienzentrum-heidenau.de\/wp-content\/uploads\/Ferienzentrum-Camping-Urlaub-Wohnmobil-Ferien-Wohnwagen-Zelt-A1-Heidenau-Jubilaeum-50-Jahre-032.jpg\" title=\"\" class=\"hoverBorder\"><img loading=\"lazy\" decoding=\"async\" width=\"2000\" height=\"1500\" src=\"https:\/\/www.ferienzentrum-heidenau.de\/wp-content\/uploads\/Ferienzentrum-Camping-Urlaub-Wohnmobil-Ferien-Wohnwagen-Zelt-A1-Heidenau-Jubilaeum-50-Jahre-032.jpg\" class=\"attachment-full size-full\" alt=\"\" link=\"file\" size=\"full\" ids=\"7401,7404,7407,7410,7413,7416,7419,7422,7425,7428,7431,7434,7437,7440,7443,7446,7449,7452,7455,7458,7461,7464,7467,7470,7473,7476,7479,7482,7485,7488,7491,7494,7497,7500,7503,7506,7509,7512,7515,7518,7521,7524,7527,7530,7533,7536,7539,7542,7545,7548,7551,7554,7557,7560,7563,7566,7569,7572,7575,7578\" orderby=\"post__in\" include=\"7401,7404,7407,7410,7413,7416,7419,7422,7425,7428,7431,7434,7437,7440,7443,7446,7449,7452,7455,7458,7461,7464,7467,7470,7473,7476,7479,7482,7485,7488,7491,7494,7497,7500,7503,7506,7509,7512,7515,7518,7521,7524,7527,7530,7533,7536,7539,7542,7545,7548,7551,7554,7557,7560,7563,7566,7569,7572,7575,7578\" srcset=\"https:\/\/www.ferienzentrum-heidenau.de\/wp-content\/uploads\/Ferienzentrum-Camping-Urlaub-Wohnmobil-Ferien-Wohnwagen-Zelt-A1-Heidenau-Jubilaeum-50-Jahre-032.jpg 2000w, https:\/\/www.ferienzentrum-heidenau.de\/wp-content\/uploads\/Ferienzentrum-Camping-Urlaub-Wohnmobil-Ferien-Wohnwagen-Zelt-A1-Heidenau-Jubilaeum-50-Jahre-032-300x225.jpg 300w, https:\/\/www.ferienzentrum-heidenau.de\/wp-content\/uploads\/Ferienzentrum-Camping-Urlaub-Wohnmobil-Ferien-Wohnwagen-Zelt-A1-Heidenau-Jubilaeum-50-Jahre-032-768x576.jpg 768w, https:\/\/www.ferienzentrum-heidenau.de\/wp-content\/uploads\/Ferienzentrum-Camping-Urlaub-Wohnmobil-Ferien-Wohnwagen-Zelt-A1-Heidenau-Jubilaeum-50-Jahre-032-1536x1152.jpg 1536w, https:\/\/www.ferienzentrum-heidenau.de\/wp-content\/uploads\/Ferienzentrum-Camping-Urlaub-Wohnmobil-Ferien-Wohnwagen-Zelt-A1-Heidenau-Jubilaeum-50-Jahre-032-249x187.jpg 249w, https:\/\/www.ferienzentrum-heidenau.de\/wp-content\/uploads\/Ferienzentrum-Camping-Urlaub-Wohnmobil-Ferien-Wohnwagen-Zelt-A1-Heidenau-Jubilaeum-50-Jahre-032-1170x878.jpg 1170w\" sizes=\"auto, (max-width: 2000px) 100vw, 2000px\" \/><span class=\"gallery_caption\"><\/span><\/a><\/div><div class=\"col-sm-6 col-md-4 col-lg-4\"><a href=\"https:\/\/www.ferienzentrum-heidenau.de\/wp-content\/uploads\/Ferienzentrum-Camping-Urlaub-Wohnmobil-Ferien-Wohnwagen-Zelt-A1-Heidenau-Jubilaeum-50-Jahre-033.jpg\" title=\"\" class=\"hoverBorder\"><img loading=\"lazy\" decoding=\"async\" width=\"2000\" height=\"1500\" src=\"https:\/\/www.ferienzentrum-heidenau.de\/wp-content\/uploads\/Ferienzentrum-Camping-Urlaub-Wohnmobil-Ferien-Wohnwagen-Zelt-A1-Heidenau-Jubilaeum-50-Jahre-033.jpg\" class=\"attachment-full size-full\" alt=\"\" link=\"file\" size=\"full\" ids=\"7401,7404,7407,7410,7413,7416,7419,7422,7425,7428,7431,7434,7437,7440,7443,7446,7449,7452,7455,7458,7461,7464,7467,7470,7473,7476,7479,7482,7485,7488,7491,7494,7497,7500,7503,7506,7509,7512,7515,7518,7521,7524,7527,7530,7533,7536,7539,7542,7545,7548,7551,7554,7557,7560,7563,7566,7569,7572,7575,7578\" orderby=\"post__in\" include=\"7401,7404,7407,7410,7413,7416,7419,7422,7425,7428,7431,7434,7437,7440,7443,7446,7449,7452,7455,7458,7461,7464,7467,7470,7473,7476,7479,7482,7485,7488,7491,7494,7497,7500,7503,7506,7509,7512,7515,7518,7521,7524,7527,7530,7533,7536,7539,7542,7545,7548,7551,7554,7557,7560,7563,7566,7569,7572,7575,7578\" srcset=\"https:\/\/www.ferienzentrum-heidenau.de\/wp-content\/uploads\/Ferienzentrum-Camping-Urlaub-Wohnmobil-Ferien-Wohnwagen-Zelt-A1-Heidenau-Jubilaeum-50-Jahre-033.jpg 2000w, https:\/\/www.ferienzentrum-heidenau.de\/wp-content\/uploads\/Ferienzentrum-Camping-Urlaub-Wohnmobil-Ferien-Wohnwagen-Zelt-A1-Heidenau-Jubilaeum-50-Jahre-033-300x225.jpg 300w, https:\/\/www.ferienzentrum-heidenau.de\/wp-content\/uploads\/Ferienzentrum-Camping-Urlaub-Wohnmobil-Ferien-Wohnwagen-Zelt-A1-Heidenau-Jubilaeum-50-Jahre-033-768x576.jpg 768w, https:\/\/www.ferienzentrum-heidenau.de\/wp-content\/uploads\/Ferienzentrum-Camping-Urlaub-Wohnmobil-Ferien-Wohnwagen-Zelt-A1-Heidenau-Jubilaeum-50-Jahre-033-1536x1152.jpg 1536w, https:\/\/www.ferienzentrum-heidenau.de\/wp-content\/uploads\/Ferienzentrum-Camping-Urlaub-Wohnmobil-Ferien-Wohnwagen-Zelt-A1-Heidenau-Jubilaeum-50-Jahre-033-249x187.jpg 249w, https:\/\/www.ferienzentrum-heidenau.de\/wp-content\/uploads\/Ferienzentrum-Camping-Urlaub-Wohnmobil-Ferien-Wohnwagen-Zelt-A1-Heidenau-Jubilaeum-50-Jahre-033-1170x878.jpg 1170w\" sizes=\"auto, (max-width: 2000px) 100vw, 2000px\" \/><span class=\"gallery_caption\"><\/span><\/a><\/div><\/div><div class=\"row zn_image_gallery \"><div class=\"col-sm-6 col-md-4 col-lg-4\"><a href=\"https:\/\/www.ferienzentrum-heidenau.de\/wp-content\/uploads\/Ferienzentrum-Camping-Urlaub-Wohnmobil-Ferien-Wohnwagen-Zelt-A1-Heidenau-Jubilaeum-50-Jahre-034.jpg\" title=\"\" class=\"hoverBorder\"><img loading=\"lazy\" decoding=\"async\" width=\"2000\" height=\"1500\" src=\"https:\/\/www.ferienzentrum-heidenau.de\/wp-content\/uploads\/Ferienzentrum-Camping-Urlaub-Wohnmobil-Ferien-Wohnwagen-Zelt-A1-Heidenau-Jubilaeum-50-Jahre-034.jpg\" class=\"attachment-full size-full\" alt=\"\" link=\"file\" size=\"full\" ids=\"7401,7404,7407,7410,7413,7416,7419,7422,7425,7428,7431,7434,7437,7440,7443,7446,7449,7452,7455,7458,7461,7464,7467,7470,7473,7476,7479,7482,7485,7488,7491,7494,7497,7500,7503,7506,7509,7512,7515,7518,7521,7524,7527,7530,7533,7536,7539,7542,7545,7548,7551,7554,7557,7560,7563,7566,7569,7572,7575,7578\" orderby=\"post__in\" include=\"7401,7404,7407,7410,7413,7416,7419,7422,7425,7428,7431,7434,7437,7440,7443,7446,7449,7452,7455,7458,7461,7464,7467,7470,7473,7476,7479,7482,7485,7488,7491,7494,7497,7500,7503,7506,7509,7512,7515,7518,7521,7524,7527,7530,7533,7536,7539,7542,7545,7548,7551,7554,7557,7560,7563,7566,7569,7572,7575,7578\" srcset=\"https:\/\/www.ferienzentrum-heidenau.de\/wp-content\/uploads\/Ferienzentrum-Camping-Urlaub-Wohnmobil-Ferien-Wohnwagen-Zelt-A1-Heidenau-Jubilaeum-50-Jahre-034.jpg 2000w, https:\/\/www.ferienzentrum-heidenau.de\/wp-content\/uploads\/Ferienzentrum-Camping-Urlaub-Wohnmobil-Ferien-Wohnwagen-Zelt-A1-Heidenau-Jubilaeum-50-Jahre-034-300x225.jpg 300w, https:\/\/www.ferienzentrum-heidenau.de\/wp-content\/uploads\/Ferienzentrum-Camping-Urlaub-Wohnmobil-Ferien-Wohnwagen-Zelt-A1-Heidenau-Jubilaeum-50-Jahre-034-768x576.jpg 768w, https:\/\/www.ferienzentrum-heidenau.de\/wp-content\/uploads\/Ferienzentrum-Camping-Urlaub-Wohnmobil-Ferien-Wohnwagen-Zelt-A1-Heidenau-Jubilaeum-50-Jahre-034-1536x1152.jpg 1536w, https:\/\/www.ferienzentrum-heidenau.de\/wp-content\/uploads\/Ferienzentrum-Camping-Urlaub-Wohnmobil-Ferien-Wohnwagen-Zelt-A1-Heidenau-Jubilaeum-50-Jahre-034-249x187.jpg 249w, https:\/\/www.ferienzentrum-heidenau.de\/wp-content\/uploads\/Ferienzentrum-Camping-Urlaub-Wohnmobil-Ferien-Wohnwagen-Zelt-A1-Heidenau-Jubilaeum-50-Jahre-034-1170x878.jpg 1170w\" sizes=\"auto, (max-width: 2000px) 100vw, 2000px\" \/><span class=\"gallery_caption\"><\/span><\/a><\/div><div class=\"col-sm-6 col-md-4 col-lg-4\"><a href=\"https:\/\/www.ferienzentrum-heidenau.de\/wp-content\/uploads\/Ferienzentrum-Camping-Urlaub-Wohnmobil-Ferien-Wohnwagen-Zelt-A1-Heidenau-Jubilaeum-50-Jahre-035.jpg\" title=\"\" class=\"hoverBorder\"><img loading=\"lazy\" decoding=\"async\" width=\"2000\" height=\"1500\" src=\"https:\/\/www.ferienzentrum-heidenau.de\/wp-content\/uploads\/Ferienzentrum-Camping-Urlaub-Wohnmobil-Ferien-Wohnwagen-Zelt-A1-Heidenau-Jubilaeum-50-Jahre-035.jpg\" class=\"attachment-full size-full\" alt=\"\" link=\"file\" size=\"full\" ids=\"7401,7404,7407,7410,7413,7416,7419,7422,7425,7428,7431,7434,7437,7440,7443,7446,7449,7452,7455,7458,7461,7464,7467,7470,7473,7476,7479,7482,7485,7488,7491,7494,7497,7500,7503,7506,7509,7512,7515,7518,7521,7524,7527,7530,7533,7536,7539,7542,7545,7548,7551,7554,7557,7560,7563,7566,7569,7572,7575,7578\" orderby=\"post__in\" include=\"7401,7404,7407,7410,7413,7416,7419,7422,7425,7428,7431,7434,7437,7440,7443,7446,7449,7452,7455,7458,7461,7464,7467,7470,7473,7476,7479,7482,7485,7488,7491,7494,7497,7500,7503,7506,7509,7512,7515,7518,7521,7524,7527,7530,7533,7536,7539,7542,7545,7548,7551,7554,7557,7560,7563,7566,7569,7572,7575,7578\" srcset=\"https:\/\/www.ferienzentrum-heidenau.de\/wp-content\/uploads\/Ferienzentrum-Camping-Urlaub-Wohnmobil-Ferien-Wohnwagen-Zelt-A1-Heidenau-Jubilaeum-50-Jahre-035.jpg 2000w, https:\/\/www.ferienzentrum-heidenau.de\/wp-content\/uploads\/Ferienzentrum-Camping-Urlaub-Wohnmobil-Ferien-Wohnwagen-Zelt-A1-Heidenau-Jubilaeum-50-Jahre-035-300x225.jpg 300w, https:\/\/www.ferienzentrum-heidenau.de\/wp-content\/uploads\/Ferienzentrum-Camping-Urlaub-Wohnmobil-Ferien-Wohnwagen-Zelt-A1-Heidenau-Jubilaeum-50-Jahre-035-768x576.jpg 768w, https:\/\/www.ferienzentrum-heidenau.de\/wp-content\/uploads\/Ferienzentrum-Camping-Urlaub-Wohnmobil-Ferien-Wohnwagen-Zelt-A1-Heidenau-Jubilaeum-50-Jahre-035-1536x1152.jpg 1536w, https:\/\/www.ferienzentrum-heidenau.de\/wp-content\/uploads\/Ferienzentrum-Camping-Urlaub-Wohnmobil-Ferien-Wohnwagen-Zelt-A1-Heidenau-Jubilaeum-50-Jahre-035-249x187.jpg 249w, https:\/\/www.ferienzentrum-heidenau.de\/wp-content\/uploads\/Ferienzentrum-Camping-Urlaub-Wohnmobil-Ferien-Wohnwagen-Zelt-A1-Heidenau-Jubilaeum-50-Jahre-035-1170x878.jpg 1170w\" sizes=\"auto, (max-width: 2000px) 100vw, 2000px\" \/><span class=\"gallery_caption\"><\/span><\/a><\/div><div class=\"col-sm-6 col-md-4 col-lg-4\"><a href=\"https:\/\/www.ferienzentrum-heidenau.de\/wp-content\/uploads\/Ferienzentrum-Camping-Urlaub-Wohnmobil-Ferien-Wohnwagen-Zelt-A1-Heidenau-Jubilaeum-50-Jahre-036.jpg\" title=\"\" class=\"hoverBorder\"><img loading=\"lazy\" decoding=\"async\" width=\"2000\" height=\"1500\" src=\"https:\/\/www.ferienzentrum-heidenau.de\/wp-content\/uploads\/Ferienzentrum-Camping-Urlaub-Wohnmobil-Ferien-Wohnwagen-Zelt-A1-Heidenau-Jubilaeum-50-Jahre-036.jpg\" class=\"attachment-full size-full\" alt=\"\" link=\"file\" size=\"full\" ids=\"7401,7404,7407,7410,7413,7416,7419,7422,7425,7428,7431,7434,7437,7440,7443,7446,7449,7452,7455,7458,7461,7464,7467,7470,7473,7476,7479,7482,7485,7488,7491,7494,7497,7500,7503,7506,7509,7512,7515,7518,7521,7524,7527,7530,7533,7536,7539,7542,7545,7548,7551,7554,7557,7560,7563,7566,7569,7572,7575,7578\" orderby=\"post__in\" include=\"7401,7404,7407,7410,7413,7416,7419,7422,7425,7428,7431,7434,7437,7440,7443,7446,7449,7452,7455,7458,7461,7464,7467,7470,7473,7476,7479,7482,7485,7488,7491,7494,7497,7500,7503,7506,7509,7512,7515,7518,7521,7524,7527,7530,7533,7536,7539,7542,7545,7548,7551,7554,7557,7560,7563,7566,7569,7572,7575,7578\" srcset=\"https:\/\/www.ferienzentrum-heidenau.de\/wp-content\/uploads\/Ferienzentrum-Camping-Urlaub-Wohnmobil-Ferien-Wohnwagen-Zelt-A1-Heidenau-Jubilaeum-50-Jahre-036.jpg 2000w, https:\/\/www.ferienzentrum-heidenau.de\/wp-content\/uploads\/Ferienzentrum-Camping-Urlaub-Wohnmobil-Ferien-Wohnwagen-Zelt-A1-Heidenau-Jubilaeum-50-Jahre-036-300x225.jpg 300w, https:\/\/www.ferienzentrum-heidenau.de\/wp-content\/uploads\/Ferienzentrum-Camping-Urlaub-Wohnmobil-Ferien-Wohnwagen-Zelt-A1-Heidenau-Jubilaeum-50-Jahre-036-768x576.jpg 768w, https:\/\/www.ferienzentrum-heidenau.de\/wp-content\/uploads\/Ferienzentrum-Camping-Urlaub-Wohnmobil-Ferien-Wohnwagen-Zelt-A1-Heidenau-Jubilaeum-50-Jahre-036-1536x1152.jpg 1536w, https:\/\/www.ferienzentrum-heidenau.de\/wp-content\/uploads\/Ferienzentrum-Camping-Urlaub-Wohnmobil-Ferien-Wohnwagen-Zelt-A1-Heidenau-Jubilaeum-50-Jahre-036-249x187.jpg 249w, https:\/\/www.ferienzentrum-heidenau.de\/wp-content\/uploads\/Ferienzentrum-Camping-Urlaub-Wohnmobil-Ferien-Wohnwagen-Zelt-A1-Heidenau-Jubilaeum-50-Jahre-036-1170x878.jpg 1170w\" sizes=\"auto, (max-width: 2000px) 100vw, 2000px\" \/><span class=\"gallery_caption\"><\/span><\/a><\/div><\/div><div class=\"row zn_image_gallery \"><div class=\"col-sm-6 col-md-4 col-lg-4\"><a href=\"https:\/\/www.ferienzentrum-heidenau.de\/wp-content\/uploads\/Ferienzentrum-Camping-Urlaub-Wohnmobil-Ferien-Wohnwagen-Zelt-A1-Heidenau-Jubilaeum-50-Jahre-037.jpg\" title=\"\" class=\"hoverBorder\"><img loading=\"lazy\" decoding=\"async\" width=\"2000\" height=\"1500\" src=\"https:\/\/www.ferienzentrum-heidenau.de\/wp-content\/uploads\/Ferienzentrum-Camping-Urlaub-Wohnmobil-Ferien-Wohnwagen-Zelt-A1-Heidenau-Jubilaeum-50-Jahre-037.jpg\" class=\"attachment-full size-full\" alt=\"\" link=\"file\" size=\"full\" ids=\"7401,7404,7407,7410,7413,7416,7419,7422,7425,7428,7431,7434,7437,7440,7443,7446,7449,7452,7455,7458,7461,7464,7467,7470,7473,7476,7479,7482,7485,7488,7491,7494,7497,7500,7503,7506,7509,7512,7515,7518,7521,7524,7527,7530,7533,7536,7539,7542,7545,7548,7551,7554,7557,7560,7563,7566,7569,7572,7575,7578\" orderby=\"post__in\" include=\"7401,7404,7407,7410,7413,7416,7419,7422,7425,7428,7431,7434,7437,7440,7443,7446,7449,7452,7455,7458,7461,7464,7467,7470,7473,7476,7479,7482,7485,7488,7491,7494,7497,7500,7503,7506,7509,7512,7515,7518,7521,7524,7527,7530,7533,7536,7539,7542,7545,7548,7551,7554,7557,7560,7563,7566,7569,7572,7575,7578\" srcset=\"https:\/\/www.ferienzentrum-heidenau.de\/wp-content\/uploads\/Ferienzentrum-Camping-Urlaub-Wohnmobil-Ferien-Wohnwagen-Zelt-A1-Heidenau-Jubilaeum-50-Jahre-037.jpg 2000w, https:\/\/www.ferienzentrum-heidenau.de\/wp-content\/uploads\/Ferienzentrum-Camping-Urlaub-Wohnmobil-Ferien-Wohnwagen-Zelt-A1-Heidenau-Jubilaeum-50-Jahre-037-300x225.jpg 300w, https:\/\/www.ferienzentrum-heidenau.de\/wp-content\/uploads\/Ferienzentrum-Camping-Urlaub-Wohnmobil-Ferien-Wohnwagen-Zelt-A1-Heidenau-Jubilaeum-50-Jahre-037-768x576.jpg 768w, https:\/\/www.ferienzentrum-heidenau.de\/wp-content\/uploads\/Ferienzentrum-Camping-Urlaub-Wohnmobil-Ferien-Wohnwagen-Zelt-A1-Heidenau-Jubilaeum-50-Jahre-037-1536x1152.jpg 1536w, https:\/\/www.ferienzentrum-heidenau.de\/wp-content\/uploads\/Ferienzentrum-Camping-Urlaub-Wohnmobil-Ferien-Wohnwagen-Zelt-A1-Heidenau-Jubilaeum-50-Jahre-037-249x187.jpg 249w, https:\/\/www.ferienzentrum-heidenau.de\/wp-content\/uploads\/Ferienzentrum-Camping-Urlaub-Wohnmobil-Ferien-Wohnwagen-Zelt-A1-Heidenau-Jubilaeum-50-Jahre-037-1170x878.jpg 1170w\" sizes=\"auto, (max-width: 2000px) 100vw, 2000px\" \/><span class=\"gallery_caption\"><\/span><\/a><\/div><div class=\"col-sm-6 col-md-4 col-lg-4\"><a href=\"https:\/\/www.ferienzentrum-heidenau.de\/wp-content\/uploads\/Ferienzentrum-Camping-Urlaub-Wohnmobil-Ferien-Wohnwagen-Zelt-A1-Heidenau-Jubilaeum-50-Jahre-038.jpg\" title=\"\" class=\"hoverBorder\"><img loading=\"lazy\" decoding=\"async\" width=\"2000\" height=\"1500\" src=\"https:\/\/www.ferienzentrum-heidenau.de\/wp-content\/uploads\/Ferienzentrum-Camping-Urlaub-Wohnmobil-Ferien-Wohnwagen-Zelt-A1-Heidenau-Jubilaeum-50-Jahre-038.jpg\" class=\"attachment-full size-full\" alt=\"\" link=\"file\" size=\"full\" ids=\"7401,7404,7407,7410,7413,7416,7419,7422,7425,7428,7431,7434,7437,7440,7443,7446,7449,7452,7455,7458,7461,7464,7467,7470,7473,7476,7479,7482,7485,7488,7491,7494,7497,7500,7503,7506,7509,7512,7515,7518,7521,7524,7527,7530,7533,7536,7539,7542,7545,7548,7551,7554,7557,7560,7563,7566,7569,7572,7575,7578\" orderby=\"post__in\" include=\"7401,7404,7407,7410,7413,7416,7419,7422,7425,7428,7431,7434,7437,7440,7443,7446,7449,7452,7455,7458,7461,7464,7467,7470,7473,7476,7479,7482,7485,7488,7491,7494,7497,7500,7503,7506,7509,7512,7515,7518,7521,7524,7527,7530,7533,7536,7539,7542,7545,7548,7551,7554,7557,7560,7563,7566,7569,7572,7575,7578\" srcset=\"https:\/\/www.ferienzentrum-heidenau.de\/wp-content\/uploads\/Ferienzentrum-Camping-Urlaub-Wohnmobil-Ferien-Wohnwagen-Zelt-A1-Heidenau-Jubilaeum-50-Jahre-038.jpg 2000w, https:\/\/www.ferienzentrum-heidenau.de\/wp-content\/uploads\/Ferienzentrum-Camping-Urlaub-Wohnmobil-Ferien-Wohnwagen-Zelt-A1-Heidenau-Jubilaeum-50-Jahre-038-300x225.jpg 300w, https:\/\/www.ferienzentrum-heidenau.de\/wp-content\/uploads\/Ferienzentrum-Camping-Urlaub-Wohnmobil-Ferien-Wohnwagen-Zelt-A1-Heidenau-Jubilaeum-50-Jahre-038-768x576.jpg 768w, https:\/\/www.ferienzentrum-heidenau.de\/wp-content\/uploads\/Ferienzentrum-Camping-Urlaub-Wohnmobil-Ferien-Wohnwagen-Zelt-A1-Heidenau-Jubilaeum-50-Jahre-038-1536x1152.jpg 1536w, https:\/\/www.ferienzentrum-heidenau.de\/wp-content\/uploads\/Ferienzentrum-Camping-Urlaub-Wohnmobil-Ferien-Wohnwagen-Zelt-A1-Heidenau-Jubilaeum-50-Jahre-038-249x187.jpg 249w, https:\/\/www.ferienzentrum-heidenau.de\/wp-content\/uploads\/Ferienzentrum-Camping-Urlaub-Wohnmobil-Ferien-Wohnwagen-Zelt-A1-Heidenau-Jubilaeum-50-Jahre-038-1170x878.jpg 1170w\" sizes=\"auto, (max-width: 2000px) 100vw, 2000px\" \/><span class=\"gallery_caption\"><\/span><\/a><\/div><div class=\"col-sm-6 col-md-4 col-lg-4\"><a href=\"https:\/\/www.ferienzentrum-heidenau.de\/wp-content\/uploads\/Ferienzentrum-Camping-Urlaub-Wohnmobil-Ferien-Wohnwagen-Zelt-A1-Heidenau-Jubilaeum-50-Jahre-039.jpg\" title=\"\" class=\"hoverBorder\"><img loading=\"lazy\" decoding=\"async\" width=\"2000\" height=\"1500\" src=\"https:\/\/www.ferienzentrum-heidenau.de\/wp-content\/uploads\/Ferienzentrum-Camping-Urlaub-Wohnmobil-Ferien-Wohnwagen-Zelt-A1-Heidenau-Jubilaeum-50-Jahre-039.jpg\" class=\"attachment-full size-full\" alt=\"\" link=\"file\" size=\"full\" ids=\"7401,7404,7407,7410,7413,7416,7419,7422,7425,7428,7431,7434,7437,7440,7443,7446,7449,7452,7455,7458,7461,7464,7467,7470,7473,7476,7479,7482,7485,7488,7491,7494,7497,7500,7503,7506,7509,7512,7515,7518,7521,7524,7527,7530,7533,7536,7539,7542,7545,7548,7551,7554,7557,7560,7563,7566,7569,7572,7575,7578\" orderby=\"post__in\" include=\"7401,7404,7407,7410,7413,7416,7419,7422,7425,7428,7431,7434,7437,7440,7443,7446,7449,7452,7455,7458,7461,7464,7467,7470,7473,7476,7479,7482,7485,7488,7491,7494,7497,7500,7503,7506,7509,7512,7515,7518,7521,7524,7527,7530,7533,7536,7539,7542,7545,7548,7551,7554,7557,7560,7563,7566,7569,7572,7575,7578\" srcset=\"https:\/\/www.ferienzentrum-heidenau.de\/wp-content\/uploads\/Ferienzentrum-Camping-Urlaub-Wohnmobil-Ferien-Wohnwagen-Zelt-A1-Heidenau-Jubilaeum-50-Jahre-039.jpg 2000w, https:\/\/www.ferienzentrum-heidenau.de\/wp-content\/uploads\/Ferienzentrum-Camping-Urlaub-Wohnmobil-Ferien-Wohnwagen-Zelt-A1-Heidenau-Jubilaeum-50-Jahre-039-300x225.jpg 300w, https:\/\/www.ferienzentrum-heidenau.de\/wp-content\/uploads\/Ferienzentrum-Camping-Urlaub-Wohnmobil-Ferien-Wohnwagen-Zelt-A1-Heidenau-Jubilaeum-50-Jahre-039-768x576.jpg 768w, https:\/\/www.ferienzentrum-heidenau.de\/wp-content\/uploads\/Ferienzentrum-Camping-Urlaub-Wohnmobil-Ferien-Wohnwagen-Zelt-A1-Heidenau-Jubilaeum-50-Jahre-039-1536x1152.jpg 1536w, https:\/\/www.ferienzentrum-heidenau.de\/wp-content\/uploads\/Ferienzentrum-Camping-Urlaub-Wohnmobil-Ferien-Wohnwagen-Zelt-A1-Heidenau-Jubilaeum-50-Jahre-039-249x187.jpg 249w, https:\/\/www.ferienzentrum-heidenau.de\/wp-content\/uploads\/Ferienzentrum-Camping-Urlaub-Wohnmobil-Ferien-Wohnwagen-Zelt-A1-Heidenau-Jubilaeum-50-Jahre-039-1170x878.jpg 1170w\" sizes=\"auto, (max-width: 2000px) 100vw, 2000px\" \/><span class=\"gallery_caption\"><\/span><\/a><\/div><\/div><div class=\"row zn_image_gallery \"><div class=\"col-sm-6 col-md-4 col-lg-4\"><a href=\"https:\/\/www.ferienzentrum-heidenau.de\/wp-content\/uploads\/Ferienzentrum-Camping-Urlaub-Wohnmobil-Ferien-Wohnwagen-Zelt-A1-Heidenau-Jubilaeum-50-Jahre-040.jpg\" title=\"\" class=\"hoverBorder\"><img loading=\"lazy\" decoding=\"async\" width=\"2000\" height=\"1500\" src=\"https:\/\/www.ferienzentrum-heidenau.de\/wp-content\/uploads\/Ferienzentrum-Camping-Urlaub-Wohnmobil-Ferien-Wohnwagen-Zelt-A1-Heidenau-Jubilaeum-50-Jahre-040.jpg\" class=\"attachment-full size-full\" alt=\"\" link=\"file\" size=\"full\" ids=\"7401,7404,7407,7410,7413,7416,7419,7422,7425,7428,7431,7434,7437,7440,7443,7446,7449,7452,7455,7458,7461,7464,7467,7470,7473,7476,7479,7482,7485,7488,7491,7494,7497,7500,7503,7506,7509,7512,7515,7518,7521,7524,7527,7530,7533,7536,7539,7542,7545,7548,7551,7554,7557,7560,7563,7566,7569,7572,7575,7578\" orderby=\"post__in\" include=\"7401,7404,7407,7410,7413,7416,7419,7422,7425,7428,7431,7434,7437,7440,7443,7446,7449,7452,7455,7458,7461,7464,7467,7470,7473,7476,7479,7482,7485,7488,7491,7494,7497,7500,7503,7506,7509,7512,7515,7518,7521,7524,7527,7530,7533,7536,7539,7542,7545,7548,7551,7554,7557,7560,7563,7566,7569,7572,7575,7578\" srcset=\"https:\/\/www.ferienzentrum-heidenau.de\/wp-content\/uploads\/Ferienzentrum-Camping-Urlaub-Wohnmobil-Ferien-Wohnwagen-Zelt-A1-Heidenau-Jubilaeum-50-Jahre-040.jpg 2000w, https:\/\/www.ferienzentrum-heidenau.de\/wp-content\/uploads\/Ferienzentrum-Camping-Urlaub-Wohnmobil-Ferien-Wohnwagen-Zelt-A1-Heidenau-Jubilaeum-50-Jahre-040-300x225.jpg 300w, https:\/\/www.ferienzentrum-heidenau.de\/wp-content\/uploads\/Ferienzentrum-Camping-Urlaub-Wohnmobil-Ferien-Wohnwagen-Zelt-A1-Heidenau-Jubilaeum-50-Jahre-040-768x576.jpg 768w, https:\/\/www.ferienzentrum-heidenau.de\/wp-content\/uploads\/Ferienzentrum-Camping-Urlaub-Wohnmobil-Ferien-Wohnwagen-Zelt-A1-Heidenau-Jubilaeum-50-Jahre-040-1536x1152.jpg 1536w, https:\/\/www.ferienzentrum-heidenau.de\/wp-content\/uploads\/Ferienzentrum-Camping-Urlaub-Wohnmobil-Ferien-Wohnwagen-Zelt-A1-Heidenau-Jubilaeum-50-Jahre-040-249x187.jpg 249w, https:\/\/www.ferienzentrum-heidenau.de\/wp-content\/uploads\/Ferienzentrum-Camping-Urlaub-Wohnmobil-Ferien-Wohnwagen-Zelt-A1-Heidenau-Jubilaeum-50-Jahre-040-1170x878.jpg 1170w\" sizes=\"auto, (max-width: 2000px) 100vw, 2000px\" \/><span class=\"gallery_caption\"><\/span><\/a><\/div><div class=\"col-sm-6 col-md-4 col-lg-4\"><a href=\"https:\/\/www.ferienzentrum-heidenau.de\/wp-content\/uploads\/Ferienzentrum-Camping-Urlaub-Wohnmobil-Ferien-Wohnwagen-Zelt-A1-Heidenau-Jubilaeum-50-Jahre-041.jpg\" title=\"\" class=\"hoverBorder\"><img loading=\"lazy\" decoding=\"async\" width=\"2000\" height=\"1500\" src=\"https:\/\/www.ferienzentrum-heidenau.de\/wp-content\/uploads\/Ferienzentrum-Camping-Urlaub-Wohnmobil-Ferien-Wohnwagen-Zelt-A1-Heidenau-Jubilaeum-50-Jahre-041.jpg\" class=\"attachment-full size-full\" alt=\"\" link=\"file\" size=\"full\" ids=\"7401,7404,7407,7410,7413,7416,7419,7422,7425,7428,7431,7434,7437,7440,7443,7446,7449,7452,7455,7458,7461,7464,7467,7470,7473,7476,7479,7482,7485,7488,7491,7494,7497,7500,7503,7506,7509,7512,7515,7518,7521,7524,7527,7530,7533,7536,7539,7542,7545,7548,7551,7554,7557,7560,7563,7566,7569,7572,7575,7578\" orderby=\"post__in\" include=\"7401,7404,7407,7410,7413,7416,7419,7422,7425,7428,7431,7434,7437,7440,7443,7446,7449,7452,7455,7458,7461,7464,7467,7470,7473,7476,7479,7482,7485,7488,7491,7494,7497,7500,7503,7506,7509,7512,7515,7518,7521,7524,7527,7530,7533,7536,7539,7542,7545,7548,7551,7554,7557,7560,7563,7566,7569,7572,7575,7578\" srcset=\"https:\/\/www.ferienzentrum-heidenau.de\/wp-content\/uploads\/Ferienzentrum-Camping-Urlaub-Wohnmobil-Ferien-Wohnwagen-Zelt-A1-Heidenau-Jubilaeum-50-Jahre-041.jpg 2000w, https:\/\/www.ferienzentrum-heidenau.de\/wp-content\/uploads\/Ferienzentrum-Camping-Urlaub-Wohnmobil-Ferien-Wohnwagen-Zelt-A1-Heidenau-Jubilaeum-50-Jahre-041-300x225.jpg 300w, https:\/\/www.ferienzentrum-heidenau.de\/wp-content\/uploads\/Ferienzentrum-Camping-Urlaub-Wohnmobil-Ferien-Wohnwagen-Zelt-A1-Heidenau-Jubilaeum-50-Jahre-041-768x576.jpg 768w, https:\/\/www.ferienzentrum-heidenau.de\/wp-content\/uploads\/Ferienzentrum-Camping-Urlaub-Wohnmobil-Ferien-Wohnwagen-Zelt-A1-Heidenau-Jubilaeum-50-Jahre-041-1536x1152.jpg 1536w, https:\/\/www.ferienzentrum-heidenau.de\/wp-content\/uploads\/Ferienzentrum-Camping-Urlaub-Wohnmobil-Ferien-Wohnwagen-Zelt-A1-Heidenau-Jubilaeum-50-Jahre-041-249x187.jpg 249w, https:\/\/www.ferienzentrum-heidenau.de\/wp-content\/uploads\/Ferienzentrum-Camping-Urlaub-Wohnmobil-Ferien-Wohnwagen-Zelt-A1-Heidenau-Jubilaeum-50-Jahre-041-1170x878.jpg 1170w\" sizes=\"auto, (max-width: 2000px) 100vw, 2000px\" \/><span class=\"gallery_caption\"><\/span><\/a><\/div><div class=\"col-sm-6 col-md-4 col-lg-4\"><a href=\"https:\/\/www.ferienzentrum-heidenau.de\/wp-content\/uploads\/Ferienzentrum-Camping-Urlaub-Wohnmobil-Ferien-Wohnwagen-Zelt-A1-Heidenau-Jubilaeum-50-Jahre-042.jpg\" title=\"\" class=\"hoverBorder\"><img loading=\"lazy\" decoding=\"async\" width=\"2000\" height=\"1500\" src=\"https:\/\/www.ferienzentrum-heidenau.de\/wp-content\/uploads\/Ferienzentrum-Camping-Urlaub-Wohnmobil-Ferien-Wohnwagen-Zelt-A1-Heidenau-Jubilaeum-50-Jahre-042.jpg\" class=\"attachment-full size-full\" alt=\"\" link=\"file\" size=\"full\" ids=\"7401,7404,7407,7410,7413,7416,7419,7422,7425,7428,7431,7434,7437,7440,7443,7446,7449,7452,7455,7458,7461,7464,7467,7470,7473,7476,7479,7482,7485,7488,7491,7494,7497,7500,7503,7506,7509,7512,7515,7518,7521,7524,7527,7530,7533,7536,7539,7542,7545,7548,7551,7554,7557,7560,7563,7566,7569,7572,7575,7578\" orderby=\"post__in\" include=\"7401,7404,7407,7410,7413,7416,7419,7422,7425,7428,7431,7434,7437,7440,7443,7446,7449,7452,7455,7458,7461,7464,7467,7470,7473,7476,7479,7482,7485,7488,7491,7494,7497,7500,7503,7506,7509,7512,7515,7518,7521,7524,7527,7530,7533,7536,7539,7542,7545,7548,7551,7554,7557,7560,7563,7566,7569,7572,7575,7578\" srcset=\"https:\/\/www.ferienzentrum-heidenau.de\/wp-content\/uploads\/Ferienzentrum-Camping-Urlaub-Wohnmobil-Ferien-Wohnwagen-Zelt-A1-Heidenau-Jubilaeum-50-Jahre-042.jpg 2000w, https:\/\/www.ferienzentrum-heidenau.de\/wp-content\/uploads\/Ferienzentrum-Camping-Urlaub-Wohnmobil-Ferien-Wohnwagen-Zelt-A1-Heidenau-Jubilaeum-50-Jahre-042-300x225.jpg 300w, https:\/\/www.ferienzentrum-heidenau.de\/wp-content\/uploads\/Ferienzentrum-Camping-Urlaub-Wohnmobil-Ferien-Wohnwagen-Zelt-A1-Heidenau-Jubilaeum-50-Jahre-042-768x576.jpg 768w, https:\/\/www.ferienzentrum-heidenau.de\/wp-content\/uploads\/Ferienzentrum-Camping-Urlaub-Wohnmobil-Ferien-Wohnwagen-Zelt-A1-Heidenau-Jubilaeum-50-Jahre-042-1536x1152.jpg 1536w, https:\/\/www.ferienzentrum-heidenau.de\/wp-content\/uploads\/Ferienzentrum-Camping-Urlaub-Wohnmobil-Ferien-Wohnwagen-Zelt-A1-Heidenau-Jubilaeum-50-Jahre-042-249x187.jpg 249w, https:\/\/www.ferienzentrum-heidenau.de\/wp-content\/uploads\/Ferienzentrum-Camping-Urlaub-Wohnmobil-Ferien-Wohnwagen-Zelt-A1-Heidenau-Jubilaeum-50-Jahre-042-1170x878.jpg 1170w\" sizes=\"auto, (max-width: 2000px) 100vw, 2000px\" \/><span class=\"gallery_caption\"><\/span><\/a><\/div><\/div><div class=\"row zn_image_gallery \"><div class=\"col-sm-6 col-md-4 col-lg-4\"><a href=\"https:\/\/www.ferienzentrum-heidenau.de\/wp-content\/uploads\/Ferienzentrum-Camping-Urlaub-Wohnmobil-Ferien-Wohnwagen-Zelt-A1-Heidenau-Jubilaeum-50-Jahre-043.jpg\" title=\"\" class=\"hoverBorder\"><img loading=\"lazy\" decoding=\"async\" width=\"2000\" height=\"1500\" src=\"https:\/\/www.ferienzentrum-heidenau.de\/wp-content\/uploads\/Ferienzentrum-Camping-Urlaub-Wohnmobil-Ferien-Wohnwagen-Zelt-A1-Heidenau-Jubilaeum-50-Jahre-043.jpg\" class=\"attachment-full size-full\" alt=\"\" link=\"file\" size=\"full\" ids=\"7401,7404,7407,7410,7413,7416,7419,7422,7425,7428,7431,7434,7437,7440,7443,7446,7449,7452,7455,7458,7461,7464,7467,7470,7473,7476,7479,7482,7485,7488,7491,7494,7497,7500,7503,7506,7509,7512,7515,7518,7521,7524,7527,7530,7533,7536,7539,7542,7545,7548,7551,7554,7557,7560,7563,7566,7569,7572,7575,7578\" orderby=\"post__in\" include=\"7401,7404,7407,7410,7413,7416,7419,7422,7425,7428,7431,7434,7437,7440,7443,7446,7449,7452,7455,7458,7461,7464,7467,7470,7473,7476,7479,7482,7485,7488,7491,7494,7497,7500,7503,7506,7509,7512,7515,7518,7521,7524,7527,7530,7533,7536,7539,7542,7545,7548,7551,7554,7557,7560,7563,7566,7569,7572,7575,7578\" srcset=\"https:\/\/www.ferienzentrum-heidenau.de\/wp-content\/uploads\/Ferienzentrum-Camping-Urlaub-Wohnmobil-Ferien-Wohnwagen-Zelt-A1-Heidenau-Jubilaeum-50-Jahre-043.jpg 2000w, https:\/\/www.ferienzentrum-heidenau.de\/wp-content\/uploads\/Ferienzentrum-Camping-Urlaub-Wohnmobil-Ferien-Wohnwagen-Zelt-A1-Heidenau-Jubilaeum-50-Jahre-043-300x225.jpg 300w, https:\/\/www.ferienzentrum-heidenau.de\/wp-content\/uploads\/Ferienzentrum-Camping-Urlaub-Wohnmobil-Ferien-Wohnwagen-Zelt-A1-Heidenau-Jubilaeum-50-Jahre-043-768x576.jpg 768w, https:\/\/www.ferienzentrum-heidenau.de\/wp-content\/uploads\/Ferienzentrum-Camping-Urlaub-Wohnmobil-Ferien-Wohnwagen-Zelt-A1-Heidenau-Jubilaeum-50-Jahre-043-1536x1152.jpg 1536w, https:\/\/www.ferienzentrum-heidenau.de\/wp-content\/uploads\/Ferienzentrum-Camping-Urlaub-Wohnmobil-Ferien-Wohnwagen-Zelt-A1-Heidenau-Jubilaeum-50-Jahre-043-249x187.jpg 249w, https:\/\/www.ferienzentrum-heidenau.de\/wp-content\/uploads\/Ferienzentrum-Camping-Urlaub-Wohnmobil-Ferien-Wohnwagen-Zelt-A1-Heidenau-Jubilaeum-50-Jahre-043-1170x878.jpg 1170w\" sizes=\"auto, (max-width: 2000px) 100vw, 2000px\" \/><span class=\"gallery_caption\"><\/span><\/a><\/div><div class=\"col-sm-6 col-md-4 col-lg-4\"><a href=\"https:\/\/www.ferienzentrum-heidenau.de\/wp-content\/uploads\/Ferienzentrum-Camping-Urlaub-Wohnmobil-Ferien-Wohnwagen-Zelt-A1-Heidenau-Jubilaeum-50-Jahre-044.jpg\" title=\"\" class=\"hoverBorder\"><img loading=\"lazy\" decoding=\"async\" width=\"2000\" height=\"1500\" src=\"https:\/\/www.ferienzentrum-heidenau.de\/wp-content\/uploads\/Ferienzentrum-Camping-Urlaub-Wohnmobil-Ferien-Wohnwagen-Zelt-A1-Heidenau-Jubilaeum-50-Jahre-044.jpg\" class=\"attachment-full size-full\" alt=\"\" link=\"file\" size=\"full\" ids=\"7401,7404,7407,7410,7413,7416,7419,7422,7425,7428,7431,7434,7437,7440,7443,7446,7449,7452,7455,7458,7461,7464,7467,7470,7473,7476,7479,7482,7485,7488,7491,7494,7497,7500,7503,7506,7509,7512,7515,7518,7521,7524,7527,7530,7533,7536,7539,7542,7545,7548,7551,7554,7557,7560,7563,7566,7569,7572,7575,7578\" orderby=\"post__in\" include=\"7401,7404,7407,7410,7413,7416,7419,7422,7425,7428,7431,7434,7437,7440,7443,7446,7449,7452,7455,7458,7461,7464,7467,7470,7473,7476,7479,7482,7485,7488,7491,7494,7497,7500,7503,7506,7509,7512,7515,7518,7521,7524,7527,7530,7533,7536,7539,7542,7545,7548,7551,7554,7557,7560,7563,7566,7569,7572,7575,7578\" srcset=\"https:\/\/www.ferienzentrum-heidenau.de\/wp-content\/uploads\/Ferienzentrum-Camping-Urlaub-Wohnmobil-Ferien-Wohnwagen-Zelt-A1-Heidenau-Jubilaeum-50-Jahre-044.jpg 2000w, https:\/\/www.ferienzentrum-heidenau.de\/wp-content\/uploads\/Ferienzentrum-Camping-Urlaub-Wohnmobil-Ferien-Wohnwagen-Zelt-A1-Heidenau-Jubilaeum-50-Jahre-044-300x225.jpg 300w, https:\/\/www.ferienzentrum-heidenau.de\/wp-content\/uploads\/Ferienzentrum-Camping-Urlaub-Wohnmobil-Ferien-Wohnwagen-Zelt-A1-Heidenau-Jubilaeum-50-Jahre-044-768x576.jpg 768w, https:\/\/www.ferienzentrum-heidenau.de\/wp-content\/uploads\/Ferienzentrum-Camping-Urlaub-Wohnmobil-Ferien-Wohnwagen-Zelt-A1-Heidenau-Jubilaeum-50-Jahre-044-1536x1152.jpg 1536w, https:\/\/www.ferienzentrum-heidenau.de\/wp-content\/uploads\/Ferienzentrum-Camping-Urlaub-Wohnmobil-Ferien-Wohnwagen-Zelt-A1-Heidenau-Jubilaeum-50-Jahre-044-249x187.jpg 249w, https:\/\/www.ferienzentrum-heidenau.de\/wp-content\/uploads\/Ferienzentrum-Camping-Urlaub-Wohnmobil-Ferien-Wohnwagen-Zelt-A1-Heidenau-Jubilaeum-50-Jahre-044-1170x878.jpg 1170w\" sizes=\"auto, (max-width: 2000px) 100vw, 2000px\" \/><span class=\"gallery_caption\"><\/span><\/a><\/div><div class=\"col-sm-6 col-md-4 col-lg-4\"><a href=\"https:\/\/www.ferienzentrum-heidenau.de\/wp-content\/uploads\/Ferienzentrum-Camping-Urlaub-Wohnmobil-Ferien-Wohnwagen-Zelt-A1-Heidenau-Jubilaeum-50-Jahre-045.jpg\" title=\"\" class=\"hoverBorder\"><img loading=\"lazy\" decoding=\"async\" width=\"2000\" height=\"1500\" src=\"https:\/\/www.ferienzentrum-heidenau.de\/wp-content\/uploads\/Ferienzentrum-Camping-Urlaub-Wohnmobil-Ferien-Wohnwagen-Zelt-A1-Heidenau-Jubilaeum-50-Jahre-045.jpg\" class=\"attachment-full size-full\" alt=\"\" link=\"file\" size=\"full\" ids=\"7401,7404,7407,7410,7413,7416,7419,7422,7425,7428,7431,7434,7437,7440,7443,7446,7449,7452,7455,7458,7461,7464,7467,7470,7473,7476,7479,7482,7485,7488,7491,7494,7497,7500,7503,7506,7509,7512,7515,7518,7521,7524,7527,7530,7533,7536,7539,7542,7545,7548,7551,7554,7557,7560,7563,7566,7569,7572,7575,7578\" orderby=\"post__in\" include=\"7401,7404,7407,7410,7413,7416,7419,7422,7425,7428,7431,7434,7437,7440,7443,7446,7449,7452,7455,7458,7461,7464,7467,7470,7473,7476,7479,7482,7485,7488,7491,7494,7497,7500,7503,7506,7509,7512,7515,7518,7521,7524,7527,7530,7533,7536,7539,7542,7545,7548,7551,7554,7557,7560,7563,7566,7569,7572,7575,7578\" srcset=\"https:\/\/www.ferienzentrum-heidenau.de\/wp-content\/uploads\/Ferienzentrum-Camping-Urlaub-Wohnmobil-Ferien-Wohnwagen-Zelt-A1-Heidenau-Jubilaeum-50-Jahre-045.jpg 2000w, https:\/\/www.ferienzentrum-heidenau.de\/wp-content\/uploads\/Ferienzentrum-Camping-Urlaub-Wohnmobil-Ferien-Wohnwagen-Zelt-A1-Heidenau-Jubilaeum-50-Jahre-045-300x225.jpg 300w, https:\/\/www.ferienzentrum-heidenau.de\/wp-content\/uploads\/Ferienzentrum-Camping-Urlaub-Wohnmobil-Ferien-Wohnwagen-Zelt-A1-Heidenau-Jubilaeum-50-Jahre-045-768x576.jpg 768w, https:\/\/www.ferienzentrum-heidenau.de\/wp-content\/uploads\/Ferienzentrum-Camping-Urlaub-Wohnmobil-Ferien-Wohnwagen-Zelt-A1-Heidenau-Jubilaeum-50-Jahre-045-1536x1152.jpg 1536w, https:\/\/www.ferienzentrum-heidenau.de\/wp-content\/uploads\/Ferienzentrum-Camping-Urlaub-Wohnmobil-Ferien-Wohnwagen-Zelt-A1-Heidenau-Jubilaeum-50-Jahre-045-249x187.jpg 249w, https:\/\/www.ferienzentrum-heidenau.de\/wp-content\/uploads\/Ferienzentrum-Camping-Urlaub-Wohnmobil-Ferien-Wohnwagen-Zelt-A1-Heidenau-Jubilaeum-50-Jahre-045-1170x878.jpg 1170w\" sizes=\"auto, (max-width: 2000px) 100vw, 2000px\" \/><span class=\"gallery_caption\"><\/span><\/a><\/div><\/div><div class=\"row zn_image_gallery \"><div class=\"col-sm-6 col-md-4 col-lg-4\"><a href=\"https:\/\/www.ferienzentrum-heidenau.de\/wp-content\/uploads\/Ferienzentrum-Camping-Urlaub-Wohnmobil-Ferien-Wohnwagen-Zelt-A1-Heidenau-Jubilaeum-50-Jahre-046.jpg\" title=\"\" class=\"hoverBorder\"><img loading=\"lazy\" decoding=\"async\" width=\"2000\" height=\"1500\" src=\"https:\/\/www.ferienzentrum-heidenau.de\/wp-content\/uploads\/Ferienzentrum-Camping-Urlaub-Wohnmobil-Ferien-Wohnwagen-Zelt-A1-Heidenau-Jubilaeum-50-Jahre-046.jpg\" class=\"attachment-full size-full\" alt=\"\" link=\"file\" size=\"full\" ids=\"7401,7404,7407,7410,7413,7416,7419,7422,7425,7428,7431,7434,7437,7440,7443,7446,7449,7452,7455,7458,7461,7464,7467,7470,7473,7476,7479,7482,7485,7488,7491,7494,7497,7500,7503,7506,7509,7512,7515,7518,7521,7524,7527,7530,7533,7536,7539,7542,7545,7548,7551,7554,7557,7560,7563,7566,7569,7572,7575,7578\" orderby=\"post__in\" include=\"7401,7404,7407,7410,7413,7416,7419,7422,7425,7428,7431,7434,7437,7440,7443,7446,7449,7452,7455,7458,7461,7464,7467,7470,7473,7476,7479,7482,7485,7488,7491,7494,7497,7500,7503,7506,7509,7512,7515,7518,7521,7524,7527,7530,7533,7536,7539,7542,7545,7548,7551,7554,7557,7560,7563,7566,7569,7572,7575,7578\" srcset=\"https:\/\/www.ferienzentrum-heidenau.de\/wp-content\/uploads\/Ferienzentrum-Camping-Urlaub-Wohnmobil-Ferien-Wohnwagen-Zelt-A1-Heidenau-Jubilaeum-50-Jahre-046.jpg 2000w, https:\/\/www.ferienzentrum-heidenau.de\/wp-content\/uploads\/Ferienzentrum-Camping-Urlaub-Wohnmobil-Ferien-Wohnwagen-Zelt-A1-Heidenau-Jubilaeum-50-Jahre-046-300x225.jpg 300w, https:\/\/www.ferienzentrum-heidenau.de\/wp-content\/uploads\/Ferienzentrum-Camping-Urlaub-Wohnmobil-Ferien-Wohnwagen-Zelt-A1-Heidenau-Jubilaeum-50-Jahre-046-768x576.jpg 768w, https:\/\/www.ferienzentrum-heidenau.de\/wp-content\/uploads\/Ferienzentrum-Camping-Urlaub-Wohnmobil-Ferien-Wohnwagen-Zelt-A1-Heidenau-Jubilaeum-50-Jahre-046-1536x1152.jpg 1536w, https:\/\/www.ferienzentrum-heidenau.de\/wp-content\/uploads\/Ferienzentrum-Camping-Urlaub-Wohnmobil-Ferien-Wohnwagen-Zelt-A1-Heidenau-Jubilaeum-50-Jahre-046-249x187.jpg 249w, https:\/\/www.ferienzentrum-heidenau.de\/wp-content\/uploads\/Ferienzentrum-Camping-Urlaub-Wohnmobil-Ferien-Wohnwagen-Zelt-A1-Heidenau-Jubilaeum-50-Jahre-046-1170x878.jpg 1170w\" sizes=\"auto, (max-width: 2000px) 100vw, 2000px\" \/><span class=\"gallery_caption\"><\/span><\/a><\/div><div class=\"col-sm-6 col-md-4 col-lg-4\"><a href=\"https:\/\/www.ferienzentrum-heidenau.de\/wp-content\/uploads\/Ferienzentrum-Camping-Urlaub-Wohnmobil-Ferien-Wohnwagen-Zelt-A1-Heidenau-Jubilaeum-50-Jahre-047.jpg\" title=\"\" class=\"hoverBorder\"><img loading=\"lazy\" decoding=\"async\" width=\"2000\" height=\"1500\" src=\"https:\/\/www.ferienzentrum-heidenau.de\/wp-content\/uploads\/Ferienzentrum-Camping-Urlaub-Wohnmobil-Ferien-Wohnwagen-Zelt-A1-Heidenau-Jubilaeum-50-Jahre-047.jpg\" class=\"attachment-full size-full\" alt=\"\" link=\"file\" size=\"full\" ids=\"7401,7404,7407,7410,7413,7416,7419,7422,7425,7428,7431,7434,7437,7440,7443,7446,7449,7452,7455,7458,7461,7464,7467,7470,7473,7476,7479,7482,7485,7488,7491,7494,7497,7500,7503,7506,7509,7512,7515,7518,7521,7524,7527,7530,7533,7536,7539,7542,7545,7548,7551,7554,7557,7560,7563,7566,7569,7572,7575,7578\" orderby=\"post__in\" include=\"7401,7404,7407,7410,7413,7416,7419,7422,7425,7428,7431,7434,7437,7440,7443,7446,7449,7452,7455,7458,7461,7464,7467,7470,7473,7476,7479,7482,7485,7488,7491,7494,7497,7500,7503,7506,7509,7512,7515,7518,7521,7524,7527,7530,7533,7536,7539,7542,7545,7548,7551,7554,7557,7560,7563,7566,7569,7572,7575,7578\" srcset=\"https:\/\/www.ferienzentrum-heidenau.de\/wp-content\/uploads\/Ferienzentrum-Camping-Urlaub-Wohnmobil-Ferien-Wohnwagen-Zelt-A1-Heidenau-Jubilaeum-50-Jahre-047.jpg 2000w, https:\/\/www.ferienzentrum-heidenau.de\/wp-content\/uploads\/Ferienzentrum-Camping-Urlaub-Wohnmobil-Ferien-Wohnwagen-Zelt-A1-Heidenau-Jubilaeum-50-Jahre-047-300x225.jpg 300w, https:\/\/www.ferienzentrum-heidenau.de\/wp-content\/uploads\/Ferienzentrum-Camping-Urlaub-Wohnmobil-Ferien-Wohnwagen-Zelt-A1-Heidenau-Jubilaeum-50-Jahre-047-768x576.jpg 768w, https:\/\/www.ferienzentrum-heidenau.de\/wp-content\/uploads\/Ferienzentrum-Camping-Urlaub-Wohnmobil-Ferien-Wohnwagen-Zelt-A1-Heidenau-Jubilaeum-50-Jahre-047-1536x1152.jpg 1536w, https:\/\/www.ferienzentrum-heidenau.de\/wp-content\/uploads\/Ferienzentrum-Camping-Urlaub-Wohnmobil-Ferien-Wohnwagen-Zelt-A1-Heidenau-Jubilaeum-50-Jahre-047-249x187.jpg 249w, https:\/\/www.ferienzentrum-heidenau.de\/wp-content\/uploads\/Ferienzentrum-Camping-Urlaub-Wohnmobil-Ferien-Wohnwagen-Zelt-A1-Heidenau-Jubilaeum-50-Jahre-047-1170x878.jpg 1170w\" sizes=\"auto, (max-width: 2000px) 100vw, 2000px\" \/><span class=\"gallery_caption\"><\/span><\/a><\/div><div class=\"col-sm-6 col-md-4 col-lg-4\"><a href=\"https:\/\/www.ferienzentrum-heidenau.de\/wp-content\/uploads\/Ferienzentrum-Camping-Urlaub-Wohnmobil-Ferien-Wohnwagen-Zelt-A1-Heidenau-Jubilaeum-50-Jahre-048.jpg\" title=\"\" class=\"hoverBorder\"><img loading=\"lazy\" decoding=\"async\" width=\"2000\" height=\"1500\" src=\"https:\/\/www.ferienzentrum-heidenau.de\/wp-content\/uploads\/Ferienzentrum-Camping-Urlaub-Wohnmobil-Ferien-Wohnwagen-Zelt-A1-Heidenau-Jubilaeum-50-Jahre-048.jpg\" class=\"attachment-full size-full\" alt=\"\" link=\"file\" size=\"full\" ids=\"7401,7404,7407,7410,7413,7416,7419,7422,7425,7428,7431,7434,7437,7440,7443,7446,7449,7452,7455,7458,7461,7464,7467,7470,7473,7476,7479,7482,7485,7488,7491,7494,7497,7500,7503,7506,7509,7512,7515,7518,7521,7524,7527,7530,7533,7536,7539,7542,7545,7548,7551,7554,7557,7560,7563,7566,7569,7572,7575,7578\" orderby=\"post__in\" include=\"7401,7404,7407,7410,7413,7416,7419,7422,7425,7428,7431,7434,7437,7440,7443,7446,7449,7452,7455,7458,7461,7464,7467,7470,7473,7476,7479,7482,7485,7488,7491,7494,7497,7500,7503,7506,7509,7512,7515,7518,7521,7524,7527,7530,7533,7536,7539,7542,7545,7548,7551,7554,7557,7560,7563,7566,7569,7572,7575,7578\" srcset=\"https:\/\/www.ferienzentrum-heidenau.de\/wp-content\/uploads\/Ferienzentrum-Camping-Urlaub-Wohnmobil-Ferien-Wohnwagen-Zelt-A1-Heidenau-Jubilaeum-50-Jahre-048.jpg 2000w, https:\/\/www.ferienzentrum-heidenau.de\/wp-content\/uploads\/Ferienzentrum-Camping-Urlaub-Wohnmobil-Ferien-Wohnwagen-Zelt-A1-Heidenau-Jubilaeum-50-Jahre-048-300x225.jpg 300w, https:\/\/www.ferienzentrum-heidenau.de\/wp-content\/uploads\/Ferienzentrum-Camping-Urlaub-Wohnmobil-Ferien-Wohnwagen-Zelt-A1-Heidenau-Jubilaeum-50-Jahre-048-768x576.jpg 768w, https:\/\/www.ferienzentrum-heidenau.de\/wp-content\/uploads\/Ferienzentrum-Camping-Urlaub-Wohnmobil-Ferien-Wohnwagen-Zelt-A1-Heidenau-Jubilaeum-50-Jahre-048-1536x1152.jpg 1536w, https:\/\/www.ferienzentrum-heidenau.de\/wp-content\/uploads\/Ferienzentrum-Camping-Urlaub-Wohnmobil-Ferien-Wohnwagen-Zelt-A1-Heidenau-Jubilaeum-50-Jahre-048-249x187.jpg 249w, https:\/\/www.ferienzentrum-heidenau.de\/wp-content\/uploads\/Ferienzentrum-Camping-Urlaub-Wohnmobil-Ferien-Wohnwagen-Zelt-A1-Heidenau-Jubilaeum-50-Jahre-048-1170x878.jpg 1170w\" sizes=\"auto, (max-width: 2000px) 100vw, 2000px\" \/><span class=\"gallery_caption\"><\/span><\/a><\/div><\/div><div class=\"row zn_image_gallery \"><div class=\"col-sm-6 col-md-4 col-lg-4\"><a href=\"https:\/\/www.ferienzentrum-heidenau.de\/wp-content\/uploads\/Ferienzentrum-Camping-Urlaub-Wohnmobil-Ferien-Wohnwagen-Zelt-A1-Heidenau-Jubilaeum-50-Jahre-049.jpg\" title=\"\" class=\"hoverBorder\"><img loading=\"lazy\" decoding=\"async\" width=\"2000\" height=\"1500\" src=\"https:\/\/www.ferienzentrum-heidenau.de\/wp-content\/uploads\/Ferienzentrum-Camping-Urlaub-Wohnmobil-Ferien-Wohnwagen-Zelt-A1-Heidenau-Jubilaeum-50-Jahre-049.jpg\" class=\"attachment-full size-full\" alt=\"\" link=\"file\" size=\"full\" ids=\"7401,7404,7407,7410,7413,7416,7419,7422,7425,7428,7431,7434,7437,7440,7443,7446,7449,7452,7455,7458,7461,7464,7467,7470,7473,7476,7479,7482,7485,7488,7491,7494,7497,7500,7503,7506,7509,7512,7515,7518,7521,7524,7527,7530,7533,7536,7539,7542,7545,7548,7551,7554,7557,7560,7563,7566,7569,7572,7575,7578\" orderby=\"post__in\" include=\"7401,7404,7407,7410,7413,7416,7419,7422,7425,7428,7431,7434,7437,7440,7443,7446,7449,7452,7455,7458,7461,7464,7467,7470,7473,7476,7479,7482,7485,7488,7491,7494,7497,7500,7503,7506,7509,7512,7515,7518,7521,7524,7527,7530,7533,7536,7539,7542,7545,7548,7551,7554,7557,7560,7563,7566,7569,7572,7575,7578\" srcset=\"https:\/\/www.ferienzentrum-heidenau.de\/wp-content\/uploads\/Ferienzentrum-Camping-Urlaub-Wohnmobil-Ferien-Wohnwagen-Zelt-A1-Heidenau-Jubilaeum-50-Jahre-049.jpg 2000w, https:\/\/www.ferienzentrum-heidenau.de\/wp-content\/uploads\/Ferienzentrum-Camping-Urlaub-Wohnmobil-Ferien-Wohnwagen-Zelt-A1-Heidenau-Jubilaeum-50-Jahre-049-300x225.jpg 300w, https:\/\/www.ferienzentrum-heidenau.de\/wp-content\/uploads\/Ferienzentrum-Camping-Urlaub-Wohnmobil-Ferien-Wohnwagen-Zelt-A1-Heidenau-Jubilaeum-50-Jahre-049-768x576.jpg 768w, https:\/\/www.ferienzentrum-heidenau.de\/wp-content\/uploads\/Ferienzentrum-Camping-Urlaub-Wohnmobil-Ferien-Wohnwagen-Zelt-A1-Heidenau-Jubilaeum-50-Jahre-049-1536x1152.jpg 1536w, https:\/\/www.ferienzentrum-heidenau.de\/wp-content\/uploads\/Ferienzentrum-Camping-Urlaub-Wohnmobil-Ferien-Wohnwagen-Zelt-A1-Heidenau-Jubilaeum-50-Jahre-049-249x187.jpg 249w, https:\/\/www.ferienzentrum-heidenau.de\/wp-content\/uploads\/Ferienzentrum-Camping-Urlaub-Wohnmobil-Ferien-Wohnwagen-Zelt-A1-Heidenau-Jubilaeum-50-Jahre-049-1170x878.jpg 1170w\" sizes=\"auto, (max-width: 2000px) 100vw, 2000px\" \/><span class=\"gallery_caption\"><\/span><\/a><\/div><div class=\"col-sm-6 col-md-4 col-lg-4\"><a href=\"https:\/\/www.ferienzentrum-heidenau.de\/wp-content\/uploads\/Ferienzentrum-Camping-Urlaub-Wohnmobil-Ferien-Wohnwagen-Zelt-A1-Heidenau-Jubilaeum-50-Jahre-050.jpg\" title=\"\" class=\"hoverBorder\"><img loading=\"lazy\" decoding=\"async\" width=\"2000\" height=\"1500\" src=\"https:\/\/www.ferienzentrum-heidenau.de\/wp-content\/uploads\/Ferienzentrum-Camping-Urlaub-Wohnmobil-Ferien-Wohnwagen-Zelt-A1-Heidenau-Jubilaeum-50-Jahre-050.jpg\" class=\"attachment-full size-full\" alt=\"\" link=\"file\" size=\"full\" ids=\"7401,7404,7407,7410,7413,7416,7419,7422,7425,7428,7431,7434,7437,7440,7443,7446,7449,7452,7455,7458,7461,7464,7467,7470,7473,7476,7479,7482,7485,7488,7491,7494,7497,7500,7503,7506,7509,7512,7515,7518,7521,7524,7527,7530,7533,7536,7539,7542,7545,7548,7551,7554,7557,7560,7563,7566,7569,7572,7575,7578\" orderby=\"post__in\" include=\"7401,7404,7407,7410,7413,7416,7419,7422,7425,7428,7431,7434,7437,7440,7443,7446,7449,7452,7455,7458,7461,7464,7467,7470,7473,7476,7479,7482,7485,7488,7491,7494,7497,7500,7503,7506,7509,7512,7515,7518,7521,7524,7527,7530,7533,7536,7539,7542,7545,7548,7551,7554,7557,7560,7563,7566,7569,7572,7575,7578\" srcset=\"https:\/\/www.ferienzentrum-heidenau.de\/wp-content\/uploads\/Ferienzentrum-Camping-Urlaub-Wohnmobil-Ferien-Wohnwagen-Zelt-A1-Heidenau-Jubilaeum-50-Jahre-050.jpg 2000w, https:\/\/www.ferienzentrum-heidenau.de\/wp-content\/uploads\/Ferienzentrum-Camping-Urlaub-Wohnmobil-Ferien-Wohnwagen-Zelt-A1-Heidenau-Jubilaeum-50-Jahre-050-300x225.jpg 300w, https:\/\/www.ferienzentrum-heidenau.de\/wp-content\/uploads\/Ferienzentrum-Camping-Urlaub-Wohnmobil-Ferien-Wohnwagen-Zelt-A1-Heidenau-Jubilaeum-50-Jahre-050-768x576.jpg 768w, https:\/\/www.ferienzentrum-heidenau.de\/wp-content\/uploads\/Ferienzentrum-Camping-Urlaub-Wohnmobil-Ferien-Wohnwagen-Zelt-A1-Heidenau-Jubilaeum-50-Jahre-050-1536x1152.jpg 1536w, https:\/\/www.ferienzentrum-heidenau.de\/wp-content\/uploads\/Ferienzentrum-Camping-Urlaub-Wohnmobil-Ferien-Wohnwagen-Zelt-A1-Heidenau-Jubilaeum-50-Jahre-050-249x187.jpg 249w, https:\/\/www.ferienzentrum-heidenau.de\/wp-content\/uploads\/Ferienzentrum-Camping-Urlaub-Wohnmobil-Ferien-Wohnwagen-Zelt-A1-Heidenau-Jubilaeum-50-Jahre-050-1170x878.jpg 1170w\" sizes=\"auto, (max-width: 2000px) 100vw, 2000px\" \/><span class=\"gallery_caption\"><\/span><\/a><\/div><div class=\"col-sm-6 col-md-4 col-lg-4\"><a href=\"https:\/\/www.ferienzentrum-heidenau.de\/wp-content\/uploads\/Ferienzentrum-Camping-Urlaub-Wohnmobil-Ferien-Wohnwagen-Zelt-A1-Heidenau-Jubilaeum-50-Jahre-051.jpg\" title=\"\" class=\"hoverBorder\"><img loading=\"lazy\" decoding=\"async\" width=\"2000\" height=\"1500\" src=\"https:\/\/www.ferienzentrum-heidenau.de\/wp-content\/uploads\/Ferienzentrum-Camping-Urlaub-Wohnmobil-Ferien-Wohnwagen-Zelt-A1-Heidenau-Jubilaeum-50-Jahre-051.jpg\" class=\"attachment-full size-full\" alt=\"\" link=\"file\" size=\"full\" ids=\"7401,7404,7407,7410,7413,7416,7419,7422,7425,7428,7431,7434,7437,7440,7443,7446,7449,7452,7455,7458,7461,7464,7467,7470,7473,7476,7479,7482,7485,7488,7491,7494,7497,7500,7503,7506,7509,7512,7515,7518,7521,7524,7527,7530,7533,7536,7539,7542,7545,7548,7551,7554,7557,7560,7563,7566,7569,7572,7575,7578\" orderby=\"post__in\" include=\"7401,7404,7407,7410,7413,7416,7419,7422,7425,7428,7431,7434,7437,7440,7443,7446,7449,7452,7455,7458,7461,7464,7467,7470,7473,7476,7479,7482,7485,7488,7491,7494,7497,7500,7503,7506,7509,7512,7515,7518,7521,7524,7527,7530,7533,7536,7539,7542,7545,7548,7551,7554,7557,7560,7563,7566,7569,7572,7575,7578\" srcset=\"https:\/\/www.ferienzentrum-heidenau.de\/wp-content\/uploads\/Ferienzentrum-Camping-Urlaub-Wohnmobil-Ferien-Wohnwagen-Zelt-A1-Heidenau-Jubilaeum-50-Jahre-051.jpg 2000w, https:\/\/www.ferienzentrum-heidenau.de\/wp-content\/uploads\/Ferienzentrum-Camping-Urlaub-Wohnmobil-Ferien-Wohnwagen-Zelt-A1-Heidenau-Jubilaeum-50-Jahre-051-300x225.jpg 300w, https:\/\/www.ferienzentrum-heidenau.de\/wp-content\/uploads\/Ferienzentrum-Camping-Urlaub-Wohnmobil-Ferien-Wohnwagen-Zelt-A1-Heidenau-Jubilaeum-50-Jahre-051-768x576.jpg 768w, https:\/\/www.ferienzentrum-heidenau.de\/wp-content\/uploads\/Ferienzentrum-Camping-Urlaub-Wohnmobil-Ferien-Wohnwagen-Zelt-A1-Heidenau-Jubilaeum-50-Jahre-051-1536x1152.jpg 1536w, https:\/\/www.ferienzentrum-heidenau.de\/wp-content\/uploads\/Ferienzentrum-Camping-Urlaub-Wohnmobil-Ferien-Wohnwagen-Zelt-A1-Heidenau-Jubilaeum-50-Jahre-051-249x187.jpg 249w, https:\/\/www.ferienzentrum-heidenau.de\/wp-content\/uploads\/Ferienzentrum-Camping-Urlaub-Wohnmobil-Ferien-Wohnwagen-Zelt-A1-Heidenau-Jubilaeum-50-Jahre-051-1170x878.jpg 1170w\" sizes=\"auto, (max-width: 2000px) 100vw, 2000px\" \/><span class=\"gallery_caption\"><\/span><\/a><\/div><\/div><div class=\"row zn_image_gallery \"><div class=\"col-sm-6 col-md-4 col-lg-4\"><a href=\"https:\/\/www.ferienzentrum-heidenau.de\/wp-content\/uploads\/Ferienzentrum-Camping-Urlaub-Wohnmobil-Ferien-Wohnwagen-Zelt-A1-Heidenau-Jubilaeum-50-Jahre-052-scaled.jpg\" title=\"\" class=\"hoverBorder\"><img loading=\"lazy\" decoding=\"async\" width=\"2560\" height=\"1183\" src=\"https:\/\/www.ferienzentrum-heidenau.de\/wp-content\/uploads\/Ferienzentrum-Camping-Urlaub-Wohnmobil-Ferien-Wohnwagen-Zelt-A1-Heidenau-Jubilaeum-50-Jahre-052-scaled.jpg\" class=\"attachment-full size-full\" alt=\"\" link=\"file\" size=\"full\" ids=\"7401,7404,7407,7410,7413,7416,7419,7422,7425,7428,7431,7434,7437,7440,7443,7446,7449,7452,7455,7458,7461,7464,7467,7470,7473,7476,7479,7482,7485,7488,7491,7494,7497,7500,7503,7506,7509,7512,7515,7518,7521,7524,7527,7530,7533,7536,7539,7542,7545,7548,7551,7554,7557,7560,7563,7566,7569,7572,7575,7578\" orderby=\"post__in\" include=\"7401,7404,7407,7410,7413,7416,7419,7422,7425,7428,7431,7434,7437,7440,7443,7446,7449,7452,7455,7458,7461,7464,7467,7470,7473,7476,7479,7482,7485,7488,7491,7494,7497,7500,7503,7506,7509,7512,7515,7518,7521,7524,7527,7530,7533,7536,7539,7542,7545,7548,7551,7554,7557,7560,7563,7566,7569,7572,7575,7578\" srcset=\"https:\/\/www.ferienzentrum-heidenau.de\/wp-content\/uploads\/Ferienzentrum-Camping-Urlaub-Wohnmobil-Ferien-Wohnwagen-Zelt-A1-Heidenau-Jubilaeum-50-Jahre-052-scaled.jpg 2560w, https:\/\/www.ferienzentrum-heidenau.de\/wp-content\/uploads\/Ferienzentrum-Camping-Urlaub-Wohnmobil-Ferien-Wohnwagen-Zelt-A1-Heidenau-Jubilaeum-50-Jahre-052-300x139.jpg 300w, https:\/\/www.ferienzentrum-heidenau.de\/wp-content\/uploads\/Ferienzentrum-Camping-Urlaub-Wohnmobil-Ferien-Wohnwagen-Zelt-A1-Heidenau-Jubilaeum-50-Jahre-052-768x355.jpg 768w, https:\/\/www.ferienzentrum-heidenau.de\/wp-content\/uploads\/Ferienzentrum-Camping-Urlaub-Wohnmobil-Ferien-Wohnwagen-Zelt-A1-Heidenau-Jubilaeum-50-Jahre-052-1536x710.jpg 1536w, https:\/\/www.ferienzentrum-heidenau.de\/wp-content\/uploads\/Ferienzentrum-Camping-Urlaub-Wohnmobil-Ferien-Wohnwagen-Zelt-A1-Heidenau-Jubilaeum-50-Jahre-052-2048x946.jpg 2048w, https:\/\/www.ferienzentrum-heidenau.de\/wp-content\/uploads\/Ferienzentrum-Camping-Urlaub-Wohnmobil-Ferien-Wohnwagen-Zelt-A1-Heidenau-Jubilaeum-50-Jahre-052-280x129.jpg 280w, https:\/\/www.ferienzentrum-heidenau.de\/wp-content\/uploads\/Ferienzentrum-Camping-Urlaub-Wohnmobil-Ferien-Wohnwagen-Zelt-A1-Heidenau-Jubilaeum-50-Jahre-052-1170x540.jpg 1170w\" sizes=\"auto, (max-width: 2560px) 100vw, 2560px\" \/><span class=\"gallery_caption\"><\/span><\/a><\/div><div class=\"col-sm-6 col-md-4 col-lg-4\"><a href=\"https:\/\/www.ferienzentrum-heidenau.de\/wp-content\/uploads\/Ferienzentrum-Camping-Urlaub-Wohnmobil-Ferien-Wohnwagen-Zelt-A1-Heidenau-Jubilaeum-50-Jahre-053-scaled.jpg\" title=\"\" class=\"hoverBorder\"><img loading=\"lazy\" decoding=\"async\" width=\"2560\" height=\"1183\" src=\"https:\/\/www.ferienzentrum-heidenau.de\/wp-content\/uploads\/Ferienzentrum-Camping-Urlaub-Wohnmobil-Ferien-Wohnwagen-Zelt-A1-Heidenau-Jubilaeum-50-Jahre-053-scaled.jpg\" class=\"attachment-full size-full\" alt=\"\" link=\"file\" size=\"full\" ids=\"7401,7404,7407,7410,7413,7416,7419,7422,7425,7428,7431,7434,7437,7440,7443,7446,7449,7452,7455,7458,7461,7464,7467,7470,7473,7476,7479,7482,7485,7488,7491,7494,7497,7500,7503,7506,7509,7512,7515,7518,7521,7524,7527,7530,7533,7536,7539,7542,7545,7548,7551,7554,7557,7560,7563,7566,7569,7572,7575,7578\" orderby=\"post__in\" include=\"7401,7404,7407,7410,7413,7416,7419,7422,7425,7428,7431,7434,7437,7440,7443,7446,7449,7452,7455,7458,7461,7464,7467,7470,7473,7476,7479,7482,7485,7488,7491,7494,7497,7500,7503,7506,7509,7512,7515,7518,7521,7524,7527,7530,7533,7536,7539,7542,7545,7548,7551,7554,7557,7560,7563,7566,7569,7572,7575,7578\" srcset=\"https:\/\/www.ferienzentrum-heidenau.de\/wp-content\/uploads\/Ferienzentrum-Camping-Urlaub-Wohnmobil-Ferien-Wohnwagen-Zelt-A1-Heidenau-Jubilaeum-50-Jahre-053-scaled.jpg 2560w, https:\/\/www.ferienzentrum-heidenau.de\/wp-content\/uploads\/Ferienzentrum-Camping-Urlaub-Wohnmobil-Ferien-Wohnwagen-Zelt-A1-Heidenau-Jubilaeum-50-Jahre-053-300x139.jpg 300w, https:\/\/www.ferienzentrum-heidenau.de\/wp-content\/uploads\/Ferienzentrum-Camping-Urlaub-Wohnmobil-Ferien-Wohnwagen-Zelt-A1-Heidenau-Jubilaeum-50-Jahre-053-768x355.jpg 768w, https:\/\/www.ferienzentrum-heidenau.de\/wp-content\/uploads\/Ferienzentrum-Camping-Urlaub-Wohnmobil-Ferien-Wohnwagen-Zelt-A1-Heidenau-Jubilaeum-50-Jahre-053-1536x710.jpg 1536w, https:\/\/www.ferienzentrum-heidenau.de\/wp-content\/uploads\/Ferienzentrum-Camping-Urlaub-Wohnmobil-Ferien-Wohnwagen-Zelt-A1-Heidenau-Jubilaeum-50-Jahre-053-2048x946.jpg 2048w, https:\/\/www.ferienzentrum-heidenau.de\/wp-content\/uploads\/Ferienzentrum-Camping-Urlaub-Wohnmobil-Ferien-Wohnwagen-Zelt-A1-Heidenau-Jubilaeum-50-Jahre-053-280x129.jpg 280w, https:\/\/www.ferienzentrum-heidenau.de\/wp-content\/uploads\/Ferienzentrum-Camping-Urlaub-Wohnmobil-Ferien-Wohnwagen-Zelt-A1-Heidenau-Jubilaeum-50-Jahre-053-1170x540.jpg 1170w\" sizes=\"auto, (max-width: 2560px) 100vw, 2560px\" \/><span class=\"gallery_caption\"><\/span><\/a><\/div><div class=\"col-sm-6 col-md-4 col-lg-4\"><a href=\"https:\/\/www.ferienzentrum-heidenau.de\/wp-content\/uploads\/Ferienzentrum-Camping-Urlaub-Wohnmobil-Ferien-Wohnwagen-Zelt-A1-Heidenau-Jubilaeum-50-Jahre-054-scaled.jpg\" title=\"\" class=\"hoverBorder\"><img loading=\"lazy\" decoding=\"async\" width=\"2560\" height=\"1183\" src=\"https:\/\/www.ferienzentrum-heidenau.de\/wp-content\/uploads\/Ferienzentrum-Camping-Urlaub-Wohnmobil-Ferien-Wohnwagen-Zelt-A1-Heidenau-Jubilaeum-50-Jahre-054-scaled.jpg\" class=\"attachment-full size-full\" alt=\"\" link=\"file\" size=\"full\" ids=\"7401,7404,7407,7410,7413,7416,7419,7422,7425,7428,7431,7434,7437,7440,7443,7446,7449,7452,7455,7458,7461,7464,7467,7470,7473,7476,7479,7482,7485,7488,7491,7494,7497,7500,7503,7506,7509,7512,7515,7518,7521,7524,7527,7530,7533,7536,7539,7542,7545,7548,7551,7554,7557,7560,7563,7566,7569,7572,7575,7578\" orderby=\"post__in\" include=\"7401,7404,7407,7410,7413,7416,7419,7422,7425,7428,7431,7434,7437,7440,7443,7446,7449,7452,7455,7458,7461,7464,7467,7470,7473,7476,7479,7482,7485,7488,7491,7494,7497,7500,7503,7506,7509,7512,7515,7518,7521,7524,7527,7530,7533,7536,7539,7542,7545,7548,7551,7554,7557,7560,7563,7566,7569,7572,7575,7578\" srcset=\"https:\/\/www.ferienzentrum-heidenau.de\/wp-content\/uploads\/Ferienzentrum-Camping-Urlaub-Wohnmobil-Ferien-Wohnwagen-Zelt-A1-Heidenau-Jubilaeum-50-Jahre-054-scaled.jpg 2560w, https:\/\/www.ferienzentrum-heidenau.de\/wp-content\/uploads\/Ferienzentrum-Camping-Urlaub-Wohnmobil-Ferien-Wohnwagen-Zelt-A1-Heidenau-Jubilaeum-50-Jahre-054-300x139.jpg 300w, https:\/\/www.ferienzentrum-heidenau.de\/wp-content\/uploads\/Ferienzentrum-Camping-Urlaub-Wohnmobil-Ferien-Wohnwagen-Zelt-A1-Heidenau-Jubilaeum-50-Jahre-054-768x355.jpg 768w, https:\/\/www.ferienzentrum-heidenau.de\/wp-content\/uploads\/Ferienzentrum-Camping-Urlaub-Wohnmobil-Ferien-Wohnwagen-Zelt-A1-Heidenau-Jubilaeum-50-Jahre-054-1536x710.jpg 1536w, https:\/\/www.ferienzentrum-heidenau.de\/wp-content\/uploads\/Ferienzentrum-Camping-Urlaub-Wohnmobil-Ferien-Wohnwagen-Zelt-A1-Heidenau-Jubilaeum-50-Jahre-054-2048x946.jpg 2048w, https:\/\/www.ferienzentrum-heidenau.de\/wp-content\/uploads\/Ferienzentrum-Camping-Urlaub-Wohnmobil-Ferien-Wohnwagen-Zelt-A1-Heidenau-Jubilaeum-50-Jahre-054-280x129.jpg 280w, https:\/\/www.ferienzentrum-heidenau.de\/wp-content\/uploads\/Ferienzentrum-Camping-Urlaub-Wohnmobil-Ferien-Wohnwagen-Zelt-A1-Heidenau-Jubilaeum-50-Jahre-054-1170x540.jpg 1170w\" sizes=\"auto, (max-width: 2560px) 100vw, 2560px\" \/><span class=\"gallery_caption\"><\/span><\/a><\/div><\/div><div class=\"row zn_image_gallery \"><div class=\"col-sm-6 col-md-4 col-lg-4\"><a href=\"https:\/\/www.ferienzentrum-heidenau.de\/wp-content\/uploads\/Ferienzentrum-Camping-Urlaub-Wohnmobil-Ferien-Wohnwagen-Zelt-A1-Heidenau-Jubilaeum-50-Jahre-055-scaled.jpg\" title=\"\" class=\"hoverBorder\"><img loading=\"lazy\" decoding=\"async\" width=\"2560\" height=\"1183\" src=\"https:\/\/www.ferienzentrum-heidenau.de\/wp-content\/uploads\/Ferienzentrum-Camping-Urlaub-Wohnmobil-Ferien-Wohnwagen-Zelt-A1-Heidenau-Jubilaeum-50-Jahre-055-scaled.jpg\" class=\"attachment-full size-full\" alt=\"\" link=\"file\" size=\"full\" ids=\"7401,7404,7407,7410,7413,7416,7419,7422,7425,7428,7431,7434,7437,7440,7443,7446,7449,7452,7455,7458,7461,7464,7467,7470,7473,7476,7479,7482,7485,7488,7491,7494,7497,7500,7503,7506,7509,7512,7515,7518,7521,7524,7527,7530,7533,7536,7539,7542,7545,7548,7551,7554,7557,7560,7563,7566,7569,7572,7575,7578\" orderby=\"post__in\" include=\"7401,7404,7407,7410,7413,7416,7419,7422,7425,7428,7431,7434,7437,7440,7443,7446,7449,7452,7455,7458,7461,7464,7467,7470,7473,7476,7479,7482,7485,7488,7491,7494,7497,7500,7503,7506,7509,7512,7515,7518,7521,7524,7527,7530,7533,7536,7539,7542,7545,7548,7551,7554,7557,7560,7563,7566,7569,7572,7575,7578\" srcset=\"https:\/\/www.ferienzentrum-heidenau.de\/wp-content\/uploads\/Ferienzentrum-Camping-Urlaub-Wohnmobil-Ferien-Wohnwagen-Zelt-A1-Heidenau-Jubilaeum-50-Jahre-055-scaled.jpg 2560w, https:\/\/www.ferienzentrum-heidenau.de\/wp-content\/uploads\/Ferienzentrum-Camping-Urlaub-Wohnmobil-Ferien-Wohnwagen-Zelt-A1-Heidenau-Jubilaeum-50-Jahre-055-300x139.jpg 300w, https:\/\/www.ferienzentrum-heidenau.de\/wp-content\/uploads\/Ferienzentrum-Camping-Urlaub-Wohnmobil-Ferien-Wohnwagen-Zelt-A1-Heidenau-Jubilaeum-50-Jahre-055-768x355.jpg 768w, https:\/\/www.ferienzentrum-heidenau.de\/wp-content\/uploads\/Ferienzentrum-Camping-Urlaub-Wohnmobil-Ferien-Wohnwagen-Zelt-A1-Heidenau-Jubilaeum-50-Jahre-055-1536x710.jpg 1536w, https:\/\/www.ferienzentrum-heidenau.de\/wp-content\/uploads\/Ferienzentrum-Camping-Urlaub-Wohnmobil-Ferien-Wohnwagen-Zelt-A1-Heidenau-Jubilaeum-50-Jahre-055-2048x946.jpg 2048w, https:\/\/www.ferienzentrum-heidenau.de\/wp-content\/uploads\/Ferienzentrum-Camping-Urlaub-Wohnmobil-Ferien-Wohnwagen-Zelt-A1-Heidenau-Jubilaeum-50-Jahre-055-280x129.jpg 280w, https:\/\/www.ferienzentrum-heidenau.de\/wp-content\/uploads\/Ferienzentrum-Camping-Urlaub-Wohnmobil-Ferien-Wohnwagen-Zelt-A1-Heidenau-Jubilaeum-50-Jahre-055-1170x540.jpg 1170w\" sizes=\"auto, (max-width: 2560px) 100vw, 2560px\" \/><span class=\"gallery_caption\"><\/span><\/a><\/div><div class=\"col-sm-6 col-md-4 col-lg-4\"><a href=\"https:\/\/www.ferienzentrum-heidenau.de\/wp-content\/uploads\/Ferienzentrum-Camping-Urlaub-Wohnmobil-Ferien-Wohnwagen-Zelt-A1-Heidenau-Jubilaeum-50-Jahre-056-scaled.jpg\" title=\"\" class=\"hoverBorder\"><img loading=\"lazy\" decoding=\"async\" width=\"2560\" height=\"1183\" src=\"https:\/\/www.ferienzentrum-heidenau.de\/wp-content\/uploads\/Ferienzentrum-Camping-Urlaub-Wohnmobil-Ferien-Wohnwagen-Zelt-A1-Heidenau-Jubilaeum-50-Jahre-056-scaled.jpg\" class=\"attachment-full size-full\" alt=\"\" link=\"file\" size=\"full\" ids=\"7401,7404,7407,7410,7413,7416,7419,7422,7425,7428,7431,7434,7437,7440,7443,7446,7449,7452,7455,7458,7461,7464,7467,7470,7473,7476,7479,7482,7485,7488,7491,7494,7497,7500,7503,7506,7509,7512,7515,7518,7521,7524,7527,7530,7533,7536,7539,7542,7545,7548,7551,7554,7557,7560,7563,7566,7569,7572,7575,7578\" orderby=\"post__in\" include=\"7401,7404,7407,7410,7413,7416,7419,7422,7425,7428,7431,7434,7437,7440,7443,7446,7449,7452,7455,7458,7461,7464,7467,7470,7473,7476,7479,7482,7485,7488,7491,7494,7497,7500,7503,7506,7509,7512,7515,7518,7521,7524,7527,7530,7533,7536,7539,7542,7545,7548,7551,7554,7557,7560,7563,7566,7569,7572,7575,7578\" srcset=\"https:\/\/www.ferienzentrum-heidenau.de\/wp-content\/uploads\/Ferienzentrum-Camping-Urlaub-Wohnmobil-Ferien-Wohnwagen-Zelt-A1-Heidenau-Jubilaeum-50-Jahre-056-scaled.jpg 2560w, https:\/\/www.ferienzentrum-heidenau.de\/wp-content\/uploads\/Ferienzentrum-Camping-Urlaub-Wohnmobil-Ferien-Wohnwagen-Zelt-A1-Heidenau-Jubilaeum-50-Jahre-056-300x139.jpg 300w, https:\/\/www.ferienzentrum-heidenau.de\/wp-content\/uploads\/Ferienzentrum-Camping-Urlaub-Wohnmobil-Ferien-Wohnwagen-Zelt-A1-Heidenau-Jubilaeum-50-Jahre-056-768x355.jpg 768w, https:\/\/www.ferienzentrum-heidenau.de\/wp-content\/uploads\/Ferienzentrum-Camping-Urlaub-Wohnmobil-Ferien-Wohnwagen-Zelt-A1-Heidenau-Jubilaeum-50-Jahre-056-1536x710.jpg 1536w, https:\/\/www.ferienzentrum-heidenau.de\/wp-content\/uploads\/Ferienzentrum-Camping-Urlaub-Wohnmobil-Ferien-Wohnwagen-Zelt-A1-Heidenau-Jubilaeum-50-Jahre-056-2048x946.jpg 2048w, https:\/\/www.ferienzentrum-heidenau.de\/wp-content\/uploads\/Ferienzentrum-Camping-Urlaub-Wohnmobil-Ferien-Wohnwagen-Zelt-A1-Heidenau-Jubilaeum-50-Jahre-056-280x129.jpg 280w, https:\/\/www.ferienzentrum-heidenau.de\/wp-content\/uploads\/Ferienzentrum-Camping-Urlaub-Wohnmobil-Ferien-Wohnwagen-Zelt-A1-Heidenau-Jubilaeum-50-Jahre-056-1170x540.jpg 1170w\" sizes=\"auto, (max-width: 2560px) 100vw, 2560px\" \/><span class=\"gallery_caption\"><\/span><\/a><\/div><div class=\"col-sm-6 col-md-4 col-lg-4\"><a href=\"https:\/\/www.ferienzentrum-heidenau.de\/wp-content\/uploads\/Ferienzentrum-Camping-Urlaub-Wohnmobil-Ferien-Wohnwagen-Zelt-A1-Heidenau-Jubilaeum-50-Jahre-057-scaled.jpg\" title=\"\" class=\"hoverBorder\"><img loading=\"lazy\" decoding=\"async\" width=\"2560\" height=\"1183\" src=\"https:\/\/www.ferienzentrum-heidenau.de\/wp-content\/uploads\/Ferienzentrum-Camping-Urlaub-Wohnmobil-Ferien-Wohnwagen-Zelt-A1-Heidenau-Jubilaeum-50-Jahre-057-scaled.jpg\" class=\"attachment-full size-full\" alt=\"\" link=\"file\" size=\"full\" ids=\"7401,7404,7407,7410,7413,7416,7419,7422,7425,7428,7431,7434,7437,7440,7443,7446,7449,7452,7455,7458,7461,7464,7467,7470,7473,7476,7479,7482,7485,7488,7491,7494,7497,7500,7503,7506,7509,7512,7515,7518,7521,7524,7527,7530,7533,7536,7539,7542,7545,7548,7551,7554,7557,7560,7563,7566,7569,7572,7575,7578\" orderby=\"post__in\" include=\"7401,7404,7407,7410,7413,7416,7419,7422,7425,7428,7431,7434,7437,7440,7443,7446,7449,7452,7455,7458,7461,7464,7467,7470,7473,7476,7479,7482,7485,7488,7491,7494,7497,7500,7503,7506,7509,7512,7515,7518,7521,7524,7527,7530,7533,7536,7539,7542,7545,7548,7551,7554,7557,7560,7563,7566,7569,7572,7575,7578\" srcset=\"https:\/\/www.ferienzentrum-heidenau.de\/wp-content\/uploads\/Ferienzentrum-Camping-Urlaub-Wohnmobil-Ferien-Wohnwagen-Zelt-A1-Heidenau-Jubilaeum-50-Jahre-057-scaled.jpg 2560w, https:\/\/www.ferienzentrum-heidenau.de\/wp-content\/uploads\/Ferienzentrum-Camping-Urlaub-Wohnmobil-Ferien-Wohnwagen-Zelt-A1-Heidenau-Jubilaeum-50-Jahre-057-300x139.jpg 300w, https:\/\/www.ferienzentrum-heidenau.de\/wp-content\/uploads\/Ferienzentrum-Camping-Urlaub-Wohnmobil-Ferien-Wohnwagen-Zelt-A1-Heidenau-Jubilaeum-50-Jahre-057-768x355.jpg 768w, https:\/\/www.ferienzentrum-heidenau.de\/wp-content\/uploads\/Ferienzentrum-Camping-Urlaub-Wohnmobil-Ferien-Wohnwagen-Zelt-A1-Heidenau-Jubilaeum-50-Jahre-057-1536x710.jpg 1536w, https:\/\/www.ferienzentrum-heidenau.de\/wp-content\/uploads\/Ferienzentrum-Camping-Urlaub-Wohnmobil-Ferien-Wohnwagen-Zelt-A1-Heidenau-Jubilaeum-50-Jahre-057-2048x946.jpg 2048w, https:\/\/www.ferienzentrum-heidenau.de\/wp-content\/uploads\/Ferienzentrum-Camping-Urlaub-Wohnmobil-Ferien-Wohnwagen-Zelt-A1-Heidenau-Jubilaeum-50-Jahre-057-280x129.jpg 280w, https:\/\/www.ferienzentrum-heidenau.de\/wp-content\/uploads\/Ferienzentrum-Camping-Urlaub-Wohnmobil-Ferien-Wohnwagen-Zelt-A1-Heidenau-Jubilaeum-50-Jahre-057-1170x540.jpg 1170w\" sizes=\"auto, (max-width: 2560px) 100vw, 2560px\" \/><span class=\"gallery_caption\"><\/span><\/a><\/div><\/div><div class=\"row zn_image_gallery \"><div class=\"col-sm-6 col-md-4 col-lg-4\"><a href=\"https:\/\/www.ferienzentrum-heidenau.de\/wp-content\/uploads\/Ferienzentrum-Camping-Urlaub-Wohnmobil-Ferien-Wohnwagen-Zelt-A1-Heidenau-Jubilaeum-50-Jahre-058-scaled.jpg\" title=\"\" class=\"hoverBorder\"><img loading=\"lazy\" decoding=\"async\" width=\"2560\" height=\"1183\" src=\"https:\/\/www.ferienzentrum-heidenau.de\/wp-content\/uploads\/Ferienzentrum-Camping-Urlaub-Wohnmobil-Ferien-Wohnwagen-Zelt-A1-Heidenau-Jubilaeum-50-Jahre-058-scaled.jpg\" class=\"attachment-full size-full\" alt=\"\" link=\"file\" size=\"full\" ids=\"7401,7404,7407,7410,7413,7416,7419,7422,7425,7428,7431,7434,7437,7440,7443,7446,7449,7452,7455,7458,7461,7464,7467,7470,7473,7476,7479,7482,7485,7488,7491,7494,7497,7500,7503,7506,7509,7512,7515,7518,7521,7524,7527,7530,7533,7536,7539,7542,7545,7548,7551,7554,7557,7560,7563,7566,7569,7572,7575,7578\" orderby=\"post__in\" include=\"7401,7404,7407,7410,7413,7416,7419,7422,7425,7428,7431,7434,7437,7440,7443,7446,7449,7452,7455,7458,7461,7464,7467,7470,7473,7476,7479,7482,7485,7488,7491,7494,7497,7500,7503,7506,7509,7512,7515,7518,7521,7524,7527,7530,7533,7536,7539,7542,7545,7548,7551,7554,7557,7560,7563,7566,7569,7572,7575,7578\" srcset=\"https:\/\/www.ferienzentrum-heidenau.de\/wp-content\/uploads\/Ferienzentrum-Camping-Urlaub-Wohnmobil-Ferien-Wohnwagen-Zelt-A1-Heidenau-Jubilaeum-50-Jahre-058-scaled.jpg 2560w, https:\/\/www.ferienzentrum-heidenau.de\/wp-content\/uploads\/Ferienzentrum-Camping-Urlaub-Wohnmobil-Ferien-Wohnwagen-Zelt-A1-Heidenau-Jubilaeum-50-Jahre-058-300x139.jpg 300w, https:\/\/www.ferienzentrum-heidenau.de\/wp-content\/uploads\/Ferienzentrum-Camping-Urlaub-Wohnmobil-Ferien-Wohnwagen-Zelt-A1-Heidenau-Jubilaeum-50-Jahre-058-768x355.jpg 768w, https:\/\/www.ferienzentrum-heidenau.de\/wp-content\/uploads\/Ferienzentrum-Camping-Urlaub-Wohnmobil-Ferien-Wohnwagen-Zelt-A1-Heidenau-Jubilaeum-50-Jahre-058-1536x710.jpg 1536w, https:\/\/www.ferienzentrum-heidenau.de\/wp-content\/uploads\/Ferienzentrum-Camping-Urlaub-Wohnmobil-Ferien-Wohnwagen-Zelt-A1-Heidenau-Jubilaeum-50-Jahre-058-2048x946.jpg 2048w, https:\/\/www.ferienzentrum-heidenau.de\/wp-content\/uploads\/Ferienzentrum-Camping-Urlaub-Wohnmobil-Ferien-Wohnwagen-Zelt-A1-Heidenau-Jubilaeum-50-Jahre-058-280x129.jpg 280w, https:\/\/www.ferienzentrum-heidenau.de\/wp-content\/uploads\/Ferienzentrum-Camping-Urlaub-Wohnmobil-Ferien-Wohnwagen-Zelt-A1-Heidenau-Jubilaeum-50-Jahre-058-1170x540.jpg 1170w\" sizes=\"auto, (max-width: 2560px) 100vw, 2560px\" \/><span class=\"gallery_caption\"><\/span><\/a><\/div><div class=\"col-sm-6 col-md-4 col-lg-4\"><a href=\"https:\/\/www.ferienzentrum-heidenau.de\/wp-content\/uploads\/Ferienzentrum-Camping-Urlaub-Wohnmobil-Ferien-Wohnwagen-Zelt-A1-Heidenau-Jubilaeum-50-Jahre-059-scaled.jpg\" title=\"\" class=\"hoverBorder\"><img loading=\"lazy\" decoding=\"async\" width=\"2560\" height=\"1183\" src=\"https:\/\/www.ferienzentrum-heidenau.de\/wp-content\/uploads\/Ferienzentrum-Camping-Urlaub-Wohnmobil-Ferien-Wohnwagen-Zelt-A1-Heidenau-Jubilaeum-50-Jahre-059-scaled.jpg\" class=\"attachment-full size-full\" alt=\"\" link=\"file\" size=\"full\" ids=\"7401,7404,7407,7410,7413,7416,7419,7422,7425,7428,7431,7434,7437,7440,7443,7446,7449,7452,7455,7458,7461,7464,7467,7470,7473,7476,7479,7482,7485,7488,7491,7494,7497,7500,7503,7506,7509,7512,7515,7518,7521,7524,7527,7530,7533,7536,7539,7542,7545,7548,7551,7554,7557,7560,7563,7566,7569,7572,7575,7578\" orderby=\"post__in\" include=\"7401,7404,7407,7410,7413,7416,7419,7422,7425,7428,7431,7434,7437,7440,7443,7446,7449,7452,7455,7458,7461,7464,7467,7470,7473,7476,7479,7482,7485,7488,7491,7494,7497,7500,7503,7506,7509,7512,7515,7518,7521,7524,7527,7530,7533,7536,7539,7542,7545,7548,7551,7554,7557,7560,7563,7566,7569,7572,7575,7578\" srcset=\"https:\/\/www.ferienzentrum-heidenau.de\/wp-content\/uploads\/Ferienzentrum-Camping-Urlaub-Wohnmobil-Ferien-Wohnwagen-Zelt-A1-Heidenau-Jubilaeum-50-Jahre-059-scaled.jpg 2560w, https:\/\/www.ferienzentrum-heidenau.de\/wp-content\/uploads\/Ferienzentrum-Camping-Urlaub-Wohnmobil-Ferien-Wohnwagen-Zelt-A1-Heidenau-Jubilaeum-50-Jahre-059-300x139.jpg 300w, https:\/\/www.ferienzentrum-heidenau.de\/wp-content\/uploads\/Ferienzentrum-Camping-Urlaub-Wohnmobil-Ferien-Wohnwagen-Zelt-A1-Heidenau-Jubilaeum-50-Jahre-059-768x355.jpg 768w, https:\/\/www.ferienzentrum-heidenau.de\/wp-content\/uploads\/Ferienzentrum-Camping-Urlaub-Wohnmobil-Ferien-Wohnwagen-Zelt-A1-Heidenau-Jubilaeum-50-Jahre-059-1536x710.jpg 1536w, https:\/\/www.ferienzentrum-heidenau.de\/wp-content\/uploads\/Ferienzentrum-Camping-Urlaub-Wohnmobil-Ferien-Wohnwagen-Zelt-A1-Heidenau-Jubilaeum-50-Jahre-059-2048x946.jpg 2048w, https:\/\/www.ferienzentrum-heidenau.de\/wp-content\/uploads\/Ferienzentrum-Camping-Urlaub-Wohnmobil-Ferien-Wohnwagen-Zelt-A1-Heidenau-Jubilaeum-50-Jahre-059-280x129.jpg 280w, https:\/\/www.ferienzentrum-heidenau.de\/wp-content\/uploads\/Ferienzentrum-Camping-Urlaub-Wohnmobil-Ferien-Wohnwagen-Zelt-A1-Heidenau-Jubilaeum-50-Jahre-059-1170x540.jpg 1170w\" sizes=\"auto, (max-width: 2560px) 100vw, 2560px\" \/><span class=\"gallery_caption\"><\/span><\/a><\/div><div class=\"col-sm-6 col-md-4 col-lg-4\"><a href=\"https:\/\/www.ferienzentrum-heidenau.de\/wp-content\/uploads\/Ferienzentrum-Camping-Urlaub-Wohnmobil-Ferien-Wohnwagen-Zelt-A1-Heidenau-Jubilaeum-50-Jahre-060-scaled.jpg\" title=\"\" class=\"hoverBorder\"><img loading=\"lazy\" decoding=\"async\" width=\"2560\" height=\"1183\" src=\"https:\/\/www.ferienzentrum-heidenau.de\/wp-content\/uploads\/Ferienzentrum-Camping-Urlaub-Wohnmobil-Ferien-Wohnwagen-Zelt-A1-Heidenau-Jubilaeum-50-Jahre-060-scaled.jpg\" class=\"attachment-full size-full\" alt=\"\" link=\"file\" size=\"full\" ids=\"7401,7404,7407,7410,7413,7416,7419,7422,7425,7428,7431,7434,7437,7440,7443,7446,7449,7452,7455,7458,7461,7464,7467,7470,7473,7476,7479,7482,7485,7488,7491,7494,7497,7500,7503,7506,7509,7512,7515,7518,7521,7524,7527,7530,7533,7536,7539,7542,7545,7548,7551,7554,7557,7560,7563,7566,7569,7572,7575,7578\" orderby=\"post__in\" include=\"7401,7404,7407,7410,7413,7416,7419,7422,7425,7428,7431,7434,7437,7440,7443,7446,7449,7452,7455,7458,7461,7464,7467,7470,7473,7476,7479,7482,7485,7488,7491,7494,7497,7500,7503,7506,7509,7512,7515,7518,7521,7524,7527,7530,7533,7536,7539,7542,7545,7548,7551,7554,7557,7560,7563,7566,7569,7572,7575,7578\" srcset=\"https:\/\/www.ferienzentrum-heidenau.de\/wp-content\/uploads\/Ferienzentrum-Camping-Urlaub-Wohnmobil-Ferien-Wohnwagen-Zelt-A1-Heidenau-Jubilaeum-50-Jahre-060-scaled.jpg 2560w, https:\/\/www.ferienzentrum-heidenau.de\/wp-content\/uploads\/Ferienzentrum-Camping-Urlaub-Wohnmobil-Ferien-Wohnwagen-Zelt-A1-Heidenau-Jubilaeum-50-Jahre-060-300x139.jpg 300w, https:\/\/www.ferienzentrum-heidenau.de\/wp-content\/uploads\/Ferienzentrum-Camping-Urlaub-Wohnmobil-Ferien-Wohnwagen-Zelt-A1-Heidenau-Jubilaeum-50-Jahre-060-768x355.jpg 768w, https:\/\/www.ferienzentrum-heidenau.de\/wp-content\/uploads\/Ferienzentrum-Camping-Urlaub-Wohnmobil-Ferien-Wohnwagen-Zelt-A1-Heidenau-Jubilaeum-50-Jahre-060-1536x710.jpg 1536w, https:\/\/www.ferienzentrum-heidenau.de\/wp-content\/uploads\/Ferienzentrum-Camping-Urlaub-Wohnmobil-Ferien-Wohnwagen-Zelt-A1-Heidenau-Jubilaeum-50-Jahre-060-2048x946.jpg 2048w, https:\/\/www.ferienzentrum-heidenau.de\/wp-content\/uploads\/Ferienzentrum-Camping-Urlaub-Wohnmobil-Ferien-Wohnwagen-Zelt-A1-Heidenau-Jubilaeum-50-Jahre-060-280x129.jpg 280w, https:\/\/www.ferienzentrum-heidenau.de\/wp-content\/uploads\/Ferienzentrum-Camping-Urlaub-Wohnmobil-Ferien-Wohnwagen-Zelt-A1-Heidenau-Jubilaeum-50-Jahre-060-1170x540.jpg 1170w\" sizes=\"auto, (max-width: 2560px) 100vw, 2560px\" \/><span class=\"gallery_caption\"><\/span><\/a><\/div><\/div><\/div>\n<p>&nbsp;<\/p>\n","protected":false},"excerpt":{"rendered":"<p>Am Samstag den 14.06.25 haben wir 50j\u00e4hriges Jubil\u00e4um gefeiert. Rund um den Pool gab es f\u00fcr Jung und Alt Action, leckere Speisen, Getr\u00e4nke und Live-Musik mit &#8220;Trio Pfefferminz&#8221; und &#8220;Carsten Pape&#8221;. Mahr als 1500 G\u00e4ste kamen an diesem 30 Grad hei\u00dfen Tag und hatten Spa\u00df an tollen Reden, Vorf\u00fchrungen und guter Musik. Sch\u00f6n das wir<\/p>\n","protected":false},"author":2,"featured_media":7581,"comment_status":"closed","ping_status":"closed","sticky":false,"template":"","format":"standard","meta":{"footnotes":""},"categories":[27,26,24,28],"tags":[],"class_list":["post-7381","post","type-post","status-publish","format-standard","has-post-thumbnail","hentry","category-action","category-event-feier","category-live-musik","category-speisen"],"_links":{"self":[{"href":"https:\/\/www.ferienzentrum-heidenau.de\/en\/wp-json\/wp\/v2\/posts\/7381","targetHints":{"allow":["GET"]}}],"collection":[{"href":"https:\/\/www.ferienzentrum-heidenau.de\/en\/wp-json\/wp\/v2\/posts"}],"about":[{"href":"https:\/\/www.ferienzentrum-heidenau.de\/en\/wp-json\/wp\/v2\/types\/post"}],"author":[{"embeddable":true,"href":"https:\/\/www.ferienzentrum-heidenau.de\/en\/wp-json\/wp\/v2\/users\/2"}],"replies":[{"embeddable":true,"href":"https:\/\/www.ferienzentrum-heidenau.de\/en\/wp-json\/wp\/v2\/comments?post=7381"}],"version-history":[{"count":5,"href":"https:\/\/www.ferienzentrum-heidenau.de\/en\/wp-json\/wp\/v2\/posts\/7381\/revisions"}],"predecessor-version":[{"id":7584,"href":"https:\/\/www.ferienzentrum-heidenau.de\/en\/wp-json\/wp\/v2\/posts\/7381\/revisions\/7584"}],"wp:featuredmedia":[{"embeddable":true,"href":"https:\/\/www.ferienzentrum-heidenau.de\/en\/wp-json\/wp\/v2\/media\/7581"}],"wp:attachment":[{"href":"https:\/\/www.ferienzentrum-heidenau.de\/en\/wp-json\/wp\/v2\/media?parent=7381"}],"wp:term":[{"taxonomy":"category","embeddable":true,"href":"https:\/\/www.ferienzentrum-heidenau.de\/en\/wp-json\/wp\/v2\/categories?post=7381"},{"taxonomy":"post_tag","embeddable":true,"href":"https:\/\/www.ferienzentrum-heidenau.de\/en\/wp-json\/wp\/v2\/tags?post=7381"}],"curies":[{"name":"wp","href":"https:\/\/api.w.org\/{rel}","templated":true}]}}