{"id":7608,"date":"2025-06-25T06:49:06","date_gmt":"2025-06-25T04:49:06","guid":{"rendered":"https:\/\/www.ferienzentrum-heidenau.de\/?p=7608"},"modified":"2025-06-25T06:53:24","modified_gmt":"2025-06-25T04:53:24","slug":"14-06-2025-historisches-kino","status":"publish","type":"post","link":"https:\/\/www.ferienzentrum-heidenau.de\/en\/14-06-2025-historisches-kino\/","title":{"rendered":"14.06.2025 Historisches Kino"},"content":{"rendered":"<p>Wie alles begann\u2026.genie\u00dft 90 spannende Minuten \u00fcber die Entstehung des Ferienzentrums Heidenau. Eine Vision wurde Wirklichkeit. Viel Spa\u00df bei 356 Fotos aus 50 Jahren. Auf Hintergrundmusik haben wir aus rechtlichen Gr\u00fcnden verzichtet. Euer Team Ferienzentrum Heidenau.<\/p>\n<p><iframe loading=\"lazy\" title=\"Ferienzentrum Heidenau 50j\u00e4hriges Jubil\u00e4um 14.06.2025\" width=\"1170\" height=\"658\" src=\"https:\/\/www.youtube.com\/embed\/H4oQ02n3PfQ?feature=oembed\" frameborder=\"0\" allow=\"accelerometer; autoplay; clipboard-write; encrypted-media; gyroscope; picture-in-picture; web-share\" referrerpolicy=\"strict-origin-when-cross-origin\" allowfullscreen><\/iframe><\/p>\n<p>&nbsp;<\/p>\n","protected":false},"excerpt":{"rendered":"<p>Wie alles begann\u2026.genie\u00dft 90 spannende Minuten \u00fcber die Entstehung des Ferienzentrums Heidenau. Eine Vision wurde Wirklichkeit. Viel Spa\u00df bei 356 Fotos aus 50 Jahren. Auf Hintergrundmusik haben wir aus rechtlichen Gr\u00fcnden verzichtet. Euer Team Ferienzentrum Heidenau. &nbsp;<\/p>\n","protected":false},"author":2,"featured_media":7609,"comment_status":"closed","ping_status":"closed","sticky":false,"template":"","format":"standard","meta":{"footnotes":""},"categories":[1],"tags":[],"class_list":["post-7608","post","type-post","status-publish","format-standard","has-post-thumbnail","hentry","category-allgemeines"],"_links":{"self":[{"href":"https:\/\/www.ferienzentrum-heidenau.de\/en\/wp-json\/wp\/v2\/posts\/7608","targetHints":{"allow":["GET"]}}],"collection":[{"href":"https:\/\/www.ferienzentrum-heidenau.de\/en\/wp-json\/wp\/v2\/posts"}],"about":[{"href":"https:\/\/www.ferienzentrum-heidenau.de\/en\/wp-json\/wp\/v2\/types\/post"}],"author":[{"embeddable":true,"href":"https:\/\/www.ferienzentrum-heidenau.de\/en\/wp-json\/wp\/v2\/users\/2"}],"replies":[{"embeddable":true,"href":"https:\/\/www.ferienzentrum-heidenau.de\/en\/wp-json\/wp\/v2\/comments?post=7608"}],"version-history":[{"count":3,"href":"https:\/\/www.ferienzentrum-heidenau.de\/en\/wp-json\/wp\/v2\/posts\/7608\/revisions"}],"predecessor-version":[{"id":7617,"href":"https:\/\/www.ferienzentrum-heidenau.de\/en\/wp-json\/wp\/v2\/posts\/7608\/revisions\/7617"}],"wp:featuredmedia":[{"embeddable":true,"href":"https:\/\/www.ferienzentrum-heidenau.de\/en\/wp-json\/wp\/v2\/media\/7609"}],"wp:attachment":[{"href":"https:\/\/www.ferienzentrum-heidenau.de\/en\/wp-json\/wp\/v2\/media?parent=7608"}],"wp:term":[{"taxonomy":"category","embeddable":true,"href":"https:\/\/www.ferienzentrum-heidenau.de\/en\/wp-json\/wp\/v2\/categories?post=7608"},{"taxonomy":"post_tag","embeddable":true,"href":"https:\/\/www.ferienzentrum-heidenau.de\/en\/wp-json\/wp\/v2\/tags?post=7608"}],"curies":[{"name":"wp","href":"https:\/\/api.w.org\/{rel}","templated":true}]}}