{"id":1885,"date":"2019-04-07T12:15:25","date_gmt":"2019-04-07T12:15:25","guid":{"rendered":"https:\/\/www.ferienzentrumheidenau.de\/?p=1885"},"modified":"2021-08-25T16:28:27","modified_gmt":"2021-08-25T16:28:27","slug":"die-haerteste-sau-von-heidenau","status":"publish","type":"post","link":"https:\/\/www.ferienzentrum-heidenau.de\/nl\/die-haerteste-sau-von-heidenau\/","title":{"rendered":"07.04.2019 Die H\u00e4rteste Sau von Heidenau"},"content":{"rendered":"<p>P\u00fcnktlich um 13 Uhr startete gestern zum 10 mal bei uns im Ferienzentrum Heidenau DHSVH &#8220;Die h\u00e4rteste Sau von Heidenau &#8211; Nordheide&#8221;. Viele L\u00e4ufer gingen bei super Wetter an den Start und absolvierten zwei Stunden den anspruchsvollen Parcours! Das war wieder eine gro\u00dfartige Veranstaltung!<\/p>\n<style type=\"text\/css\">\r\n\t\t\t\t#gallery-1 {\r\n\t\t\t\t\tmargin: auto;\r\n\t\t\t\t}\r\n\t\t\t\t#gallery-1 .gallery-item {\r\n\t\t\t\t\tfloat: left;\r\n\t\t\t\t\tmargin-top: 10px;\r\n\t\t\t\t\ttext-align: center;\r\n\t\t\t\t\twidth: 50%;\r\n\t\t\t\t}\r\n\t\t\t\t#gallery-1 .gallery-caption {\r\n\t\t\t\t\tmargin-left: 0;\r\n\t\t\t\t}\r\n\t\t\t<\/style><!-- see gallery_shortcode() in wp-includes\/media.php -->\r\n\t\t\t\n\t\t<div id=\"gallery-1\" class=\"gallery galleryid-1885 mfp-gallery mfp-gallery--images gallery-columns-2 gallery-size-full\"><div class=\"row zn_image_gallery \"><div class=\"col-sm-6 col-md-4 col-lg-6\"><a href=\"https:\/\/www.ferienzentrum-heidenau.de\/wp-content\/uploads\/2019-04-07-Die-Haerteste-Sau-von-Heidenau-01.jpg\" title=\"\" class=\"hoverBorder\"><img loading=\"lazy\" decoding=\"async\" width=\"2000\" height=\"1000\" src=\"https:\/\/www.ferienzentrum-heidenau.de\/wp-content\/uploads\/2019-04-07-Die-Haerteste-Sau-von-Heidenau-01.jpg\" class=\"attachment-full size-full\" alt=\"\" link=\"file\" columns=\"2\" size=\"full\" ids=\"1887,1890\" orderby=\"post__in\" include=\"1887,1890\" srcset=\"https:\/\/www.ferienzentrum-heidenau.de\/wp-content\/uploads\/2019-04-07-Die-Haerteste-Sau-von-Heidenau-01.jpg 2000w, https:\/\/www.ferienzentrum-heidenau.de\/wp-content\/uploads\/2019-04-07-Die-Haerteste-Sau-von-Heidenau-01-300x150.jpg 300w, https:\/\/www.ferienzentrum-heidenau.de\/wp-content\/uploads\/2019-04-07-Die-Haerteste-Sau-von-Heidenau-01-768x384.jpg 768w, https:\/\/www.ferienzentrum-heidenau.de\/wp-content\/uploads\/2019-04-07-Die-Haerteste-Sau-von-Heidenau-01-1536x768.jpg 1536w, https:\/\/www.ferienzentrum-heidenau.de\/wp-content\/uploads\/2019-04-07-Die-Haerteste-Sau-von-Heidenau-01-280x140.jpg 280w, https:\/\/www.ferienzentrum-heidenau.de\/wp-content\/uploads\/2019-04-07-Die-Haerteste-Sau-von-Heidenau-01-1170x585.jpg 1170w\" sizes=\"auto, (max-width: 2000px) 100vw, 2000px\" \/><span class=\"gallery_caption\"><\/span><\/a><\/div><div class=\"col-sm-6 col-md-4 col-lg-6\"><a href=\"https:\/\/www.ferienzentrum-heidenau.de\/wp-content\/uploads\/2019-04-07-Die-Haerteste-Sau-von-Heidenau-02.jpg\" title=\"\" class=\"hoverBorder\"><img loading=\"lazy\" decoding=\"async\" width=\"2000\" height=\"1000\" src=\"https:\/\/www.ferienzentrum-heidenau.de\/wp-content\/uploads\/2019-04-07-Die-Haerteste-Sau-von-Heidenau-02.jpg\" class=\"attachment-full size-full\" alt=\"\" link=\"file\" columns=\"2\" size=\"full\" ids=\"1887,1890\" orderby=\"post__in\" include=\"1887,1890\" srcset=\"https:\/\/www.ferienzentrum-heidenau.de\/wp-content\/uploads\/2019-04-07-Die-Haerteste-Sau-von-Heidenau-02.jpg 2000w, https:\/\/www.ferienzentrum-heidenau.de\/wp-content\/uploads\/2019-04-07-Die-Haerteste-Sau-von-Heidenau-02-300x150.jpg 300w, https:\/\/www.ferienzentrum-heidenau.de\/wp-content\/uploads\/2019-04-07-Die-Haerteste-Sau-von-Heidenau-02-768x384.jpg 768w, https:\/\/www.ferienzentrum-heidenau.de\/wp-content\/uploads\/2019-04-07-Die-Haerteste-Sau-von-Heidenau-02-1536x768.jpg 1536w, https:\/\/www.ferienzentrum-heidenau.de\/wp-content\/uploads\/2019-04-07-Die-Haerteste-Sau-von-Heidenau-02-280x140.jpg 280w, https:\/\/www.ferienzentrum-heidenau.de\/wp-content\/uploads\/2019-04-07-Die-Haerteste-Sau-von-Heidenau-02-1170x585.jpg 1170w\" sizes=\"auto, (max-width: 2000px) 100vw, 2000px\" \/><span class=\"gallery_caption\"><\/span><\/a><\/div><\/div><\/div>\n<p>30.03.2019<br \/>\nEndlich geht\u2019s los &#8211; die ersten Streckenabschnitte sind in Arbeit. Der \u201eKeilerwald\u201c? ist bereits fertig. Pssst ?? die Wildschweine haben noch geschlafen, wir waren extra leise ? Es folgt heute noch \u201eThe Beach\u201c und der \u201eM\u00e4rchenwald\u201c mit z\u00fcnftigen auf\/Abstiegen ?<\/p>\n<style type=\"text\/css\">\r\n\t\t\t\t#gallery-2 {\r\n\t\t\t\t\tmargin: auto;\r\n\t\t\t\t}\r\n\t\t\t\t#gallery-2 .gallery-item {\r\n\t\t\t\t\tfloat: left;\r\n\t\t\t\t\tmargin-top: 10px;\r\n\t\t\t\t\ttext-align: center;\r\n\t\t\t\t\twidth: 50%;\r\n\t\t\t\t}\r\n\t\t\t\t#gallery-2 .gallery-caption {\r\n\t\t\t\t\tmargin-left: 0;\r\n\t\t\t\t}\r\n\t\t\t<\/style><!-- see gallery_shortcode() in wp-includes\/media.php -->\r\n\t\t\t\n\t\t<div id=\"gallery-2\" class=\"gallery galleryid-1885 mfp-gallery mfp-gallery--images gallery-columns-2 gallery-size-full\"><div class=\"row zn_image_gallery \"><div class=\"col-sm-6 col-md-4 col-lg-6\"><a href=\"https:\/\/www.ferienzentrum-heidenau.de\/wp-content\/uploads\/2019-04-07-Die-Haerteste-Sau-von-Heidenau-03.jpg\" title=\"\" class=\"hoverBorder\"><img loading=\"lazy\" decoding=\"async\" width=\"1000\" height=\"1000\" src=\"https:\/\/www.ferienzentrum-heidenau.de\/wp-content\/uploads\/2019-04-07-Die-Haerteste-Sau-von-Heidenau-03.jpg\" class=\"attachment-full size-full\" alt=\"\" link=\"file\" columns=\"2\" size=\"full\" ids=\"1893,1897,1900,1903\" orderby=\"post__in\" include=\"1893,1897,1900,1903\" srcset=\"https:\/\/www.ferienzentrum-heidenau.de\/wp-content\/uploads\/2019-04-07-Die-Haerteste-Sau-von-Heidenau-03.jpg 1000w, https:\/\/www.ferienzentrum-heidenau.de\/wp-content\/uploads\/2019-04-07-Die-Haerteste-Sau-von-Heidenau-03-300x300.jpg 300w, https:\/\/www.ferienzentrum-heidenau.de\/wp-content\/uploads\/2019-04-07-Die-Haerteste-Sau-von-Heidenau-03-150x150.jpg 150w, https:\/\/www.ferienzentrum-heidenau.de\/wp-content\/uploads\/2019-04-07-Die-Haerteste-Sau-von-Heidenau-03-768x768.jpg 768w, https:\/\/www.ferienzentrum-heidenau.de\/wp-content\/uploads\/2019-04-07-Die-Haerteste-Sau-von-Heidenau-03-187x187.jpg 187w\" sizes=\"auto, (max-width: 1000px) 100vw, 1000px\" \/><span class=\"gallery_caption\"><\/span><\/a><\/div><div class=\"col-sm-6 col-md-4 col-lg-6\"><a href=\"https:\/\/www.ferienzentrum-heidenau.de\/wp-content\/uploads\/2019-04-07-Die-Haerteste-Sau-von-Heidenau-04.jpg\" title=\"\" class=\"hoverBorder\"><img loading=\"lazy\" decoding=\"async\" width=\"1000\" height=\"1000\" src=\"https:\/\/www.ferienzentrum-heidenau.de\/wp-content\/uploads\/2019-04-07-Die-Haerteste-Sau-von-Heidenau-04.jpg\" class=\"attachment-full size-full\" alt=\"\" link=\"file\" columns=\"2\" size=\"full\" ids=\"1893,1897,1900,1903\" orderby=\"post__in\" include=\"1893,1897,1900,1903\" srcset=\"https:\/\/www.ferienzentrum-heidenau.de\/wp-content\/uploads\/2019-04-07-Die-Haerteste-Sau-von-Heidenau-04.jpg 1000w, https:\/\/www.ferienzentrum-heidenau.de\/wp-content\/uploads\/2019-04-07-Die-Haerteste-Sau-von-Heidenau-04-300x300.jpg 300w, https:\/\/www.ferienzentrum-heidenau.de\/wp-content\/uploads\/2019-04-07-Die-Haerteste-Sau-von-Heidenau-04-150x150.jpg 150w, https:\/\/www.ferienzentrum-heidenau.de\/wp-content\/uploads\/2019-04-07-Die-Haerteste-Sau-von-Heidenau-04-768x768.jpg 768w, https:\/\/www.ferienzentrum-heidenau.de\/wp-content\/uploads\/2019-04-07-Die-Haerteste-Sau-von-Heidenau-04-187x187.jpg 187w\" sizes=\"auto, (max-width: 1000px) 100vw, 1000px\" \/><span class=\"gallery_caption\"><\/span><\/a><\/div><\/div><div class=\"row zn_image_gallery \"><div class=\"col-sm-6 col-md-4 col-lg-6\"><a href=\"https:\/\/www.ferienzentrum-heidenau.de\/wp-content\/uploads\/2019-04-07-Die-Haerteste-Sau-von-Heidenau-05.jpg\" title=\"\" class=\"hoverBorder\"><img loading=\"lazy\" decoding=\"async\" width=\"1000\" height=\"1000\" src=\"https:\/\/www.ferienzentrum-heidenau.de\/wp-content\/uploads\/2019-04-07-Die-Haerteste-Sau-von-Heidenau-05.jpg\" class=\"attachment-full size-full\" alt=\"\" link=\"file\" columns=\"2\" size=\"full\" ids=\"1893,1897,1900,1903\" orderby=\"post__in\" include=\"1893,1897,1900,1903\" srcset=\"https:\/\/www.ferienzentrum-heidenau.de\/wp-content\/uploads\/2019-04-07-Die-Haerteste-Sau-von-Heidenau-05.jpg 1000w, https:\/\/www.ferienzentrum-heidenau.de\/wp-content\/uploads\/2019-04-07-Die-Haerteste-Sau-von-Heidenau-05-300x300.jpg 300w, https:\/\/www.ferienzentrum-heidenau.de\/wp-content\/uploads\/2019-04-07-Die-Haerteste-Sau-von-Heidenau-05-150x150.jpg 150w, https:\/\/www.ferienzentrum-heidenau.de\/wp-content\/uploads\/2019-04-07-Die-Haerteste-Sau-von-Heidenau-05-768x768.jpg 768w, https:\/\/www.ferienzentrum-heidenau.de\/wp-content\/uploads\/2019-04-07-Die-Haerteste-Sau-von-Heidenau-05-187x187.jpg 187w\" sizes=\"auto, (max-width: 1000px) 100vw, 1000px\" \/><span class=\"gallery_caption\"><\/span><\/a><\/div><div class=\"col-sm-6 col-md-4 col-lg-6\"><a href=\"https:\/\/www.ferienzentrum-heidenau.de\/wp-content\/uploads\/2019-04-07-Die-Haerteste-Sau-von-Heidenau-06.jpg\" title=\"\" class=\"hoverBorder\"><img loading=\"lazy\" decoding=\"async\" width=\"1000\" height=\"1000\" src=\"https:\/\/www.ferienzentrum-heidenau.de\/wp-content\/uploads\/2019-04-07-Die-Haerteste-Sau-von-Heidenau-06.jpg\" class=\"attachment-full size-full\" alt=\"\" link=\"file\" columns=\"2\" size=\"full\" ids=\"1893,1897,1900,1903\" orderby=\"post__in\" include=\"1893,1897,1900,1903\" srcset=\"https:\/\/www.ferienzentrum-heidenau.de\/wp-content\/uploads\/2019-04-07-Die-Haerteste-Sau-von-Heidenau-06.jpg 1000w, https:\/\/www.ferienzentrum-heidenau.de\/wp-content\/uploads\/2019-04-07-Die-Haerteste-Sau-von-Heidenau-06-300x300.jpg 300w, https:\/\/www.ferienzentrum-heidenau.de\/wp-content\/uploads\/2019-04-07-Die-Haerteste-Sau-von-Heidenau-06-150x150.jpg 150w, https:\/\/www.ferienzentrum-heidenau.de\/wp-content\/uploads\/2019-04-07-Die-Haerteste-Sau-von-Heidenau-06-768x768.jpg 768w, https:\/\/www.ferienzentrum-heidenau.de\/wp-content\/uploads\/2019-04-07-Die-Haerteste-Sau-von-Heidenau-06-187x187.jpg 187w\" sizes=\"auto, (max-width: 1000px) 100vw, 1000px\" \/><span class=\"gallery_caption\"><\/span><\/a><\/div><\/div><\/div>\n","protected":false},"excerpt":{"rendered":"<p>P\u00fcnktlich um 13 Uhr startete gestern zum 10 mal bei uns im Ferienzentrum Heidenau DHSVH &#8220;Die h\u00e4rteste Sau von Heidenau &#8211; Nordheide&#8221;. Viele L\u00e4ufer gingen bei super Wetter an den Start und absolvierten zwei Stunden den anspruchsvollen Parcours! Das war wieder eine gro\u00dfartige Veranstaltung! 30.03.2019 Endlich geht\u2019s los &#8211; die ersten Streckenabschnitte sind in Arbeit.<\/p>\n","protected":false},"author":2,"featured_media":1893,"comment_status":"closed","ping_status":"closed","sticky":false,"template":"","format":"standard","meta":{"footnotes":""},"categories":[26],"tags":[],"class_list":["post-1885","post","type-post","status-publish","format-standard","has-post-thumbnail","hentry","category-event-feier"],"_links":{"self":[{"href":"https:\/\/www.ferienzentrum-heidenau.de\/nl\/wp-json\/wp\/v2\/posts\/1885","targetHints":{"allow":["GET"]}}],"collection":[{"href":"https:\/\/www.ferienzentrum-heidenau.de\/nl\/wp-json\/wp\/v2\/posts"}],"about":[{"href":"https:\/\/www.ferienzentrum-heidenau.de\/nl\/wp-json\/wp\/v2\/types\/post"}],"author":[{"embeddable":true,"href":"https:\/\/www.ferienzentrum-heidenau.de\/nl\/wp-json\/wp\/v2\/users\/2"}],"replies":[{"embeddable":true,"href":"https:\/\/www.ferienzentrum-heidenau.de\/nl\/wp-json\/wp\/v2\/comments?post=1885"}],"version-history":[{"count":4,"href":"https:\/\/www.ferienzentrum-heidenau.de\/nl\/wp-json\/wp\/v2\/posts\/1885\/revisions"}],"predecessor-version":[{"id":5887,"href":"https:\/\/www.ferienzentrum-heidenau.de\/nl\/wp-json\/wp\/v2\/posts\/1885\/revisions\/5887"}],"wp:featuredmedia":[{"embeddable":true,"href":"https:\/\/www.ferienzentrum-heidenau.de\/nl\/wp-json\/wp\/v2\/media\/1893"}],"wp:attachment":[{"href":"https:\/\/www.ferienzentrum-heidenau.de\/nl\/wp-json\/wp\/v2\/media?parent=1885"}],"wp:term":[{"taxonomy":"category","embeddable":true,"href":"https:\/\/www.ferienzentrum-heidenau.de\/nl\/wp-json\/wp\/v2\/categories?post=1885"},{"taxonomy":"post_tag","embeddable":true,"href":"https:\/\/www.ferienzentrum-heidenau.de\/nl\/wp-json\/wp\/v2\/tags?post=1885"}],"curies":[{"name":"wp","href":"https:\/\/api.w.org\/{rel}","templated":true}]}}