{"id":1908,"date":"2019-07-13T12:19:18","date_gmt":"2019-07-13T12:19:18","guid":{"rendered":"https:\/\/www.ferienzentrumheidenau.de\/?p=1908"},"modified":"2021-08-25T16:28:13","modified_gmt":"2021-08-25T16:28:13","slug":"kinderfest-cowboy-indianer","status":"publish","type":"post","link":"https:\/\/www.ferienzentrum-heidenau.de\/nl\/kinderfest-cowboy-indianer\/","title":{"rendered":"13.07.2019 Kinderfest Cowboy Indianer"},"content":{"rendered":"<p>Unser Kinderfest heute war rundum sch\u00f6n!?? Vielen Dank an Cowboy Jim aus Maverland, der die vielen kleinen Cowboys und Indianer bestens unterhalten hat. Wir hoffen, es hat Euch allen Spass gemacht!? Der Wettergott hat gl\u00fccklicherweise auch super mitgespielt!<\/p>\n<style type=\"text\/css\">\r\n\t\t\t\t#gallery-1 {\r\n\t\t\t\t\tmargin: auto;\r\n\t\t\t\t}\r\n\t\t\t\t#gallery-1 .gallery-item {\r\n\t\t\t\t\tfloat: left;\r\n\t\t\t\t\tmargin-top: 10px;\r\n\t\t\t\t\ttext-align: center;\r\n\t\t\t\t\twidth: 50%;\r\n\t\t\t\t}\r\n\t\t\t\t#gallery-1 .gallery-caption {\r\n\t\t\t\t\tmargin-left: 0;\r\n\t\t\t\t}\r\n\t\t\t<\/style><!-- see gallery_shortcode() in wp-includes\/media.php -->\r\n\t\t\t\n\t\t<div id=\"gallery-1\" class=\"gallery galleryid-1908 mfp-gallery mfp-gallery--images gallery-columns-2 gallery-size-full\"><div class=\"row zn_image_gallery \"><div class=\"col-sm-6 col-md-4 col-lg-6\"><a href=\"https:\/\/www.ferienzentrum-heidenau.de\/wp-content\/uploads\/2019-07-13-Kinderfest-Cowboy-Indianer-03.jpg\" title=\"\" class=\"hoverBorder\"><img loading=\"lazy\" decoding=\"async\" width=\"1000\" height=\"1000\" src=\"https:\/\/www.ferienzentrum-heidenau.de\/wp-content\/uploads\/2019-07-13-Kinderfest-Cowboy-Indianer-03.jpg\" class=\"attachment-full size-full\" alt=\"\" link=\"file\" columns=\"2\" size=\"full\" ids=\"1915,1912\" orderby=\"post__in\" include=\"1915,1912\" srcset=\"https:\/\/www.ferienzentrum-heidenau.de\/wp-content\/uploads\/2019-07-13-Kinderfest-Cowboy-Indianer-03.jpg 1000w, https:\/\/www.ferienzentrum-heidenau.de\/wp-content\/uploads\/2019-07-13-Kinderfest-Cowboy-Indianer-03-300x300.jpg 300w, https:\/\/www.ferienzentrum-heidenau.de\/wp-content\/uploads\/2019-07-13-Kinderfest-Cowboy-Indianer-03-150x150.jpg 150w, https:\/\/www.ferienzentrum-heidenau.de\/wp-content\/uploads\/2019-07-13-Kinderfest-Cowboy-Indianer-03-768x768.jpg 768w, https:\/\/www.ferienzentrum-heidenau.de\/wp-content\/uploads\/2019-07-13-Kinderfest-Cowboy-Indianer-03-187x187.jpg 187w\" sizes=\"auto, (max-width: 1000px) 100vw, 1000px\" \/><span class=\"gallery_caption\"><\/span><\/a><\/div><div class=\"col-sm-6 col-md-4 col-lg-6\"><a href=\"https:\/\/www.ferienzentrum-heidenau.de\/wp-content\/uploads\/2019-07-13-Kinderfest-Cowboy-Indianer-02.jpg\" title=\"\" class=\"hoverBorder\"><img loading=\"lazy\" decoding=\"async\" width=\"1000\" height=\"1000\" src=\"https:\/\/www.ferienzentrum-heidenau.de\/wp-content\/uploads\/2019-07-13-Kinderfest-Cowboy-Indianer-02.jpg\" class=\"attachment-full size-full\" alt=\"\" link=\"file\" columns=\"2\" size=\"full\" ids=\"1915,1912\" orderby=\"post__in\" include=\"1915,1912\" srcset=\"https:\/\/www.ferienzentrum-heidenau.de\/wp-content\/uploads\/2019-07-13-Kinderfest-Cowboy-Indianer-02.jpg 1000w, https:\/\/www.ferienzentrum-heidenau.de\/wp-content\/uploads\/2019-07-13-Kinderfest-Cowboy-Indianer-02-300x300.jpg 300w, https:\/\/www.ferienzentrum-heidenau.de\/wp-content\/uploads\/2019-07-13-Kinderfest-Cowboy-Indianer-02-150x150.jpg 150w, https:\/\/www.ferienzentrum-heidenau.de\/wp-content\/uploads\/2019-07-13-Kinderfest-Cowboy-Indianer-02-768x768.jpg 768w, https:\/\/www.ferienzentrum-heidenau.de\/wp-content\/uploads\/2019-07-13-Kinderfest-Cowboy-Indianer-02-187x187.jpg 187w\" sizes=\"auto, (max-width: 1000px) 100vw, 1000px\" \/><span class=\"gallery_caption\"><\/span><\/a><\/div><\/div><\/div>\n<p>Kinderfest! Am 13.07.2019 ist es wieder soweit. Unser allj\u00e4hrliches Kinderfest steht dieses Jahr unter dem Motto \u201eDer wilde Westen\u201c. Cowboy Jim und sein Maverland Dorf sorgen f\u00fcr jede Menge Spa\u00df und Unterhaltung. Die Kinder k\u00f6nnen Nistk\u00e4sten selber bauen, es werden tolle Indianerz\u00f6pfe geflochten und nat\u00fcrlich darf auch eine Kriegsbemalung nicht fehlen. Wir freuen uns auf viele kleine Cowboys und Indianer! Wer als Cowboy oder Indianer verkleidet kommt, bekommt eine kleine extra \u00dcberraschung! Im wilden Westen darf Ponyreiten auch nicht fehlen.( Runde 1\u20ac)<br \/>\nWie jedes Jahr ist die Teilnahme an unserem Kinderfest kostenlos!<\/p>\n<p><a href=\"https:\/\/www.ferienzentrum-heidenau.de\/wp-content\/uploads\/2019-07-13-Kinderfest-Cowboy-Indianer-01.jpg\" target=\"_blank\" rel=\"noopener\"><img loading=\"lazy\" decoding=\"async\" class=\"alignnone wp-image-1909 size-full\" src=\"https:\/\/www.ferienzentrum-heidenau.de\/wp-content\/uploads\/2019-07-13-Kinderfest-Cowboy-Indianer-01.jpg\" alt=\"\" width=\"1000\" height=\"1000\" srcset=\"https:\/\/www.ferienzentrum-heidenau.de\/wp-content\/uploads\/2019-07-13-Kinderfest-Cowboy-Indianer-01.jpg 1000w, https:\/\/www.ferienzentrum-heidenau.de\/wp-content\/uploads\/2019-07-13-Kinderfest-Cowboy-Indianer-01-300x300.jpg 300w, https:\/\/www.ferienzentrum-heidenau.de\/wp-content\/uploads\/2019-07-13-Kinderfest-Cowboy-Indianer-01-150x150.jpg 150w, https:\/\/www.ferienzentrum-heidenau.de\/wp-content\/uploads\/2019-07-13-Kinderfest-Cowboy-Indianer-01-768x768.jpg 768w, https:\/\/www.ferienzentrum-heidenau.de\/wp-content\/uploads\/2019-07-13-Kinderfest-Cowboy-Indianer-01-187x187.jpg 187w\" sizes=\"auto, (max-width: 1000px) 100vw, 1000px\" \/><\/a><\/p>\n<p>&nbsp;<\/p>\n<p>&nbsp;<\/p>\n","protected":false},"excerpt":{"rendered":"<p>Unser Kinderfest heute war rundum sch\u00f6n!?? Vielen Dank an Cowboy Jim aus Maverland, der die vielen kleinen Cowboys und Indianer bestens unterhalten hat. Wir hoffen, es hat Euch allen Spass gemacht!? Der Wettergott hat gl\u00fccklicherweise auch super mitgespielt! Kinderfest! Am 13.07.2019 ist es wieder soweit. Unser allj\u00e4hrliches Kinderfest steht dieses Jahr unter dem Motto \u201eDer<\/p>\n","protected":false},"author":2,"featured_media":1909,"comment_status":"closed","ping_status":"closed","sticky":false,"template":"","format":"standard","meta":{"footnotes":""},"categories":[26],"tags":[],"class_list":["post-1908","post","type-post","status-publish","format-standard","has-post-thumbnail","hentry","category-event-feier"],"_links":{"self":[{"href":"https:\/\/www.ferienzentrum-heidenau.de\/nl\/wp-json\/wp\/v2\/posts\/1908","targetHints":{"allow":["GET"]}}],"collection":[{"href":"https:\/\/www.ferienzentrum-heidenau.de\/nl\/wp-json\/wp\/v2\/posts"}],"about":[{"href":"https:\/\/www.ferienzentrum-heidenau.de\/nl\/wp-json\/wp\/v2\/types\/post"}],"author":[{"embeddable":true,"href":"https:\/\/www.ferienzentrum-heidenau.de\/nl\/wp-json\/wp\/v2\/users\/2"}],"replies":[{"embeddable":true,"href":"https:\/\/www.ferienzentrum-heidenau.de\/nl\/wp-json\/wp\/v2\/comments?post=1908"}],"version-history":[{"count":2,"href":"https:\/\/www.ferienzentrum-heidenau.de\/nl\/wp-json\/wp\/v2\/posts\/1908\/revisions"}],"predecessor-version":[{"id":5886,"href":"https:\/\/www.ferienzentrum-heidenau.de\/nl\/wp-json\/wp\/v2\/posts\/1908\/revisions\/5886"}],"wp:featuredmedia":[{"embeddable":true,"href":"https:\/\/www.ferienzentrum-heidenau.de\/nl\/wp-json\/wp\/v2\/media\/1909"}],"wp:attachment":[{"href":"https:\/\/www.ferienzentrum-heidenau.de\/nl\/wp-json\/wp\/v2\/media?parent=1908"}],"wp:term":[{"taxonomy":"category","embeddable":true,"href":"https:\/\/www.ferienzentrum-heidenau.de\/nl\/wp-json\/wp\/v2\/categories?post=1908"},{"taxonomy":"post_tag","embeddable":true,"href":"https:\/\/www.ferienzentrum-heidenau.de\/nl\/wp-json\/wp\/v2\/tags?post=1908"}],"curies":[{"name":"wp","href":"https:\/\/api.w.org\/{rel}","templated":true}]}}