{"id":1957,"date":"2019-10-23T12:37:43","date_gmt":"2019-10-23T12:37:43","guid":{"rendered":"https:\/\/www.ferienzentrumheidenau.de\/?p=1957"},"modified":"2021-08-25T16:26:09","modified_gmt":"2021-08-25T16:26:09","slug":"mobilheim-von-de-bergjes-neu","status":"publish","type":"post","link":"https:\/\/www.ferienzentrum-heidenau.de\/nl\/mobilheim-von-de-bergjes-neu\/","title":{"rendered":"23.10.2019 Mobilheim von De Bergjes neu"},"content":{"rendered":"<p>Gestern ist wieder ein sch\u00f6nes neues Mobilheim der Firma De Bergjes Chalets en Caravans bei uns im Ferienzentrum Heidenau eingezogen. Herzlichen Gl\u00fcckwunsch an die stolzen Besitzer! Es stehen momentan sogar noch einige Mobilheimpl\u00e4tze f\u00fcr neue Mobilheime zur Verf\u00fcgung! Es steht zwischen dem Hauptweg und dem Waschhaus Ring 4.<\/p>\n<style type=\"text\/css\">\r\n\t\t\t\t#gallery-1 {\r\n\t\t\t\t\tmargin: auto;\r\n\t\t\t\t}\r\n\t\t\t\t#gallery-1 .gallery-item {\r\n\t\t\t\t\tfloat: left;\r\n\t\t\t\t\tmargin-top: 10px;\r\n\t\t\t\t\ttext-align: center;\r\n\t\t\t\t\twidth: 100%;\r\n\t\t\t\t}\r\n\t\t\t\t#gallery-1 .gallery-caption {\r\n\t\t\t\t\tmargin-left: 0;\r\n\t\t\t\t}\r\n\t\t\t<\/style><!-- see gallery_shortcode() in wp-includes\/media.php -->\r\n\t\t\t\n\t\t<div id=\"gallery-1\" class=\"gallery galleryid-1957 mfp-gallery mfp-gallery--images gallery-columns-1 gallery-size-full\"><div class=\"row zn_image_gallery \"><div class=\"col-sm-6 col-md-4 col-lg-12\"><a href=\"https:\/\/www.ferienzentrum-heidenau.de\/wp-content\/uploads\/2019-10-23-Mobilheim-De-Bergjes-neu-02.jpg\" title=\"\" class=\"hoverBorder\"><img loading=\"lazy\" decoding=\"async\" width=\"1000\" height=\"1000\" src=\"https:\/\/www.ferienzentrum-heidenau.de\/wp-content\/uploads\/2019-10-23-Mobilheim-De-Bergjes-neu-02.jpg\" class=\"attachment-full size-full\" alt=\"\" columns=\"1\" link=\"file\" size=\"full\" ids=\"1961,1958,1964\" orderby=\"post__in\" include=\"1961,1958,1964\" srcset=\"https:\/\/www.ferienzentrum-heidenau.de\/wp-content\/uploads\/2019-10-23-Mobilheim-De-Bergjes-neu-02.jpg 1000w, https:\/\/www.ferienzentrum-heidenau.de\/wp-content\/uploads\/2019-10-23-Mobilheim-De-Bergjes-neu-02-300x300.jpg 300w, https:\/\/www.ferienzentrum-heidenau.de\/wp-content\/uploads\/2019-10-23-Mobilheim-De-Bergjes-neu-02-150x150.jpg 150w, https:\/\/www.ferienzentrum-heidenau.de\/wp-content\/uploads\/2019-10-23-Mobilheim-De-Bergjes-neu-02-768x768.jpg 768w, https:\/\/www.ferienzentrum-heidenau.de\/wp-content\/uploads\/2019-10-23-Mobilheim-De-Bergjes-neu-02-187x187.jpg 187w\" sizes=\"auto, (max-width: 1000px) 100vw, 1000px\" \/><span class=\"gallery_caption\"><\/span><\/a><\/div><\/div><div class=\"row zn_image_gallery \"><div class=\"col-sm-6 col-md-4 col-lg-12\"><a href=\"https:\/\/www.ferienzentrum-heidenau.de\/wp-content\/uploads\/2019-10-23-Mobilheim-De-Bergjes-neu-01.jpg\" title=\"\" class=\"hoverBorder\"><img loading=\"lazy\" decoding=\"async\" width=\"1500\" height=\"1000\" src=\"https:\/\/www.ferienzentrum-heidenau.de\/wp-content\/uploads\/2019-10-23-Mobilheim-De-Bergjes-neu-01.jpg\" class=\"attachment-full size-full\" alt=\"\" columns=\"1\" link=\"file\" size=\"full\" ids=\"1961,1958,1964\" orderby=\"post__in\" include=\"1961,1958,1964\" srcset=\"https:\/\/www.ferienzentrum-heidenau.de\/wp-content\/uploads\/2019-10-23-Mobilheim-De-Bergjes-neu-01.jpg 1500w, https:\/\/www.ferienzentrum-heidenau.de\/wp-content\/uploads\/2019-10-23-Mobilheim-De-Bergjes-neu-01-300x200.jpg 300w, https:\/\/www.ferienzentrum-heidenau.de\/wp-content\/uploads\/2019-10-23-Mobilheim-De-Bergjes-neu-01-768x512.jpg 768w, https:\/\/www.ferienzentrum-heidenau.de\/wp-content\/uploads\/2019-10-23-Mobilheim-De-Bergjes-neu-01-280x187.jpg 280w, https:\/\/www.ferienzentrum-heidenau.de\/wp-content\/uploads\/2019-10-23-Mobilheim-De-Bergjes-neu-01-1170x780.jpg 1170w\" sizes=\"auto, (max-width: 1500px) 100vw, 1500px\" \/><span class=\"gallery_caption\"><\/span><\/a><\/div><\/div><div class=\"row zn_image_gallery \"><div class=\"col-sm-6 col-md-4 col-lg-12\"><a href=\"https:\/\/www.ferienzentrum-heidenau.de\/wp-content\/uploads\/2019-10-23-Mobilheim-De-Bergjes-neu-03.jpg\" title=\"\" class=\"hoverBorder\"><img loading=\"lazy\" decoding=\"async\" width=\"1500\" height=\"1000\" src=\"https:\/\/www.ferienzentrum-heidenau.de\/wp-content\/uploads\/2019-10-23-Mobilheim-De-Bergjes-neu-03.jpg\" class=\"attachment-full size-full\" alt=\"\" columns=\"1\" link=\"file\" size=\"full\" ids=\"1961,1958,1964\" orderby=\"post__in\" include=\"1961,1958,1964\" srcset=\"https:\/\/www.ferienzentrum-heidenau.de\/wp-content\/uploads\/2019-10-23-Mobilheim-De-Bergjes-neu-03.jpg 1500w, https:\/\/www.ferienzentrum-heidenau.de\/wp-content\/uploads\/2019-10-23-Mobilheim-De-Bergjes-neu-03-300x200.jpg 300w, https:\/\/www.ferienzentrum-heidenau.de\/wp-content\/uploads\/2019-10-23-Mobilheim-De-Bergjes-neu-03-768x512.jpg 768w, https:\/\/www.ferienzentrum-heidenau.de\/wp-content\/uploads\/2019-10-23-Mobilheim-De-Bergjes-neu-03-280x187.jpg 280w, https:\/\/www.ferienzentrum-heidenau.de\/wp-content\/uploads\/2019-10-23-Mobilheim-De-Bergjes-neu-03-1170x780.jpg 1170w\" sizes=\"auto, (max-width: 1500px) 100vw, 1500px\" \/><span class=\"gallery_caption\"><\/span><\/a><\/div><\/div><\/div>\n","protected":false},"excerpt":{"rendered":"<p>Gestern ist wieder ein sch\u00f6nes neues Mobilheim der Firma De Bergjes Chalets en Caravans bei uns im Ferienzentrum Heidenau eingezogen. Herzlichen Gl\u00fcckwunsch an die stolzen Besitzer! Es stehen momentan sogar noch einige Mobilheimpl\u00e4tze f\u00fcr neue Mobilheime zur Verf\u00fcgung! Es steht zwischen dem Hauptweg und dem Waschhaus Ring 4.<\/p>\n","protected":false},"author":2,"featured_media":1961,"comment_status":"closed","ping_status":"closed","sticky":false,"template":"","format":"standard","meta":{"footnotes":""},"categories":[25],"tags":[],"class_list":["post-1957","post","type-post","status-publish","format-standard","has-post-thumbnail","hentry","category-mobilheim"],"_links":{"self":[{"href":"https:\/\/www.ferienzentrum-heidenau.de\/nl\/wp-json\/wp\/v2\/posts\/1957","targetHints":{"allow":["GET"]}}],"collection":[{"href":"https:\/\/www.ferienzentrum-heidenau.de\/nl\/wp-json\/wp\/v2\/posts"}],"about":[{"href":"https:\/\/www.ferienzentrum-heidenau.de\/nl\/wp-json\/wp\/v2\/types\/post"}],"author":[{"embeddable":true,"href":"https:\/\/www.ferienzentrum-heidenau.de\/nl\/wp-json\/wp\/v2\/users\/2"}],"replies":[{"embeddable":true,"href":"https:\/\/www.ferienzentrum-heidenau.de\/nl\/wp-json\/wp\/v2\/comments?post=1957"}],"version-history":[{"count":3,"href":"https:\/\/www.ferienzentrum-heidenau.de\/nl\/wp-json\/wp\/v2\/posts\/1957\/revisions"}],"predecessor-version":[{"id":5879,"href":"https:\/\/www.ferienzentrum-heidenau.de\/nl\/wp-json\/wp\/v2\/posts\/1957\/revisions\/5879"}],"wp:featuredmedia":[{"embeddable":true,"href":"https:\/\/www.ferienzentrum-heidenau.de\/nl\/wp-json\/wp\/v2\/media\/1961"}],"wp:attachment":[{"href":"https:\/\/www.ferienzentrum-heidenau.de\/nl\/wp-json\/wp\/v2\/media?parent=1957"}],"wp:term":[{"taxonomy":"category","embeddable":true,"href":"https:\/\/www.ferienzentrum-heidenau.de\/nl\/wp-json\/wp\/v2\/categories?post=1957"},{"taxonomy":"post_tag","embeddable":true,"href":"https:\/\/www.ferienzentrum-heidenau.de\/nl\/wp-json\/wp\/v2\/tags?post=1957"}],"curies":[{"name":"wp","href":"https:\/\/api.w.org\/{rel}","templated":true}]}}