{"id":1969,"date":"2019-12-01T12:42:00","date_gmt":"2019-12-01T12:42:00","guid":{"rendered":"https:\/\/www.ferienzentrumheidenau.de\/?p=1969"},"modified":"2021-08-25T16:25:57","modified_gmt":"2021-08-25T16:25:57","slug":"gewinnspiel-pflanzen-seuthes","status":"publish","type":"post","link":"https:\/\/www.ferienzentrum-heidenau.de\/nl\/gewinnspiel-pflanzen-seuthes\/","title":{"rendered":"01.12.2019 Gewinnspiel Pflanzen Seuthes"},"content":{"rendered":"<p>Aktion &#8220;wir schm\u00fccken unser Ferienzentrum Heidenau!&#8221; Seid Ihr auch schon ein bisschen in Weihnachtsstimmung? Wir haben uns f\u00fcr unsere G\u00e4ste des Ferienzentrums und der Blauen Lagune etwas sch\u00f6n, weihnachtliches ausgedacht. Postet uns unter diesen Beitrag ein Bild von Euren sch\u00f6n Weihnachtlich geschm\u00fcckten H\u00e4usern, Wohnwagen oder G\u00e4rten. Welches Bild bis zum 24.12.2019 die meisten Likes bekommen hat, erh\u00e4lt von uns einen Gutschein von Seuthes GmbH &amp; Co. KG im Wert von 50\u20ac. Und jetzt w\u00fcnschen wir Euch ganz viel Spass beim schm\u00fccken!<\/p>\n<p><a href=\"https:\/\/www.ferienzentrum-heidenau.de\/wp-content\/uploads\/2019-12-01-Gewinnspiel-Pflanzen-Seuthes-01.jpg\"><img loading=\"lazy\" decoding=\"async\" class=\"alignnone size-full wp-image-1970\" src=\"https:\/\/www.ferienzentrum-heidenau.de\/wp-content\/uploads\/2019-12-01-Gewinnspiel-Pflanzen-Seuthes-01.jpg\" alt=\"\" width=\"1000\" height=\"1000\" srcset=\"https:\/\/www.ferienzentrum-heidenau.de\/wp-content\/uploads\/2019-12-01-Gewinnspiel-Pflanzen-Seuthes-01.jpg 1000w, https:\/\/www.ferienzentrum-heidenau.de\/wp-content\/uploads\/2019-12-01-Gewinnspiel-Pflanzen-Seuthes-01-300x300.jpg 300w, https:\/\/www.ferienzentrum-heidenau.de\/wp-content\/uploads\/2019-12-01-Gewinnspiel-Pflanzen-Seuthes-01-150x150.jpg 150w, https:\/\/www.ferienzentrum-heidenau.de\/wp-content\/uploads\/2019-12-01-Gewinnspiel-Pflanzen-Seuthes-01-768x768.jpg 768w, https:\/\/www.ferienzentrum-heidenau.de\/wp-content\/uploads\/2019-12-01-Gewinnspiel-Pflanzen-Seuthes-01-187x187.jpg 187w\" sizes=\"auto, (max-width: 1000px) 100vw, 1000px\" \/><\/a><\/p>\n","protected":false},"excerpt":{"rendered":"<p>Aktion &#8220;wir schm\u00fccken unser Ferienzentrum Heidenau!&#8221; Seid Ihr auch schon ein bisschen in Weihnachtsstimmung? Wir haben uns f\u00fcr unsere G\u00e4ste des Ferienzentrums und der Blauen Lagune etwas sch\u00f6n, weihnachtliches ausgedacht. Postet uns unter diesen Beitrag ein Bild von Euren sch\u00f6n Weihnachtlich geschm\u00fcckten H\u00e4usern, Wohnwagen oder G\u00e4rten. Welches Bild bis zum 24.12.2019 die meisten Likes bekommen<\/p>\n","protected":false},"author":2,"featured_media":1970,"comment_status":"closed","ping_status":"closed","sticky":false,"template":"","format":"standard","meta":{"footnotes":""},"categories":[1],"tags":[],"class_list":["post-1969","post","type-post","status-publish","format-standard","has-post-thumbnail","hentry","category-allgemeines"],"_links":{"self":[{"href":"https:\/\/www.ferienzentrum-heidenau.de\/nl\/wp-json\/wp\/v2\/posts\/1969","targetHints":{"allow":["GET"]}}],"collection":[{"href":"https:\/\/www.ferienzentrum-heidenau.de\/nl\/wp-json\/wp\/v2\/posts"}],"about":[{"href":"https:\/\/www.ferienzentrum-heidenau.de\/nl\/wp-json\/wp\/v2\/types\/post"}],"author":[{"embeddable":true,"href":"https:\/\/www.ferienzentrum-heidenau.de\/nl\/wp-json\/wp\/v2\/users\/2"}],"replies":[{"embeddable":true,"href":"https:\/\/www.ferienzentrum-heidenau.de\/nl\/wp-json\/wp\/v2\/comments?post=1969"}],"version-history":[{"count":2,"href":"https:\/\/www.ferienzentrum-heidenau.de\/nl\/wp-json\/wp\/v2\/posts\/1969\/revisions"}],"predecessor-version":[{"id":5878,"href":"https:\/\/www.ferienzentrum-heidenau.de\/nl\/wp-json\/wp\/v2\/posts\/1969\/revisions\/5878"}],"wp:featuredmedia":[{"embeddable":true,"href":"https:\/\/www.ferienzentrum-heidenau.de\/nl\/wp-json\/wp\/v2\/media\/1970"}],"wp:attachment":[{"href":"https:\/\/www.ferienzentrum-heidenau.de\/nl\/wp-json\/wp\/v2\/media?parent=1969"}],"wp:term":[{"taxonomy":"category","embeddable":true,"href":"https:\/\/www.ferienzentrum-heidenau.de\/nl\/wp-json\/wp\/v2\/categories?post=1969"},{"taxonomy":"post_tag","embeddable":true,"href":"https:\/\/www.ferienzentrum-heidenau.de\/nl\/wp-json\/wp\/v2\/tags?post=1969"}],"curies":[{"name":"wp","href":"https:\/\/api.w.org\/{rel}","templated":true}]}}