{"id":2042,"date":"2020-07-28T15:15:24","date_gmt":"2020-07-28T15:15:24","guid":{"rendered":"https:\/\/www.ferienzentrumheidenau.de\/?p=2042"},"modified":"2021-08-25T16:22:50","modified_gmt":"2021-08-25T16:22:50","slug":"musik-videodreh-aurel","status":"publish","type":"post","link":"https:\/\/www.ferienzentrum-heidenau.de\/nl\/musik-videodreh-aurel\/","title":{"rendered":"28.07.2020 Musik Videodreh Aurel"},"content":{"rendered":"<p>Letztes Wochenende hat Stefan Aurel Schlabritz das Musikvideo f\u00fcr sein neuen Song &#8220;Lasst uns Leben&#8221; bei uns am Pferdestall gedreht! Unterst\u00fctzt wurde er dabei von der Band Truck Stop und von den A1 Linedancers aus Sittensen sowie das <a href=\"http:\/\/druckstudio.de\" target=\"_blank\" rel=\"noopener\">druckstudio.de<\/a> aus Tostedt, welches Bodo den Bulli zur Verf\u00fcgung gestellt hat. Es war ein sch\u00f6ner Abend und hat viel Spa\u00df gemacht!<\/p>\n<style type=\"text\/css\">\r\n\t\t\t\t#gallery-1 {\r\n\t\t\t\t\tmargin: auto;\r\n\t\t\t\t}\r\n\t\t\t\t#gallery-1 .gallery-item {\r\n\t\t\t\t\tfloat: left;\r\n\t\t\t\t\tmargin-top: 10px;\r\n\t\t\t\t\ttext-align: center;\r\n\t\t\t\t\twidth: 50%;\r\n\t\t\t\t}\r\n\t\t\t\t#gallery-1 .gallery-caption {\r\n\t\t\t\t\tmargin-left: 0;\r\n\t\t\t\t}\r\n\t\t\t<\/style><!-- see gallery_shortcode() in wp-includes\/media.php -->\r\n\t\t\t\n\t\t<div id=\"gallery-1\" class=\"gallery galleryid-2042 mfp-gallery mfp-gallery--images gallery-columns-2 gallery-size-full\"><div class=\"row zn_image_gallery \"><div class=\"col-sm-6 col-md-4 col-lg-6\"><a href=\"https:\/\/www.ferienzentrum-heidenau.de\/wp-content\/uploads\/2020-07-28-Musikvideodreh-Aurel-01.jpg\" title=\"\" class=\"hoverBorder\"><img loading=\"lazy\" decoding=\"async\" width=\"1600\" height=\"1200\" src=\"https:\/\/www.ferienzentrum-heidenau.de\/wp-content\/uploads\/2020-07-28-Musikvideodreh-Aurel-01.jpg\" class=\"attachment-full size-full\" alt=\"\" link=\"file\" columns=\"2\" size=\"full\" ids=\"2296,2299,2302,2305\" orderby=\"post__in\" include=\"2296,2299,2302,2305\" srcset=\"https:\/\/www.ferienzentrum-heidenau.de\/wp-content\/uploads\/2020-07-28-Musikvideodreh-Aurel-01.jpg 1600w, https:\/\/www.ferienzentrum-heidenau.de\/wp-content\/uploads\/2020-07-28-Musikvideodreh-Aurel-01-300x225.jpg 300w, https:\/\/www.ferienzentrum-heidenau.de\/wp-content\/uploads\/2020-07-28-Musikvideodreh-Aurel-01-768x576.jpg 768w, https:\/\/www.ferienzentrum-heidenau.de\/wp-content\/uploads\/2020-07-28-Musikvideodreh-Aurel-01-1536x1152.jpg 1536w, https:\/\/www.ferienzentrum-heidenau.de\/wp-content\/uploads\/2020-07-28-Musikvideodreh-Aurel-01-249x187.jpg 249w, https:\/\/www.ferienzentrum-heidenau.de\/wp-content\/uploads\/2020-07-28-Musikvideodreh-Aurel-01-1170x878.jpg 1170w\" sizes=\"auto, (max-width: 1600px) 100vw, 1600px\" \/><span class=\"gallery_caption\"><\/span><\/a><\/div><div class=\"col-sm-6 col-md-4 col-lg-6\"><a href=\"https:\/\/www.ferienzentrum-heidenau.de\/wp-content\/uploads\/2020-07-28-Musikvideodreh-Aurel-02.jpg\" title=\"\" class=\"hoverBorder\"><img loading=\"lazy\" decoding=\"async\" width=\"1600\" height=\"1200\" src=\"https:\/\/www.ferienzentrum-heidenau.de\/wp-content\/uploads\/2020-07-28-Musikvideodreh-Aurel-02.jpg\" class=\"attachment-full size-full\" alt=\"\" link=\"file\" columns=\"2\" size=\"full\" ids=\"2296,2299,2302,2305\" orderby=\"post__in\" include=\"2296,2299,2302,2305\" srcset=\"https:\/\/www.ferienzentrum-heidenau.de\/wp-content\/uploads\/2020-07-28-Musikvideodreh-Aurel-02.jpg 1600w, https:\/\/www.ferienzentrum-heidenau.de\/wp-content\/uploads\/2020-07-28-Musikvideodreh-Aurel-02-300x225.jpg 300w, https:\/\/www.ferienzentrum-heidenau.de\/wp-content\/uploads\/2020-07-28-Musikvideodreh-Aurel-02-768x576.jpg 768w, https:\/\/www.ferienzentrum-heidenau.de\/wp-content\/uploads\/2020-07-28-Musikvideodreh-Aurel-02-1536x1152.jpg 1536w, https:\/\/www.ferienzentrum-heidenau.de\/wp-content\/uploads\/2020-07-28-Musikvideodreh-Aurel-02-249x187.jpg 249w, https:\/\/www.ferienzentrum-heidenau.de\/wp-content\/uploads\/2020-07-28-Musikvideodreh-Aurel-02-1170x878.jpg 1170w\" sizes=\"auto, (max-width: 1600px) 100vw, 1600px\" \/><span class=\"gallery_caption\"><\/span><\/a><\/div><\/div><div class=\"row zn_image_gallery \"><div class=\"col-sm-6 col-md-4 col-lg-6\"><a href=\"https:\/\/www.ferienzentrum-heidenau.de\/wp-content\/uploads\/2020-07-28-Musikvideodreh-Aurel-03.jpg\" title=\"\" class=\"hoverBorder\"><img loading=\"lazy\" decoding=\"async\" width=\"1600\" height=\"1200\" src=\"https:\/\/www.ferienzentrum-heidenau.de\/wp-content\/uploads\/2020-07-28-Musikvideodreh-Aurel-03.jpg\" class=\"attachment-full size-full\" alt=\"\" link=\"file\" columns=\"2\" size=\"full\" ids=\"2296,2299,2302,2305\" orderby=\"post__in\" include=\"2296,2299,2302,2305\" srcset=\"https:\/\/www.ferienzentrum-heidenau.de\/wp-content\/uploads\/2020-07-28-Musikvideodreh-Aurel-03.jpg 1600w, https:\/\/www.ferienzentrum-heidenau.de\/wp-content\/uploads\/2020-07-28-Musikvideodreh-Aurel-03-300x225.jpg 300w, https:\/\/www.ferienzentrum-heidenau.de\/wp-content\/uploads\/2020-07-28-Musikvideodreh-Aurel-03-768x576.jpg 768w, https:\/\/www.ferienzentrum-heidenau.de\/wp-content\/uploads\/2020-07-28-Musikvideodreh-Aurel-03-1536x1152.jpg 1536w, https:\/\/www.ferienzentrum-heidenau.de\/wp-content\/uploads\/2020-07-28-Musikvideodreh-Aurel-03-249x187.jpg 249w, https:\/\/www.ferienzentrum-heidenau.de\/wp-content\/uploads\/2020-07-28-Musikvideodreh-Aurel-03-1170x878.jpg 1170w\" sizes=\"auto, (max-width: 1600px) 100vw, 1600px\" \/><span class=\"gallery_caption\"><\/span><\/a><\/div><div class=\"col-sm-6 col-md-4 col-lg-6\"><a href=\"https:\/\/www.ferienzentrum-heidenau.de\/wp-content\/uploads\/2020-07-28-Musikvideodreh-Aurel-04.jpg\" title=\"\" class=\"hoverBorder\"><img loading=\"lazy\" decoding=\"async\" width=\"1200\" height=\"1600\" src=\"https:\/\/www.ferienzentrum-heidenau.de\/wp-content\/uploads\/2020-07-28-Musikvideodreh-Aurel-04.jpg\" class=\"attachment-full size-full\" alt=\"\" link=\"file\" columns=\"2\" size=\"full\" ids=\"2296,2299,2302,2305\" orderby=\"post__in\" include=\"2296,2299,2302,2305\" srcset=\"https:\/\/www.ferienzentrum-heidenau.de\/wp-content\/uploads\/2020-07-28-Musikvideodreh-Aurel-04.jpg 1200w, https:\/\/www.ferienzentrum-heidenau.de\/wp-content\/uploads\/2020-07-28-Musikvideodreh-Aurel-04-225x300.jpg 225w, https:\/\/www.ferienzentrum-heidenau.de\/wp-content\/uploads\/2020-07-28-Musikvideodreh-Aurel-04-768x1024.jpg 768w, https:\/\/www.ferienzentrum-heidenau.de\/wp-content\/uploads\/2020-07-28-Musikvideodreh-Aurel-04-1152x1536.jpg 1152w, https:\/\/www.ferienzentrum-heidenau.de\/wp-content\/uploads\/2020-07-28-Musikvideodreh-Aurel-04-140x187.jpg 140w, https:\/\/www.ferienzentrum-heidenau.de\/wp-content\/uploads\/2020-07-28-Musikvideodreh-Aurel-04-1170x1560.jpg 1170w\" sizes=\"auto, (max-width: 1200px) 100vw, 1200px\" \/><span class=\"gallery_caption\"><\/span><\/a><\/div><\/div><\/div>\n<p><iframe loading=\"lazy\" title=\"LASS UNS LEBEN (OFFIZIELLES MUSIKVIDEO)\" width=\"1170\" height=\"658\" src=\"https:\/\/www.youtube.com\/embed\/NPLf3I1W1kI?feature=oembed\" frameborder=\"0\" allow=\"accelerometer; autoplay; clipboard-write; encrypted-media; gyroscope; picture-in-picture\" allowfullscreen><\/iframe><\/p>\n<p>Das offizielle Musikvideo zum Song LASS UNS LEBEN &#8211; JETZT REINH\u00d6REN: <a href=\"https:\/\/ampl.ink\/BM03l\" target=\"_blank\" rel=\"noopener\">https:\/\/ampl.ink\/BM03l<\/a><\/p>\n<p>Folge AUREL: Webseite: <a href=\"https:\/\/aurelmusic.de\" target=\"_blank\" rel=\"noopener\">https:\/\/aurelmusic.de<\/a>, Facebook: <a href=\"https:\/\/www.facebook.com\/aurelmusic\" target=\"_blank\" rel=\"noopener\">https:\/\/www.facebook.com\/aurelmusic<\/a>, Instagram: <a href=\"https:\/\/www.instagram.com\/aurelmusic\" target=\"_blank\" rel=\"noopener\">https:\/\/www.instagram.com\/aurelmusic<\/a>, Spotify: <a href=\"http:\/\/bit.ly\/aurelmusic\" target=\"_blank\" rel=\"noopener\">http:\/\/bit.ly\/aurelmusic<\/a><\/p>\n","protected":false},"excerpt":{"rendered":"<p>Letztes Wochenende hat Stefan Aurel Schlabritz das Musikvideo f\u00fcr sein neuen Song &#8220;Lasst uns Leben&#8221; bei uns am Pferdestall gedreht! Unterst\u00fctzt wurde er dabei von der Band Truck Stop und von den A1 Linedancers aus Sittensen sowie das druckstudio.de aus Tostedt, welches Bodo den Bulli zur Verf\u00fcgung gestellt hat. Es war ein sch\u00f6ner Abend und<\/p>\n","protected":false},"author":2,"featured_media":2293,"comment_status":"closed","ping_status":"closed","sticky":false,"template":"","format":"standard","meta":{"footnotes":""},"categories":[27,24],"tags":[],"class_list":["post-2042","post","type-post","status-publish","format-standard","has-post-thumbnail","hentry","category-action","category-live-musik"],"_links":{"self":[{"href":"https:\/\/www.ferienzentrum-heidenau.de\/nl\/wp-json\/wp\/v2\/posts\/2042","targetHints":{"allow":["GET"]}}],"collection":[{"href":"https:\/\/www.ferienzentrum-heidenau.de\/nl\/wp-json\/wp\/v2\/posts"}],"about":[{"href":"https:\/\/www.ferienzentrum-heidenau.de\/nl\/wp-json\/wp\/v2\/types\/post"}],"author":[{"embeddable":true,"href":"https:\/\/www.ferienzentrum-heidenau.de\/nl\/wp-json\/wp\/v2\/users\/2"}],"replies":[{"embeddable":true,"href":"https:\/\/www.ferienzentrum-heidenau.de\/nl\/wp-json\/wp\/v2\/comments?post=2042"}],"version-history":[{"count":5,"href":"https:\/\/www.ferienzentrum-heidenau.de\/nl\/wp-json\/wp\/v2\/posts\/2042\/revisions"}],"predecessor-version":[{"id":5866,"href":"https:\/\/www.ferienzentrum-heidenau.de\/nl\/wp-json\/wp\/v2\/posts\/2042\/revisions\/5866"}],"wp:featuredmedia":[{"embeddable":true,"href":"https:\/\/www.ferienzentrum-heidenau.de\/nl\/wp-json\/wp\/v2\/media\/2293"}],"wp:attachment":[{"href":"https:\/\/www.ferienzentrum-heidenau.de\/nl\/wp-json\/wp\/v2\/media?parent=2042"}],"wp:term":[{"taxonomy":"category","embeddable":true,"href":"https:\/\/www.ferienzentrum-heidenau.de\/nl\/wp-json\/wp\/v2\/categories?post=2042"},{"taxonomy":"post_tag","embeddable":true,"href":"https:\/\/www.ferienzentrum-heidenau.de\/nl\/wp-json\/wp\/v2\/tags?post=2042"}],"curies":[{"name":"wp","href":"https:\/\/api.w.org\/{rel}","templated":true}]}}