{"id":2093,"date":"2020-10-15T15:44:07","date_gmt":"2020-10-15T15:44:07","guid":{"rendered":"https:\/\/www.ferienzentrumheidenau.de\/?p=2093"},"modified":"2021-08-25T16:19:42","modified_gmt":"2021-08-25T16:19:42","slug":"eingangsbereich-neugestaltung","status":"publish","type":"post","link":"https:\/\/www.ferienzentrum-heidenau.de\/nl\/eingangsbereich-neugestaltung\/","title":{"rendered":"15.10.2020 Eingangsbereich Neugestaltung"},"content":{"rendered":"<p>Nun ist auch der neue Eingangsbereich f\u00fcr den Campingplatz gegen\u00fcber der Rezeption fertig! Wir hoffen, das er Euch gef\u00e4llt.<\/p>\n<style type=\"text\/css\">\r\n\t\t\t\t#gallery-1 {\r\n\t\t\t\t\tmargin: auto;\r\n\t\t\t\t}\r\n\t\t\t\t#gallery-1 .gallery-item {\r\n\t\t\t\t\tfloat: left;\r\n\t\t\t\t\tmargin-top: 10px;\r\n\t\t\t\t\ttext-align: center;\r\n\t\t\t\t\twidth: 50%;\r\n\t\t\t\t}\r\n\t\t\t\t#gallery-1 .gallery-caption {\r\n\t\t\t\t\tmargin-left: 0;\r\n\t\t\t\t}\r\n\t\t\t<\/style><!-- see gallery_shortcode() in wp-includes\/media.php -->\r\n\t\t\t\n\t\t<div id=\"gallery-1\" class=\"gallery galleryid-2093 mfp-gallery mfp-gallery--images gallery-columns-2 gallery-size-full\"><div class=\"row zn_image_gallery \"><div class=\"col-sm-6 col-md-4 col-lg-6\"><a href=\"https:\/\/www.ferienzentrum-heidenau.de\/wp-content\/uploads\/Ferienzentrum-Camping-Urlaub-Wohnmobil-Stellplatz-Ferien-Wohnwagen-Zelt-A1-Heidenau-Rezeption-Empore-01.jpg\" title=\"\" class=\"hoverBorder\"><img loading=\"lazy\" decoding=\"async\" width=\"1000\" height=\"1000\" src=\"https:\/\/www.ferienzentrum-heidenau.de\/wp-content\/uploads\/Ferienzentrum-Camping-Urlaub-Wohnmobil-Stellplatz-Ferien-Wohnwagen-Zelt-A1-Heidenau-Rezeption-Empore-01.jpg\" class=\"attachment-full size-full\" alt=\"\" columns=\"2\" link=\"file\" size=\"full\" ids=\"1430,1433\" orderby=\"post__in\" include=\"1430,1433\" srcset=\"https:\/\/www.ferienzentrum-heidenau.de\/wp-content\/uploads\/Ferienzentrum-Camping-Urlaub-Wohnmobil-Stellplatz-Ferien-Wohnwagen-Zelt-A1-Heidenau-Rezeption-Empore-01.jpg 1000w, https:\/\/www.ferienzentrum-heidenau.de\/wp-content\/uploads\/Ferienzentrum-Camping-Urlaub-Wohnmobil-Stellplatz-Ferien-Wohnwagen-Zelt-A1-Heidenau-Rezeption-Empore-01-300x300.jpg 300w, https:\/\/www.ferienzentrum-heidenau.de\/wp-content\/uploads\/Ferienzentrum-Camping-Urlaub-Wohnmobil-Stellplatz-Ferien-Wohnwagen-Zelt-A1-Heidenau-Rezeption-Empore-01-150x150.jpg 150w, https:\/\/www.ferienzentrum-heidenau.de\/wp-content\/uploads\/Ferienzentrum-Camping-Urlaub-Wohnmobil-Stellplatz-Ferien-Wohnwagen-Zelt-A1-Heidenau-Rezeption-Empore-01-768x768.jpg 768w, https:\/\/www.ferienzentrum-heidenau.de\/wp-content\/uploads\/Ferienzentrum-Camping-Urlaub-Wohnmobil-Stellplatz-Ferien-Wohnwagen-Zelt-A1-Heidenau-Rezeption-Empore-01-187x187.jpg 187w\" sizes=\"auto, (max-width: 1000px) 100vw, 1000px\" \/><span class=\"gallery_caption\"><\/span><\/a><\/div><div class=\"col-sm-6 col-md-4 col-lg-6\"><a href=\"https:\/\/www.ferienzentrum-heidenau.de\/wp-content\/uploads\/Ferienzentrum-Camping-Urlaub-Wohnmobil-Stellplatz-Ferien-Wohnwagen-Zelt-A1-Heidenau-Rezeption-Empore-02.jpg\" title=\"\" class=\"hoverBorder\"><img loading=\"lazy\" decoding=\"async\" width=\"1000\" height=\"1000\" src=\"https:\/\/www.ferienzentrum-heidenau.de\/wp-content\/uploads\/Ferienzentrum-Camping-Urlaub-Wohnmobil-Stellplatz-Ferien-Wohnwagen-Zelt-A1-Heidenau-Rezeption-Empore-02.jpg\" class=\"attachment-full size-full\" alt=\"\" columns=\"2\" link=\"file\" size=\"full\" ids=\"1430,1433\" orderby=\"post__in\" include=\"1430,1433\" srcset=\"https:\/\/www.ferienzentrum-heidenau.de\/wp-content\/uploads\/Ferienzentrum-Camping-Urlaub-Wohnmobil-Stellplatz-Ferien-Wohnwagen-Zelt-A1-Heidenau-Rezeption-Empore-02.jpg 1000w, https:\/\/www.ferienzentrum-heidenau.de\/wp-content\/uploads\/Ferienzentrum-Camping-Urlaub-Wohnmobil-Stellplatz-Ferien-Wohnwagen-Zelt-A1-Heidenau-Rezeption-Empore-02-300x300.jpg 300w, https:\/\/www.ferienzentrum-heidenau.de\/wp-content\/uploads\/Ferienzentrum-Camping-Urlaub-Wohnmobil-Stellplatz-Ferien-Wohnwagen-Zelt-A1-Heidenau-Rezeption-Empore-02-150x150.jpg 150w, https:\/\/www.ferienzentrum-heidenau.de\/wp-content\/uploads\/Ferienzentrum-Camping-Urlaub-Wohnmobil-Stellplatz-Ferien-Wohnwagen-Zelt-A1-Heidenau-Rezeption-Empore-02-768x768.jpg 768w, https:\/\/www.ferienzentrum-heidenau.de\/wp-content\/uploads\/Ferienzentrum-Camping-Urlaub-Wohnmobil-Stellplatz-Ferien-Wohnwagen-Zelt-A1-Heidenau-Rezeption-Empore-02-187x187.jpg 187w\" sizes=\"auto, (max-width: 1000px) 100vw, 1000px\" \/><span class=\"gallery_caption\"><\/span><\/a><\/div><\/div><\/div>\n","protected":false},"excerpt":{"rendered":"<p>Nun ist auch der neue Eingangsbereich f\u00fcr den Campingplatz gegen\u00fcber der Rezeption fertig! Wir hoffen, das er Euch gef\u00e4llt.<\/p>\n","protected":false},"author":2,"featured_media":1430,"comment_status":"closed","ping_status":"closed","sticky":false,"template":"","format":"standard","meta":{"footnotes":""},"categories":[1],"tags":[],"class_list":["post-2093","post","type-post","status-publish","format-standard","has-post-thumbnail","hentry","category-allgemeines"],"_links":{"self":[{"href":"https:\/\/www.ferienzentrum-heidenau.de\/nl\/wp-json\/wp\/v2\/posts\/2093","targetHints":{"allow":["GET"]}}],"collection":[{"href":"https:\/\/www.ferienzentrum-heidenau.de\/nl\/wp-json\/wp\/v2\/posts"}],"about":[{"href":"https:\/\/www.ferienzentrum-heidenau.de\/nl\/wp-json\/wp\/v2\/types\/post"}],"author":[{"embeddable":true,"href":"https:\/\/www.ferienzentrum-heidenau.de\/nl\/wp-json\/wp\/v2\/users\/2"}],"replies":[{"embeddable":true,"href":"https:\/\/www.ferienzentrum-heidenau.de\/nl\/wp-json\/wp\/v2\/comments?post=2093"}],"version-history":[{"count":3,"href":"https:\/\/www.ferienzentrum-heidenau.de\/nl\/wp-json\/wp\/v2\/posts\/2093\/revisions"}],"predecessor-version":[{"id":5856,"href":"https:\/\/www.ferienzentrum-heidenau.de\/nl\/wp-json\/wp\/v2\/posts\/2093\/revisions\/5856"}],"wp:featuredmedia":[{"embeddable":true,"href":"https:\/\/www.ferienzentrum-heidenau.de\/nl\/wp-json\/wp\/v2\/media\/1430"}],"wp:attachment":[{"href":"https:\/\/www.ferienzentrum-heidenau.de\/nl\/wp-json\/wp\/v2\/media?parent=2093"}],"wp:term":[{"taxonomy":"category","embeddable":true,"href":"https:\/\/www.ferienzentrum-heidenau.de\/nl\/wp-json\/wp\/v2\/categories?post=2093"},{"taxonomy":"post_tag","embeddable":true,"href":"https:\/\/www.ferienzentrum-heidenau.de\/nl\/wp-json\/wp\/v2\/tags?post=2093"}],"curies":[{"name":"wp","href":"https:\/\/api.w.org\/{rel}","templated":true}]}}