{"id":2154,"date":"2021-06-05T16:20:25","date_gmt":"2021-06-05T16:20:25","guid":{"rendered":"https:\/\/www.ferienzentrumheidenau.de\/?p=2154"},"modified":"2021-08-25T16:15:30","modified_gmt":"2021-08-25T16:15:30","slug":"conny-jetzt-auch-mit-mode","status":"publish","type":"post","link":"https:\/\/www.ferienzentrum-heidenau.de\/nl\/conny-jetzt-auch-mit-mode\/","title":{"rendered":"05.06.2021 Conny jetzt auch mit Mode"},"content":{"rendered":"<p>Wusstet Ihr eigentlich, dass es bei Conny nicht nur neue Frisuren, sondern auch ausgew\u00e4hlte schicke italienische Kleidungsst\u00fccke und tolle Accessoires zu kaufen gibt? Conny&#8217;s Friseursalon ist immer Freitags und Samstags ge\u00f6ffnet!<\/p>\n<style type=\"text\/css\">\r\n\t\t\t\t#gallery-1 {\r\n\t\t\t\t\tmargin: auto;\r\n\t\t\t\t}\r\n\t\t\t\t#gallery-1 .gallery-item {\r\n\t\t\t\t\tfloat: left;\r\n\t\t\t\t\tmargin-top: 10px;\r\n\t\t\t\t\ttext-align: center;\r\n\t\t\t\t\twidth: 50%;\r\n\t\t\t\t}\r\n\t\t\t\t#gallery-1 .gallery-caption {\r\n\t\t\t\t\tmargin-left: 0;\r\n\t\t\t\t}\r\n\t\t\t<\/style><!-- see gallery_shortcode() in wp-includes\/media.php -->\r\n\t\t\t\n\t\t<div id=\"gallery-1\" class=\"gallery galleryid-2154 mfp-gallery mfp-gallery--images gallery-columns-2 gallery-size-full\"><div class=\"row zn_image_gallery \"><div class=\"col-sm-6 col-md-4 col-lg-6\"><a href=\"https:\/\/www.ferienzentrum-heidenau.de\/wp-content\/uploads\/Ferienzentrum-Camping-Urlaub-Wohnmobil-Stellplatz-Ferien-Wohnwagen-Zelt-A1-Heidenau-Mode-Conny-Bekleidung-Klamotten-02.jpg\" title=\"\" class=\"hoverBorder\"><img loading=\"lazy\" decoding=\"async\" width=\"1000\" height=\"1000\" src=\"https:\/\/www.ferienzentrum-heidenau.de\/wp-content\/uploads\/Ferienzentrum-Camping-Urlaub-Wohnmobil-Stellplatz-Ferien-Wohnwagen-Zelt-A1-Heidenau-Mode-Conny-Bekleidung-Klamotten-02.jpg\" class=\"attachment-full size-full\" alt=\"\" columns=\"2\" size=\"full\" link=\"file\" ids=\"1597,1603\" orderby=\"post__in\" include=\"1597,1603\" srcset=\"https:\/\/www.ferienzentrum-heidenau.de\/wp-content\/uploads\/Ferienzentrum-Camping-Urlaub-Wohnmobil-Stellplatz-Ferien-Wohnwagen-Zelt-A1-Heidenau-Mode-Conny-Bekleidung-Klamotten-02.jpg 1000w, https:\/\/www.ferienzentrum-heidenau.de\/wp-content\/uploads\/Ferienzentrum-Camping-Urlaub-Wohnmobil-Stellplatz-Ferien-Wohnwagen-Zelt-A1-Heidenau-Mode-Conny-Bekleidung-Klamotten-02-300x300.jpg 300w, https:\/\/www.ferienzentrum-heidenau.de\/wp-content\/uploads\/Ferienzentrum-Camping-Urlaub-Wohnmobil-Stellplatz-Ferien-Wohnwagen-Zelt-A1-Heidenau-Mode-Conny-Bekleidung-Klamotten-02-150x150.jpg 150w, https:\/\/www.ferienzentrum-heidenau.de\/wp-content\/uploads\/Ferienzentrum-Camping-Urlaub-Wohnmobil-Stellplatz-Ferien-Wohnwagen-Zelt-A1-Heidenau-Mode-Conny-Bekleidung-Klamotten-02-768x768.jpg 768w, https:\/\/www.ferienzentrum-heidenau.de\/wp-content\/uploads\/Ferienzentrum-Camping-Urlaub-Wohnmobil-Stellplatz-Ferien-Wohnwagen-Zelt-A1-Heidenau-Mode-Conny-Bekleidung-Klamotten-02-187x187.jpg 187w\" sizes=\"auto, (max-width: 1000px) 100vw, 1000px\" \/><span class=\"gallery_caption\"><\/span><\/a><\/div><div class=\"col-sm-6 col-md-4 col-lg-6\"><a href=\"https:\/\/www.ferienzentrum-heidenau.de\/wp-content\/uploads\/Ferienzentrum-Camping-Urlaub-Wohnmobil-Stellplatz-Ferien-Wohnwagen-Zelt-A1-Heidenau-Mode-Conny-Modeschmuck-Ohrringe-02.jpg\" title=\"\" class=\"hoverBorder\"><img loading=\"lazy\" decoding=\"async\" width=\"1000\" height=\"1000\" src=\"https:\/\/www.ferienzentrum-heidenau.de\/wp-content\/uploads\/Ferienzentrum-Camping-Urlaub-Wohnmobil-Stellplatz-Ferien-Wohnwagen-Zelt-A1-Heidenau-Mode-Conny-Modeschmuck-Ohrringe-02.jpg\" class=\"attachment-full size-full\" alt=\"\" columns=\"2\" size=\"full\" link=\"file\" ids=\"1597,1603\" orderby=\"post__in\" include=\"1597,1603\" srcset=\"https:\/\/www.ferienzentrum-heidenau.de\/wp-content\/uploads\/Ferienzentrum-Camping-Urlaub-Wohnmobil-Stellplatz-Ferien-Wohnwagen-Zelt-A1-Heidenau-Mode-Conny-Modeschmuck-Ohrringe-02.jpg 1000w, https:\/\/www.ferienzentrum-heidenau.de\/wp-content\/uploads\/Ferienzentrum-Camping-Urlaub-Wohnmobil-Stellplatz-Ferien-Wohnwagen-Zelt-A1-Heidenau-Mode-Conny-Modeschmuck-Ohrringe-02-300x300.jpg 300w, https:\/\/www.ferienzentrum-heidenau.de\/wp-content\/uploads\/Ferienzentrum-Camping-Urlaub-Wohnmobil-Stellplatz-Ferien-Wohnwagen-Zelt-A1-Heidenau-Mode-Conny-Modeschmuck-Ohrringe-02-150x150.jpg 150w, https:\/\/www.ferienzentrum-heidenau.de\/wp-content\/uploads\/Ferienzentrum-Camping-Urlaub-Wohnmobil-Stellplatz-Ferien-Wohnwagen-Zelt-A1-Heidenau-Mode-Conny-Modeschmuck-Ohrringe-02-768x768.jpg 768w, https:\/\/www.ferienzentrum-heidenau.de\/wp-content\/uploads\/Ferienzentrum-Camping-Urlaub-Wohnmobil-Stellplatz-Ferien-Wohnwagen-Zelt-A1-Heidenau-Mode-Conny-Modeschmuck-Ohrringe-02-187x187.jpg 187w\" sizes=\"auto, (max-width: 1000px) 100vw, 1000px\" \/><span class=\"gallery_caption\"><\/span><\/a><\/div><\/div><\/div>\n","protected":false},"excerpt":{"rendered":"<p>Wusstet Ihr eigentlich, dass es bei Conny nicht nur neue Frisuren, sondern auch ausgew\u00e4hlte schicke italienische Kleidungsst\u00fccke und tolle Accessoires zu kaufen gibt? Conny&#8217;s Friseursalon ist immer Freitags und Samstags ge\u00f6ffnet!<\/p>\n","protected":false},"author":2,"featured_media":1597,"comment_status":"closed","ping_status":"closed","sticky":false,"template":"","format":"standard","meta":{"footnotes":""},"categories":[1],"tags":[],"class_list":["post-2154","post","type-post","status-publish","format-standard","has-post-thumbnail","hentry","category-allgemeines"],"_links":{"self":[{"href":"https:\/\/www.ferienzentrum-heidenau.de\/nl\/wp-json\/wp\/v2\/posts\/2154","targetHints":{"allow":["GET"]}}],"collection":[{"href":"https:\/\/www.ferienzentrum-heidenau.de\/nl\/wp-json\/wp\/v2\/posts"}],"about":[{"href":"https:\/\/www.ferienzentrum-heidenau.de\/nl\/wp-json\/wp\/v2\/types\/post"}],"author":[{"embeddable":true,"href":"https:\/\/www.ferienzentrum-heidenau.de\/nl\/wp-json\/wp\/v2\/users\/2"}],"replies":[{"embeddable":true,"href":"https:\/\/www.ferienzentrum-heidenau.de\/nl\/wp-json\/wp\/v2\/comments?post=2154"}],"version-history":[{"count":2,"href":"https:\/\/www.ferienzentrum-heidenau.de\/nl\/wp-json\/wp\/v2\/posts\/2154\/revisions"}],"predecessor-version":[{"id":5841,"href":"https:\/\/www.ferienzentrum-heidenau.de\/nl\/wp-json\/wp\/v2\/posts\/2154\/revisions\/5841"}],"wp:featuredmedia":[{"embeddable":true,"href":"https:\/\/www.ferienzentrum-heidenau.de\/nl\/wp-json\/wp\/v2\/media\/1597"}],"wp:attachment":[{"href":"https:\/\/www.ferienzentrum-heidenau.de\/nl\/wp-json\/wp\/v2\/media?parent=2154"}],"wp:term":[{"taxonomy":"category","embeddable":true,"href":"https:\/\/www.ferienzentrum-heidenau.de\/nl\/wp-json\/wp\/v2\/categories?post=2154"},{"taxonomy":"post_tag","embeddable":true,"href":"https:\/\/www.ferienzentrum-heidenau.de\/nl\/wp-json\/wp\/v2\/tags?post=2154"}],"curies":[{"name":"wp","href":"https:\/\/api.w.org\/{rel}","templated":true}]}}