{"id":2158,"date":"2021-06-16T16:25:22","date_gmt":"2021-06-16T16:25:22","guid":{"rendered":"https:\/\/www.ferienzentrumheidenau.de\/?p=2158"},"modified":"2021-08-25T16:15:03","modified_gmt":"2021-08-25T16:15:03","slug":"neue-schwimmkurse","status":"publish","type":"post","link":"https:\/\/www.ferienzentrum-heidenau.de\/nl\/neue-schwimmkurse\/","title":{"rendered":"16.06.2021 Neue Schwimmkurse"},"content":{"rendered":"<p>Wir haben uns dazu entschlossen, dieses Jahr wieder Schwimmkurse stattfinden zu lassen. Leider k\u00f6nnen wir die Kurse nur f\u00fcr G\u00e4ste unseres Ferienzentrums anbieten!<\/p>\n<style type=\"text\/css\">\r\n\t\t\t\t#gallery-1 {\r\n\t\t\t\t\tmargin: auto;\r\n\t\t\t\t}\r\n\t\t\t\t#gallery-1 .gallery-item {\r\n\t\t\t\t\tfloat: left;\r\n\t\t\t\t\tmargin-top: 10px;\r\n\t\t\t\t\ttext-align: center;\r\n\t\t\t\t\twidth: 100%;\r\n\t\t\t\t}\r\n\t\t\t\t#gallery-1 .gallery-caption {\r\n\t\t\t\t\tmargin-left: 0;\r\n\t\t\t\t}\r\n\t\t\t<\/style><!-- see gallery_shortcode() in wp-includes\/media.php -->\r\n\t\t\t\n\t\t<div id=\"gallery-1\" class=\"gallery galleryid-2158 mfp-gallery mfp-gallery--images gallery-columns-1 gallery-size-full\"><div class=\"row zn_image_gallery \"><div class=\"col-sm-6 col-md-4 col-lg-12\"><a href=\"https:\/\/www.ferienzentrum-heidenau.de\/wp-content\/uploads\/2021-06-16-Schwimmkurse-01.jpg\" title=\"\" class=\"hoverBorder\"><img loading=\"lazy\" decoding=\"async\" width=\"1000\" height=\"1284\" src=\"https:\/\/www.ferienzentrum-heidenau.de\/wp-content\/uploads\/2021-06-16-Schwimmkurse-01.jpg\" class=\"attachment-full size-full\" alt=\"\" columns=\"1\" link=\"file\" size=\"full\" ids=\"2160,2163\" orderby=\"post__in\" include=\"2160,2163\" srcset=\"https:\/\/www.ferienzentrum-heidenau.de\/wp-content\/uploads\/2021-06-16-Schwimmkurse-01.jpg 1000w, https:\/\/www.ferienzentrum-heidenau.de\/wp-content\/uploads\/2021-06-16-Schwimmkurse-01-234x300.jpg 234w, https:\/\/www.ferienzentrum-heidenau.de\/wp-content\/uploads\/2021-06-16-Schwimmkurse-01-768x986.jpg 768w, https:\/\/www.ferienzentrum-heidenau.de\/wp-content\/uploads\/2021-06-16-Schwimmkurse-01-146x187.jpg 146w\" sizes=\"auto, (max-width: 1000px) 100vw, 1000px\" \/><span class=\"gallery_caption\"><\/span><\/a><\/div><\/div><div class=\"row zn_image_gallery \"><div class=\"col-sm-6 col-md-4 col-lg-12\"><a href=\"https:\/\/www.ferienzentrum-heidenau.de\/wp-content\/uploads\/2021-06-16-Schwimmkurse-02.jpg\" title=\"\" class=\"hoverBorder\"><img loading=\"lazy\" decoding=\"async\" width=\"1000\" height=\"1106\" src=\"https:\/\/www.ferienzentrum-heidenau.de\/wp-content\/uploads\/2021-06-16-Schwimmkurse-02.jpg\" class=\"attachment-full size-full\" alt=\"\" columns=\"1\" link=\"file\" size=\"full\" ids=\"2160,2163\" orderby=\"post__in\" include=\"2160,2163\" srcset=\"https:\/\/www.ferienzentrum-heidenau.de\/wp-content\/uploads\/2021-06-16-Schwimmkurse-02.jpg 1000w, https:\/\/www.ferienzentrum-heidenau.de\/wp-content\/uploads\/2021-06-16-Schwimmkurse-02-271x300.jpg 271w, https:\/\/www.ferienzentrum-heidenau.de\/wp-content\/uploads\/2021-06-16-Schwimmkurse-02-768x849.jpg 768w, https:\/\/www.ferienzentrum-heidenau.de\/wp-content\/uploads\/2021-06-16-Schwimmkurse-02-169x187.jpg 169w\" sizes=\"auto, (max-width: 1000px) 100vw, 1000px\" \/><span class=\"gallery_caption\"><\/span><\/a><\/div><\/div><\/div>\n","protected":false},"excerpt":{"rendered":"<p>Wir haben uns dazu entschlossen, dieses Jahr wieder Schwimmkurse stattfinden zu lassen. Leider k\u00f6nnen wir die Kurse nur f\u00fcr G\u00e4ste unseres Ferienzentrums anbieten!<\/p>\n","protected":false},"author":2,"featured_media":4585,"comment_status":"closed","ping_status":"closed","sticky":false,"template":"","format":"standard","meta":{"footnotes":""},"categories":[27],"tags":[],"class_list":["post-2158","post","type-post","status-publish","format-standard","has-post-thumbnail","hentry","category-action"],"_links":{"self":[{"href":"https:\/\/www.ferienzentrum-heidenau.de\/nl\/wp-json\/wp\/v2\/posts\/2158","targetHints":{"allow":["GET"]}}],"collection":[{"href":"https:\/\/www.ferienzentrum-heidenau.de\/nl\/wp-json\/wp\/v2\/posts"}],"about":[{"href":"https:\/\/www.ferienzentrum-heidenau.de\/nl\/wp-json\/wp\/v2\/types\/post"}],"author":[{"embeddable":true,"href":"https:\/\/www.ferienzentrum-heidenau.de\/nl\/wp-json\/wp\/v2\/users\/2"}],"replies":[{"embeddable":true,"href":"https:\/\/www.ferienzentrum-heidenau.de\/nl\/wp-json\/wp\/v2\/comments?post=2158"}],"version-history":[{"count":3,"href":"https:\/\/www.ferienzentrum-heidenau.de\/nl\/wp-json\/wp\/v2\/posts\/2158\/revisions"}],"predecessor-version":[{"id":5839,"href":"https:\/\/www.ferienzentrum-heidenau.de\/nl\/wp-json\/wp\/v2\/posts\/2158\/revisions\/5839"}],"wp:featuredmedia":[{"embeddable":true,"href":"https:\/\/www.ferienzentrum-heidenau.de\/nl\/wp-json\/wp\/v2\/media\/4585"}],"wp:attachment":[{"href":"https:\/\/www.ferienzentrum-heidenau.de\/nl\/wp-json\/wp\/v2\/media?parent=2158"}],"wp:term":[{"taxonomy":"category","embeddable":true,"href":"https:\/\/www.ferienzentrum-heidenau.de\/nl\/wp-json\/wp\/v2\/categories?post=2158"},{"taxonomy":"post_tag","embeddable":true,"href":"https:\/\/www.ferienzentrum-heidenau.de\/nl\/wp-json\/wp\/v2\/tags?post=2158"}],"curies":[{"name":"wp","href":"https:\/\/api.w.org\/{rel}","templated":true}]}}