{"id":3301,"date":"2020-09-15T14:34:03","date_gmt":"2020-09-15T14:34:03","guid":{"rendered":"https:\/\/www.ferienzentrumheidenau.de\/?p=3301"},"modified":"2021-08-25T16:21:02","modified_gmt":"2021-08-25T16:21:02","slug":"ein-berg-entsteht","status":"publish","type":"post","link":"https:\/\/www.ferienzentrum-heidenau.de\/nl\/ein-berg-entsteht\/","title":{"rendered":"15.09.2020 Ein Berg entsteht"},"content":{"rendered":"<p>Da die Wasserzul\u00e4ufe in der Blauen Lagune nicht so richtig zur Geltung kamen, wurde kurzerhand ein Berg errichtet, aus dem das Wasser f\u00fcr den Teich von oben heraus sprudelt. Durch den st\u00e4ndigen Wasserkreislauf bekommen die Fische auch deutlich mehr Sauerstoff in den Teich. Der Wasserfall im Berg wird abends blau beleuchtet. Auch der Frosch spitzt wieder mit Wasser.<\/p>\n<style type=\"text\/css\">\r\n\t\t\t\t#gallery-1 {\r\n\t\t\t\t\tmargin: auto;\r\n\t\t\t\t}\r\n\t\t\t\t#gallery-1 .gallery-item {\r\n\t\t\t\t\tfloat: left;\r\n\t\t\t\t\tmargin-top: 10px;\r\n\t\t\t\t\ttext-align: center;\r\n\t\t\t\t\twidth: 50%;\r\n\t\t\t\t}\r\n\t\t\t\t#gallery-1 .gallery-caption {\r\n\t\t\t\t\tmargin-left: 0;\r\n\t\t\t\t}\r\n\t\t\t<\/style><!-- see gallery_shortcode() in wp-includes\/media.php -->\r\n\t\t\t\n\t\t<div id=\"gallery-1\" class=\"gallery galleryid-3301 mfp-gallery mfp-gallery--images gallery-columns-2 gallery-size-full\"><div class=\"row zn_image_gallery \"><div class=\"col-sm-6 col-md-4 col-lg-6\"><a href=\"https:\/\/www.ferienzentrum-heidenau.de\/wp-content\/uploads\/2020-09-15-Blaue-Lagune-Berg-01.jpg\" title=\"\" class=\"hoverBorder\"><img loading=\"lazy\" decoding=\"async\" width=\"2000\" height=\"1330\" src=\"https:\/\/www.ferienzentrum-heidenau.de\/wp-content\/uploads\/2020-09-15-Blaue-Lagune-Berg-01.jpg\" class=\"attachment-full size-full\" alt=\"\" link=\"file\" columns=\"2\" size=\"full\" ids=\"3305,3308,3311,3314,3317,3320\" orderby=\"post__in\" include=\"3305,3308,3311,3314,3317,3320\" srcset=\"https:\/\/www.ferienzentrum-heidenau.de\/wp-content\/uploads\/2020-09-15-Blaue-Lagune-Berg-01.jpg 2000w, https:\/\/www.ferienzentrum-heidenau.de\/wp-content\/uploads\/2020-09-15-Blaue-Lagune-Berg-01-300x200.jpg 300w, https:\/\/www.ferienzentrum-heidenau.de\/wp-content\/uploads\/2020-09-15-Blaue-Lagune-Berg-01-768x511.jpg 768w, https:\/\/www.ferienzentrum-heidenau.de\/wp-content\/uploads\/2020-09-15-Blaue-Lagune-Berg-01-1536x1021.jpg 1536w, https:\/\/www.ferienzentrum-heidenau.de\/wp-content\/uploads\/2020-09-15-Blaue-Lagune-Berg-01-280x187.jpg 280w, https:\/\/www.ferienzentrum-heidenau.de\/wp-content\/uploads\/2020-09-15-Blaue-Lagune-Berg-01-1170x778.jpg 1170w\" sizes=\"auto, (max-width: 2000px) 100vw, 2000px\" \/><span class=\"gallery_caption\"><\/span><\/a><\/div><div class=\"col-sm-6 col-md-4 col-lg-6\"><a href=\"https:\/\/www.ferienzentrum-heidenau.de\/wp-content\/uploads\/2020-09-15-Blaue-Lagune-Berg-02.jpg\" title=\"\" class=\"hoverBorder\"><img loading=\"lazy\" decoding=\"async\" width=\"2000\" height=\"1330\" src=\"https:\/\/www.ferienzentrum-heidenau.de\/wp-content\/uploads\/2020-09-15-Blaue-Lagune-Berg-02.jpg\" class=\"attachment-full size-full\" alt=\"\" link=\"file\" columns=\"2\" size=\"full\" ids=\"3305,3308,3311,3314,3317,3320\" orderby=\"post__in\" include=\"3305,3308,3311,3314,3317,3320\" srcset=\"https:\/\/www.ferienzentrum-heidenau.de\/wp-content\/uploads\/2020-09-15-Blaue-Lagune-Berg-02.jpg 2000w, https:\/\/www.ferienzentrum-heidenau.de\/wp-content\/uploads\/2020-09-15-Blaue-Lagune-Berg-02-300x200.jpg 300w, https:\/\/www.ferienzentrum-heidenau.de\/wp-content\/uploads\/2020-09-15-Blaue-Lagune-Berg-02-768x511.jpg 768w, https:\/\/www.ferienzentrum-heidenau.de\/wp-content\/uploads\/2020-09-15-Blaue-Lagune-Berg-02-1536x1021.jpg 1536w, https:\/\/www.ferienzentrum-heidenau.de\/wp-content\/uploads\/2020-09-15-Blaue-Lagune-Berg-02-280x187.jpg 280w, https:\/\/www.ferienzentrum-heidenau.de\/wp-content\/uploads\/2020-09-15-Blaue-Lagune-Berg-02-1170x778.jpg 1170w\" sizes=\"auto, (max-width: 2000px) 100vw, 2000px\" \/><span class=\"gallery_caption\"><\/span><\/a><\/div><\/div><div class=\"row zn_image_gallery \"><div class=\"col-sm-6 col-md-4 col-lg-6\"><a href=\"https:\/\/www.ferienzentrum-heidenau.de\/wp-content\/uploads\/2020-09-15-Blaue-Lagune-Berg-03.jpg\" title=\"\" class=\"hoverBorder\"><img loading=\"lazy\" decoding=\"async\" width=\"1200\" height=\"1600\" src=\"https:\/\/www.ferienzentrum-heidenau.de\/wp-content\/uploads\/2020-09-15-Blaue-Lagune-Berg-03.jpg\" class=\"attachment-full size-full\" alt=\"\" link=\"file\" columns=\"2\" size=\"full\" ids=\"3305,3308,3311,3314,3317,3320\" orderby=\"post__in\" include=\"3305,3308,3311,3314,3317,3320\" srcset=\"https:\/\/www.ferienzentrum-heidenau.de\/wp-content\/uploads\/2020-09-15-Blaue-Lagune-Berg-03.jpg 1200w, https:\/\/www.ferienzentrum-heidenau.de\/wp-content\/uploads\/2020-09-15-Blaue-Lagune-Berg-03-225x300.jpg 225w, https:\/\/www.ferienzentrum-heidenau.de\/wp-content\/uploads\/2020-09-15-Blaue-Lagune-Berg-03-768x1024.jpg 768w, https:\/\/www.ferienzentrum-heidenau.de\/wp-content\/uploads\/2020-09-15-Blaue-Lagune-Berg-03-1152x1536.jpg 1152w, https:\/\/www.ferienzentrum-heidenau.de\/wp-content\/uploads\/2020-09-15-Blaue-Lagune-Berg-03-140x187.jpg 140w, https:\/\/www.ferienzentrum-heidenau.de\/wp-content\/uploads\/2020-09-15-Blaue-Lagune-Berg-03-1170x1560.jpg 1170w\" sizes=\"auto, (max-width: 1200px) 100vw, 1200px\" \/><span class=\"gallery_caption\"><\/span><\/a><\/div><div class=\"col-sm-6 col-md-4 col-lg-6\"><a href=\"https:\/\/www.ferienzentrum-heidenau.de\/wp-content\/uploads\/2020-09-15-Blaue-Lagune-Berg-04.jpg\" title=\"\" class=\"hoverBorder\"><img loading=\"lazy\" decoding=\"async\" width=\"1200\" height=\"1600\" src=\"https:\/\/www.ferienzentrum-heidenau.de\/wp-content\/uploads\/2020-09-15-Blaue-Lagune-Berg-04.jpg\" class=\"attachment-full size-full\" alt=\"\" link=\"file\" columns=\"2\" size=\"full\" ids=\"3305,3308,3311,3314,3317,3320\" orderby=\"post__in\" include=\"3305,3308,3311,3314,3317,3320\" srcset=\"https:\/\/www.ferienzentrum-heidenau.de\/wp-content\/uploads\/2020-09-15-Blaue-Lagune-Berg-04.jpg 1200w, https:\/\/www.ferienzentrum-heidenau.de\/wp-content\/uploads\/2020-09-15-Blaue-Lagune-Berg-04-225x300.jpg 225w, https:\/\/www.ferienzentrum-heidenau.de\/wp-content\/uploads\/2020-09-15-Blaue-Lagune-Berg-04-768x1024.jpg 768w, https:\/\/www.ferienzentrum-heidenau.de\/wp-content\/uploads\/2020-09-15-Blaue-Lagune-Berg-04-1152x1536.jpg 1152w, https:\/\/www.ferienzentrum-heidenau.de\/wp-content\/uploads\/2020-09-15-Blaue-Lagune-Berg-04-140x187.jpg 140w, https:\/\/www.ferienzentrum-heidenau.de\/wp-content\/uploads\/2020-09-15-Blaue-Lagune-Berg-04-1170x1560.jpg 1170w\" sizes=\"auto, (max-width: 1200px) 100vw, 1200px\" \/><span class=\"gallery_caption\"><\/span><\/a><\/div><\/div><div class=\"row zn_image_gallery \"><div class=\"col-sm-6 col-md-4 col-lg-6\"><a href=\"https:\/\/www.ferienzentrum-heidenau.de\/wp-content\/uploads\/2020-09-15-Blaue-Lagune-Berg-05.jpg\" title=\"\" class=\"hoverBorder\"><img loading=\"lazy\" decoding=\"async\" width=\"2000\" height=\"1330\" src=\"https:\/\/www.ferienzentrum-heidenau.de\/wp-content\/uploads\/2020-09-15-Blaue-Lagune-Berg-05.jpg\" class=\"attachment-full size-full\" alt=\"\" link=\"file\" columns=\"2\" size=\"full\" ids=\"3305,3308,3311,3314,3317,3320\" orderby=\"post__in\" include=\"3305,3308,3311,3314,3317,3320\" srcset=\"https:\/\/www.ferienzentrum-heidenau.de\/wp-content\/uploads\/2020-09-15-Blaue-Lagune-Berg-05.jpg 2000w, https:\/\/www.ferienzentrum-heidenau.de\/wp-content\/uploads\/2020-09-15-Blaue-Lagune-Berg-05-300x200.jpg 300w, https:\/\/www.ferienzentrum-heidenau.de\/wp-content\/uploads\/2020-09-15-Blaue-Lagune-Berg-05-768x511.jpg 768w, https:\/\/www.ferienzentrum-heidenau.de\/wp-content\/uploads\/2020-09-15-Blaue-Lagune-Berg-05-1536x1021.jpg 1536w, https:\/\/www.ferienzentrum-heidenau.de\/wp-content\/uploads\/2020-09-15-Blaue-Lagune-Berg-05-280x187.jpg 280w, https:\/\/www.ferienzentrum-heidenau.de\/wp-content\/uploads\/2020-09-15-Blaue-Lagune-Berg-05-1170x778.jpg 1170w\" sizes=\"auto, (max-width: 2000px) 100vw, 2000px\" \/><span class=\"gallery_caption\"><\/span><\/a><\/div><div class=\"col-sm-6 col-md-4 col-lg-6\"><a href=\"https:\/\/www.ferienzentrum-heidenau.de\/wp-content\/uploads\/2020-09-15-Blaue-Lagune-Berg-06.jpg\" title=\"\" class=\"hoverBorder\"><img loading=\"lazy\" decoding=\"async\" width=\"2000\" height=\"1330\" src=\"https:\/\/www.ferienzentrum-heidenau.de\/wp-content\/uploads\/2020-09-15-Blaue-Lagune-Berg-06.jpg\" class=\"attachment-full size-full\" alt=\"\" link=\"file\" columns=\"2\" size=\"full\" ids=\"3305,3308,3311,3314,3317,3320\" orderby=\"post__in\" include=\"3305,3308,3311,3314,3317,3320\" srcset=\"https:\/\/www.ferienzentrum-heidenau.de\/wp-content\/uploads\/2020-09-15-Blaue-Lagune-Berg-06.jpg 2000w, https:\/\/www.ferienzentrum-heidenau.de\/wp-content\/uploads\/2020-09-15-Blaue-Lagune-Berg-06-300x200.jpg 300w, https:\/\/www.ferienzentrum-heidenau.de\/wp-content\/uploads\/2020-09-15-Blaue-Lagune-Berg-06-768x511.jpg 768w, https:\/\/www.ferienzentrum-heidenau.de\/wp-content\/uploads\/2020-09-15-Blaue-Lagune-Berg-06-1536x1021.jpg 1536w, https:\/\/www.ferienzentrum-heidenau.de\/wp-content\/uploads\/2020-09-15-Blaue-Lagune-Berg-06-280x187.jpg 280w, https:\/\/www.ferienzentrum-heidenau.de\/wp-content\/uploads\/2020-09-15-Blaue-Lagune-Berg-06-1170x778.jpg 1170w\" sizes=\"auto, (max-width: 2000px) 100vw, 2000px\" \/><span class=\"gallery_caption\"><\/span><\/a><\/div><\/div><\/div>\n","protected":false},"excerpt":{"rendered":"<p>Da die Wasserzul\u00e4ufe in der Blauen Lagune nicht so richtig zur Geltung kamen, wurde kurzerhand ein Berg errichtet, aus dem das Wasser f\u00fcr den Teich von oben heraus sprudelt. Durch den st\u00e4ndigen Wasserkreislauf bekommen die Fische auch deutlich mehr Sauerstoff in den Teich. Der Wasserfall im Berg wird abends blau beleuchtet. Auch der Frosch spitzt<\/p>\n","protected":false},"author":2,"featured_media":3302,"comment_status":"closed","ping_status":"closed","sticky":false,"template":"","format":"standard","meta":{"footnotes":""},"categories":[31],"tags":[],"class_list":["post-3301","post","type-post","status-publish","format-standard","has-post-thumbnail","hentry","category-arbeitsgruppe-blaue-lagune"],"_links":{"self":[{"href":"https:\/\/www.ferienzentrum-heidenau.de\/nl\/wp-json\/wp\/v2\/posts\/3301","targetHints":{"allow":["GET"]}}],"collection":[{"href":"https:\/\/www.ferienzentrum-heidenau.de\/nl\/wp-json\/wp\/v2\/posts"}],"about":[{"href":"https:\/\/www.ferienzentrum-heidenau.de\/nl\/wp-json\/wp\/v2\/types\/post"}],"author":[{"embeddable":true,"href":"https:\/\/www.ferienzentrum-heidenau.de\/nl\/wp-json\/wp\/v2\/users\/2"}],"replies":[{"embeddable":true,"href":"https:\/\/www.ferienzentrum-heidenau.de\/nl\/wp-json\/wp\/v2\/comments?post=3301"}],"version-history":[{"count":2,"href":"https:\/\/www.ferienzentrum-heidenau.de\/nl\/wp-json\/wp\/v2\/posts\/3301\/revisions"}],"predecessor-version":[{"id":5860,"href":"https:\/\/www.ferienzentrum-heidenau.de\/nl\/wp-json\/wp\/v2\/posts\/3301\/revisions\/5860"}],"wp:featuredmedia":[{"embeddable":true,"href":"https:\/\/www.ferienzentrum-heidenau.de\/nl\/wp-json\/wp\/v2\/media\/3302"}],"wp:attachment":[{"href":"https:\/\/www.ferienzentrum-heidenau.de\/nl\/wp-json\/wp\/v2\/media?parent=3301"}],"wp:term":[{"taxonomy":"category","embeddable":true,"href":"https:\/\/www.ferienzentrum-heidenau.de\/nl\/wp-json\/wp\/v2\/categories?post=3301"},{"taxonomy":"post_tag","embeddable":true,"href":"https:\/\/www.ferienzentrum-heidenau.de\/nl\/wp-json\/wp\/v2\/tags?post=3301"}],"curies":[{"name":"wp","href":"https:\/\/api.w.org\/{rel}","templated":true}]}}