{"id":6015,"date":"2021-11-01T11:00:04","date_gmt":"2021-11-01T11:00:04","guid":{"rendered":"https:\/\/www.ferienzentrum-heidenau.de\/?p=6015"},"modified":"2021-11-02T16:25:25","modified_gmt":"2021-11-02T16:25:25","slug":"12-11-2021-tupper-nachmittag","status":"publish","type":"post","link":"https:\/\/www.ferienzentrum-heidenau.de\/nl\/12-11-2021-tupper-nachmittag\/","title":{"rendered":"12.11.2021 Tupper Nachmittag"},"content":{"rendered":"<p>Tupper Nachmittag mit Elke! Am 12.11.21 um 17:00 Uhr im St\u00fcbchen hinter der Rezeption! Wir freuen uns auf ein gem\u00fctliches Beisammensein mit K\u00e4ffchen und Kuchen.<\/p>\n<p><a href=\"https:\/\/www.ferienzentrum-heidenau.de\/wp-content\/uploads\/2021-11-12-Tupper-Nachmittag-01.jpg\" target=\"_blank\" rel=\"noopener\"><img loading=\"lazy\" decoding=\"async\" class=\"alignnone wp-image-6019 size-full\" src=\"https:\/\/www.ferienzentrum-heidenau.de\/wp-content\/uploads\/2021-11-12-Tupper-Nachmittag-01.jpg\" alt=\"\" width=\"719\" height=\"963\" srcset=\"https:\/\/www.ferienzentrum-heidenau.de\/wp-content\/uploads\/2021-11-12-Tupper-Nachmittag-01.jpg 719w, https:\/\/www.ferienzentrum-heidenau.de\/wp-content\/uploads\/2021-11-12-Tupper-Nachmittag-01-224x300.jpg 224w, https:\/\/www.ferienzentrum-heidenau.de\/wp-content\/uploads\/2021-11-12-Tupper-Nachmittag-01-140x187.jpg 140w\" sizes=\"auto, (max-width: 719px) 100vw, 719px\" \/><\/a><\/p>\n","protected":false},"excerpt":{"rendered":"<p>Tupper Nachmittag mit Elke! Am 12.11.21 um 17:00 Uhr im St\u00fcbchen hinter der Rezeption! Wir freuen uns auf ein gem\u00fctliches Beisammensein mit K\u00e4ffchen und Kuchen.<\/p>\n","protected":false},"author":2,"featured_media":6016,"comment_status":"closed","ping_status":"closed","sticky":false,"template":"","format":"standard","meta":{"footnotes":""},"categories":[1,26],"tags":[],"class_list":["post-6015","post","type-post","status-publish","format-standard","has-post-thumbnail","hentry","category-allgemeines","category-event-feier"],"_links":{"self":[{"href":"https:\/\/www.ferienzentrum-heidenau.de\/nl\/wp-json\/wp\/v2\/posts\/6015","targetHints":{"allow":["GET"]}}],"collection":[{"href":"https:\/\/www.ferienzentrum-heidenau.de\/nl\/wp-json\/wp\/v2\/posts"}],"about":[{"href":"https:\/\/www.ferienzentrum-heidenau.de\/nl\/wp-json\/wp\/v2\/types\/post"}],"author":[{"embeddable":true,"href":"https:\/\/www.ferienzentrum-heidenau.de\/nl\/wp-json\/wp\/v2\/users\/2"}],"replies":[{"embeddable":true,"href":"https:\/\/www.ferienzentrum-heidenau.de\/nl\/wp-json\/wp\/v2\/comments?post=6015"}],"version-history":[{"count":2,"href":"https:\/\/www.ferienzentrum-heidenau.de\/nl\/wp-json\/wp\/v2\/posts\/6015\/revisions"}],"predecessor-version":[{"id":6066,"href":"https:\/\/www.ferienzentrum-heidenau.de\/nl\/wp-json\/wp\/v2\/posts\/6015\/revisions\/6066"}],"wp:featuredmedia":[{"embeddable":true,"href":"https:\/\/www.ferienzentrum-heidenau.de\/nl\/wp-json\/wp\/v2\/media\/6016"}],"wp:attachment":[{"href":"https:\/\/www.ferienzentrum-heidenau.de\/nl\/wp-json\/wp\/v2\/media?parent=6015"}],"wp:term":[{"taxonomy":"category","embeddable":true,"href":"https:\/\/www.ferienzentrum-heidenau.de\/nl\/wp-json\/wp\/v2\/categories?post=6015"},{"taxonomy":"post_tag","embeddable":true,"href":"https:\/\/www.ferienzentrum-heidenau.de\/nl\/wp-json\/wp\/v2\/tags?post=6015"}],"curies":[{"name":"wp","href":"https:\/\/api.w.org\/{rel}","templated":true}]}}