{"id":6052,"date":"2021-10-22T09:00:05","date_gmt":"2021-10-22T09:00:05","guid":{"rendered":"https:\/\/www.ferienzentrum-heidenau.de\/?p=6052"},"modified":"2021-11-02T16:25:13","modified_gmt":"2021-11-02T16:25:13","slug":"22-10-2021-neue-ohrringe-fuer-den-herbst-eingetroffen","status":"publish","type":"post","link":"https:\/\/www.ferienzentrum-heidenau.de\/nl\/22-10-2021-neue-ohrringe-fuer-den-herbst-eingetroffen\/","title":{"rendered":"22.10.2021 Neue Ohrringe f\u00fcr den Herbst eingetroffen"},"content":{"rendered":"<p>Genau das richtige f\u00fcr die Herbstzeit &#8211; schaut mal nach neuen Ohrringen in Connys Modeschmuckecke. Da ist garantiert f\u00fcr alle etwas dabei.<\/p>\n<p><a href=\"https:\/\/www.ferienzentrum-heidenau.de\/wp-content\/uploads\/Ferienzentrum-Camping-Urlaub-Wohnmobil-Stellplatz-Ferien-Wohnwagen-Zelt-A1-Heidenau-Mode-Conny-Modeschmuck-Ohrringe-03.jpg\" target=\"_blank\" rel=\"noopener\"><img loading=\"lazy\" decoding=\"async\" class=\"alignnone wp-image-6053 size-full\" src=\"https:\/\/www.ferienzentrum-heidenau.de\/wp-content\/uploads\/Ferienzentrum-Camping-Urlaub-Wohnmobil-Stellplatz-Ferien-Wohnwagen-Zelt-A1-Heidenau-Mode-Conny-Modeschmuck-Ohrringe-03.jpg\" alt=\"\" width=\"1000\" height=\"1000\" srcset=\"https:\/\/www.ferienzentrum-heidenau.de\/wp-content\/uploads\/Ferienzentrum-Camping-Urlaub-Wohnmobil-Stellplatz-Ferien-Wohnwagen-Zelt-A1-Heidenau-Mode-Conny-Modeschmuck-Ohrringe-03.jpg 1000w, https:\/\/www.ferienzentrum-heidenau.de\/wp-content\/uploads\/Ferienzentrum-Camping-Urlaub-Wohnmobil-Stellplatz-Ferien-Wohnwagen-Zelt-A1-Heidenau-Mode-Conny-Modeschmuck-Ohrringe-03-300x300.jpg 300w, https:\/\/www.ferienzentrum-heidenau.de\/wp-content\/uploads\/Ferienzentrum-Camping-Urlaub-Wohnmobil-Stellplatz-Ferien-Wohnwagen-Zelt-A1-Heidenau-Mode-Conny-Modeschmuck-Ohrringe-03-150x150.jpg 150w, https:\/\/www.ferienzentrum-heidenau.de\/wp-content\/uploads\/Ferienzentrum-Camping-Urlaub-Wohnmobil-Stellplatz-Ferien-Wohnwagen-Zelt-A1-Heidenau-Mode-Conny-Modeschmuck-Ohrringe-03-768x768.jpg 768w, https:\/\/www.ferienzentrum-heidenau.de\/wp-content\/uploads\/Ferienzentrum-Camping-Urlaub-Wohnmobil-Stellplatz-Ferien-Wohnwagen-Zelt-A1-Heidenau-Mode-Conny-Modeschmuck-Ohrringe-03-187x187.jpg 187w\" sizes=\"auto, (max-width: 1000px) 100vw, 1000px\" \/><\/a><\/p>\n","protected":false},"excerpt":{"rendered":"<p>Genau das richtige f\u00fcr die Herbstzeit &#8211; schaut mal nach neuen Ohrringen in Connys Modeschmuckecke. Da ist garantiert f\u00fcr alle etwas dabei.<\/p>\n","protected":false},"author":2,"featured_media":6053,"comment_status":"closed","ping_status":"closed","sticky":false,"template":"","format":"standard","meta":{"footnotes":""},"categories":[1],"tags":[],"class_list":["post-6052","post","type-post","status-publish","format-standard","has-post-thumbnail","hentry","category-allgemeines"],"_links":{"self":[{"href":"https:\/\/www.ferienzentrum-heidenau.de\/nl\/wp-json\/wp\/v2\/posts\/6052","targetHints":{"allow":["GET"]}}],"collection":[{"href":"https:\/\/www.ferienzentrum-heidenau.de\/nl\/wp-json\/wp\/v2\/posts"}],"about":[{"href":"https:\/\/www.ferienzentrum-heidenau.de\/nl\/wp-json\/wp\/v2\/types\/post"}],"author":[{"embeddable":true,"href":"https:\/\/www.ferienzentrum-heidenau.de\/nl\/wp-json\/wp\/v2\/users\/2"}],"replies":[{"embeddable":true,"href":"https:\/\/www.ferienzentrum-heidenau.de\/nl\/wp-json\/wp\/v2\/comments?post=6052"}],"version-history":[{"count":2,"href":"https:\/\/www.ferienzentrum-heidenau.de\/nl\/wp-json\/wp\/v2\/posts\/6052\/revisions"}],"predecessor-version":[{"id":6065,"href":"https:\/\/www.ferienzentrum-heidenau.de\/nl\/wp-json\/wp\/v2\/posts\/6052\/revisions\/6065"}],"wp:featuredmedia":[{"embeddable":true,"href":"https:\/\/www.ferienzentrum-heidenau.de\/nl\/wp-json\/wp\/v2\/media\/6053"}],"wp:attachment":[{"href":"https:\/\/www.ferienzentrum-heidenau.de\/nl\/wp-json\/wp\/v2\/media?parent=6052"}],"wp:term":[{"taxonomy":"category","embeddable":true,"href":"https:\/\/www.ferienzentrum-heidenau.de\/nl\/wp-json\/wp\/v2\/categories?post=6052"},{"taxonomy":"post_tag","embeddable":true,"href":"https:\/\/www.ferienzentrum-heidenau.de\/nl\/wp-json\/wp\/v2\/tags?post=6052"}],"curies":[{"name":"wp","href":"https:\/\/api.w.org\/{rel}","templated":true}]}}