{"id":6411,"date":"2022-08-17T15:56:02","date_gmt":"2022-08-17T15:56:02","guid":{"rendered":"https:\/\/www.ferienzentrum-heidenau.de\/?p=6411"},"modified":"2022-08-18T15:56:43","modified_gmt":"2022-08-18T15:56:43","slug":"28-08-2022-flohmarkt-am-pool","status":"publish","type":"post","link":"https:\/\/www.ferienzentrum-heidenau.de\/nl\/28-08-2022-flohmarkt-am-pool\/","title":{"rendered":"28.08.2022 Flohmarkt am Pool"},"content":{"rendered":"<p>Habt Ihr am Samstag schon was vor? Ab 10:00 Uhr startet der Flohmarkt am Schwimmbad! Wir nehmen gerne noch Standanmeldungen entgegen! Ohne Standgeb\u00fchr. Der Aufbau kann ab 9:00 Uhr beginnen. Wir w\u00fcnschen allen ein wundersch\u00f6nes sonniges Wochenende!<\/p>\n<p><a href=\"https:\/\/www.ferienzentrum-heidenau.de\/wp-content\/uploads\/2022-08-28-Flohmarkt-am-Pool-01.jpg\" target=\"_blank\" rel=\"noopener\"><img loading=\"lazy\" decoding=\"async\" class=\"alignnone wp-image-6415 size-full\" src=\"https:\/\/www.ferienzentrum-heidenau.de\/wp-content\/uploads\/2022-08-28-Flohmarkt-am-Pool-01.jpg\" alt=\"\" width=\"1169\" height=\"1654\" srcset=\"https:\/\/www.ferienzentrum-heidenau.de\/wp-content\/uploads\/2022-08-28-Flohmarkt-am-Pool-01.jpg 1169w, https:\/\/www.ferienzentrum-heidenau.de\/wp-content\/uploads\/2022-08-28-Flohmarkt-am-Pool-01-212x300.jpg 212w, https:\/\/www.ferienzentrum-heidenau.de\/wp-content\/uploads\/2022-08-28-Flohmarkt-am-Pool-01-768x1087.jpg 768w, https:\/\/www.ferienzentrum-heidenau.de\/wp-content\/uploads\/2022-08-28-Flohmarkt-am-Pool-01-1086x1536.jpg 1086w, https:\/\/www.ferienzentrum-heidenau.de\/wp-content\/uploads\/2022-08-28-Flohmarkt-am-Pool-01-132x187.jpg 132w\" sizes=\"auto, (max-width: 1169px) 100vw, 1169px\" \/><\/a><\/p>\n","protected":false},"excerpt":{"rendered":"<p>Habt Ihr am Samstag schon was vor? Ab 10:00 Uhr startet der Flohmarkt am Schwimmbad! Wir nehmen gerne noch Standanmeldungen entgegen! Ohne Standgeb\u00fchr. Der Aufbau kann ab 9:00 Uhr beginnen. Wir w\u00fcnschen allen ein wundersch\u00f6nes sonniges Wochenende!<\/p>\n","protected":false},"author":2,"featured_media":6412,"comment_status":"closed","ping_status":"closed","sticky":false,"template":"","format":"standard","meta":{"footnotes":""},"categories":[26],"tags":[],"class_list":["post-6411","post","type-post","status-publish","format-standard","has-post-thumbnail","hentry","category-event-feier"],"_links":{"self":[{"href":"https:\/\/www.ferienzentrum-heidenau.de\/nl\/wp-json\/wp\/v2\/posts\/6411","targetHints":{"allow":["GET"]}}],"collection":[{"href":"https:\/\/www.ferienzentrum-heidenau.de\/nl\/wp-json\/wp\/v2\/posts"}],"about":[{"href":"https:\/\/www.ferienzentrum-heidenau.de\/nl\/wp-json\/wp\/v2\/types\/post"}],"author":[{"embeddable":true,"href":"https:\/\/www.ferienzentrum-heidenau.de\/nl\/wp-json\/wp\/v2\/users\/2"}],"replies":[{"embeddable":true,"href":"https:\/\/www.ferienzentrum-heidenau.de\/nl\/wp-json\/wp\/v2\/comments?post=6411"}],"version-history":[{"count":1,"href":"https:\/\/www.ferienzentrum-heidenau.de\/nl\/wp-json\/wp\/v2\/posts\/6411\/revisions"}],"predecessor-version":[{"id":6418,"href":"https:\/\/www.ferienzentrum-heidenau.de\/nl\/wp-json\/wp\/v2\/posts\/6411\/revisions\/6418"}],"wp:featuredmedia":[{"embeddable":true,"href":"https:\/\/www.ferienzentrum-heidenau.de\/nl\/wp-json\/wp\/v2\/media\/6412"}],"wp:attachment":[{"href":"https:\/\/www.ferienzentrum-heidenau.de\/nl\/wp-json\/wp\/v2\/media?parent=6411"}],"wp:term":[{"taxonomy":"category","embeddable":true,"href":"https:\/\/www.ferienzentrum-heidenau.de\/nl\/wp-json\/wp\/v2\/categories?post=6411"},{"taxonomy":"post_tag","embeddable":true,"href":"https:\/\/www.ferienzentrum-heidenau.de\/nl\/wp-json\/wp\/v2\/tags?post=6411"}],"curies":[{"name":"wp","href":"https:\/\/api.w.org\/{rel}","templated":true}]}}