{"id":6635,"date":"2023-03-29T07:23:12","date_gmt":"2023-03-29T07:23:12","guid":{"rendered":"https:\/\/www.ferienzentrum-heidenau.de\/?p=6635"},"modified":"2023-03-29T07:25:37","modified_gmt":"2023-03-29T07:25:37","slug":"28-03-2023-glasfaserarbeiten-starten","status":"publish","type":"post","link":"https:\/\/www.ferienzentrum-heidenau.de\/nl\/28-03-2023-glasfaserarbeiten-starten\/","title":{"rendered":"28.03.2023 Glasfaserarbeiten starten"},"content":{"rendered":"<p>Die Glasfaserarbeiten starten jetzt im Ferienzentrum. In den n\u00e4chsten Wochen werden alle Leitungen verlegt und die Hausanschl\u00fcsse realisiert. Neue G\u00e4ste k\u00f6nnen sich in dieser Bauphase noch bei OpenInfra unter 0800-0010160 oder <a href=\"mailto:info-de@openinfra.com\" target=\"_blank\" rel=\"noopener\">info-de@openinfra.com<\/a> anmelden.<\/p>\n<p>Mehr Infos unter <a href=\"https:\/\/de.openinfra.com\/\" target=\"_blank\" rel=\"noopener\">https:\/\/de.openinfra.com\/<\/a> oder in Facebook <a href=\"https:\/\/www.facebook.com\/premiumnetz\" target=\"_blank\" rel=\"noopener\">https:\/\/www.facebook.com\/premiumnetz<\/a><\/p>\n<style type=\"text\/css\">\r\n\t\t\t\t#gallery-1 {\r\n\t\t\t\t\tmargin: auto;\r\n\t\t\t\t}\r\n\t\t\t\t#gallery-1 .gallery-item {\r\n\t\t\t\t\tfloat: left;\r\n\t\t\t\t\tmargin-top: 10px;\r\n\t\t\t\t\ttext-align: center;\r\n\t\t\t\t\twidth: 50%;\r\n\t\t\t\t}\r\n\t\t\t\t#gallery-1 .gallery-caption {\r\n\t\t\t\t\tmargin-left: 0;\r\n\t\t\t\t}\r\n\t\t\t<\/style><!-- see gallery_shortcode() in wp-includes\/media.php -->\r\n\t\t\t\n\t\t<div id=\"gallery-1\" class=\"gallery galleryid-6635 mfp-gallery mfp-gallery--images gallery-columns-2 gallery-size-full\"><div class=\"row zn_image_gallery \"><div class=\"col-sm-6 col-md-4 col-lg-6\"><a href=\"https:\/\/www.ferienzentrum-heidenau.de\/wp-content\/uploads\/Ferienzentrum-Camping-Urlaub-Wohnmobil-Stellplatz-Ferien-Heidenau-Glasfaser-Breitband-03-scaled.jpg\" title=\"\" class=\"hoverBorder\"><img loading=\"lazy\" decoding=\"async\" width=\"2560\" height=\"1442\" src=\"https:\/\/www.ferienzentrum-heidenau.de\/wp-content\/uploads\/Ferienzentrum-Camping-Urlaub-Wohnmobil-Stellplatz-Ferien-Heidenau-Glasfaser-Breitband-03-scaled.jpg\" class=\"attachment-full size-full\" alt=\"\" columns=\"2\" link=\"file\" size=\"full\" ids=\"6639,6642,6645,6648\" orderby=\"post__in\" include=\"6639,6642,6645,6648\" srcset=\"https:\/\/www.ferienzentrum-heidenau.de\/wp-content\/uploads\/Ferienzentrum-Camping-Urlaub-Wohnmobil-Stellplatz-Ferien-Heidenau-Glasfaser-Breitband-03-scaled.jpg 2560w, https:\/\/www.ferienzentrum-heidenau.de\/wp-content\/uploads\/Ferienzentrum-Camping-Urlaub-Wohnmobil-Stellplatz-Ferien-Heidenau-Glasfaser-Breitband-03-300x169.jpg 300w, https:\/\/www.ferienzentrum-heidenau.de\/wp-content\/uploads\/Ferienzentrum-Camping-Urlaub-Wohnmobil-Stellplatz-Ferien-Heidenau-Glasfaser-Breitband-03-768x432.jpg 768w, https:\/\/www.ferienzentrum-heidenau.de\/wp-content\/uploads\/Ferienzentrum-Camping-Urlaub-Wohnmobil-Stellplatz-Ferien-Heidenau-Glasfaser-Breitband-03-1536x865.jpg 1536w, https:\/\/www.ferienzentrum-heidenau.de\/wp-content\/uploads\/Ferienzentrum-Camping-Urlaub-Wohnmobil-Stellplatz-Ferien-Heidenau-Glasfaser-Breitband-03-2048x1153.jpg 2048w, https:\/\/www.ferienzentrum-heidenau.de\/wp-content\/uploads\/Ferienzentrum-Camping-Urlaub-Wohnmobil-Stellplatz-Ferien-Heidenau-Glasfaser-Breitband-03-280x158.jpg 280w, https:\/\/www.ferienzentrum-heidenau.de\/wp-content\/uploads\/Ferienzentrum-Camping-Urlaub-Wohnmobil-Stellplatz-Ferien-Heidenau-Glasfaser-Breitband-03-1170x659.jpg 1170w\" sizes=\"auto, (max-width: 2560px) 100vw, 2560px\" \/><span class=\"gallery_caption\"><\/span><\/a><\/div><div class=\"col-sm-6 col-md-4 col-lg-6\"><a href=\"https:\/\/www.ferienzentrum-heidenau.de\/wp-content\/uploads\/Ferienzentrum-Camping-Urlaub-Wohnmobil-Stellplatz-Ferien-Heidenau-Glasfaser-Breitband-04-scaled.jpg\" title=\"\" class=\"hoverBorder\"><img loading=\"lazy\" decoding=\"async\" width=\"2560\" height=\"1442\" src=\"https:\/\/www.ferienzentrum-heidenau.de\/wp-content\/uploads\/Ferienzentrum-Camping-Urlaub-Wohnmobil-Stellplatz-Ferien-Heidenau-Glasfaser-Breitband-04-scaled.jpg\" class=\"attachment-full size-full\" alt=\"\" columns=\"2\" link=\"file\" size=\"full\" ids=\"6639,6642,6645,6648\" orderby=\"post__in\" include=\"6639,6642,6645,6648\" srcset=\"https:\/\/www.ferienzentrum-heidenau.de\/wp-content\/uploads\/Ferienzentrum-Camping-Urlaub-Wohnmobil-Stellplatz-Ferien-Heidenau-Glasfaser-Breitband-04-scaled.jpg 2560w, https:\/\/www.ferienzentrum-heidenau.de\/wp-content\/uploads\/Ferienzentrum-Camping-Urlaub-Wohnmobil-Stellplatz-Ferien-Heidenau-Glasfaser-Breitband-04-300x169.jpg 300w, https:\/\/www.ferienzentrum-heidenau.de\/wp-content\/uploads\/Ferienzentrum-Camping-Urlaub-Wohnmobil-Stellplatz-Ferien-Heidenau-Glasfaser-Breitband-04-768x432.jpg 768w, https:\/\/www.ferienzentrum-heidenau.de\/wp-content\/uploads\/Ferienzentrum-Camping-Urlaub-Wohnmobil-Stellplatz-Ferien-Heidenau-Glasfaser-Breitband-04-1536x865.jpg 1536w, https:\/\/www.ferienzentrum-heidenau.de\/wp-content\/uploads\/Ferienzentrum-Camping-Urlaub-Wohnmobil-Stellplatz-Ferien-Heidenau-Glasfaser-Breitband-04-2048x1153.jpg 2048w, https:\/\/www.ferienzentrum-heidenau.de\/wp-content\/uploads\/Ferienzentrum-Camping-Urlaub-Wohnmobil-Stellplatz-Ferien-Heidenau-Glasfaser-Breitband-04-280x158.jpg 280w, https:\/\/www.ferienzentrum-heidenau.de\/wp-content\/uploads\/Ferienzentrum-Camping-Urlaub-Wohnmobil-Stellplatz-Ferien-Heidenau-Glasfaser-Breitband-04-1170x659.jpg 1170w\" sizes=\"auto, (max-width: 2560px) 100vw, 2560px\" \/><span class=\"gallery_caption\"><\/span><\/a><\/div><\/div><div class=\"row zn_image_gallery \"><div class=\"col-sm-6 col-md-4 col-lg-6\"><a href=\"https:\/\/www.ferienzentrum-heidenau.de\/wp-content\/uploads\/Ferienzentrum-Camping-Urlaub-Wohnmobil-Stellplatz-Ferien-Heidenau-Glasfaser-Breitband-05-scaled.jpg\" title=\"\" class=\"hoverBorder\"><img loading=\"lazy\" decoding=\"async\" width=\"2560\" height=\"1442\" src=\"https:\/\/www.ferienzentrum-heidenau.de\/wp-content\/uploads\/Ferienzentrum-Camping-Urlaub-Wohnmobil-Stellplatz-Ferien-Heidenau-Glasfaser-Breitband-05-scaled.jpg\" class=\"attachment-full size-full\" alt=\"\" columns=\"2\" link=\"file\" size=\"full\" ids=\"6639,6642,6645,6648\" orderby=\"post__in\" include=\"6639,6642,6645,6648\" srcset=\"https:\/\/www.ferienzentrum-heidenau.de\/wp-content\/uploads\/Ferienzentrum-Camping-Urlaub-Wohnmobil-Stellplatz-Ferien-Heidenau-Glasfaser-Breitband-05-scaled.jpg 2560w, https:\/\/www.ferienzentrum-heidenau.de\/wp-content\/uploads\/Ferienzentrum-Camping-Urlaub-Wohnmobil-Stellplatz-Ferien-Heidenau-Glasfaser-Breitband-05-300x169.jpg 300w, https:\/\/www.ferienzentrum-heidenau.de\/wp-content\/uploads\/Ferienzentrum-Camping-Urlaub-Wohnmobil-Stellplatz-Ferien-Heidenau-Glasfaser-Breitband-05-768x432.jpg 768w, https:\/\/www.ferienzentrum-heidenau.de\/wp-content\/uploads\/Ferienzentrum-Camping-Urlaub-Wohnmobil-Stellplatz-Ferien-Heidenau-Glasfaser-Breitband-05-1536x865.jpg 1536w, https:\/\/www.ferienzentrum-heidenau.de\/wp-content\/uploads\/Ferienzentrum-Camping-Urlaub-Wohnmobil-Stellplatz-Ferien-Heidenau-Glasfaser-Breitband-05-2048x1153.jpg 2048w, https:\/\/www.ferienzentrum-heidenau.de\/wp-content\/uploads\/Ferienzentrum-Camping-Urlaub-Wohnmobil-Stellplatz-Ferien-Heidenau-Glasfaser-Breitband-05-280x158.jpg 280w, https:\/\/www.ferienzentrum-heidenau.de\/wp-content\/uploads\/Ferienzentrum-Camping-Urlaub-Wohnmobil-Stellplatz-Ferien-Heidenau-Glasfaser-Breitband-05-1170x659.jpg 1170w\" sizes=\"auto, (max-width: 2560px) 100vw, 2560px\" \/><span class=\"gallery_caption\"><\/span><\/a><\/div><div class=\"col-sm-6 col-md-4 col-lg-6\"><a href=\"https:\/\/www.ferienzentrum-heidenau.de\/wp-content\/uploads\/Ferienzentrum-Camping-Urlaub-Wohnmobil-Stellplatz-Ferien-Heidenau-Glasfaser-Breitband-06-scaled.jpg\" title=\"\" class=\"hoverBorder\"><img loading=\"lazy\" decoding=\"async\" width=\"2560\" height=\"1442\" src=\"https:\/\/www.ferienzentrum-heidenau.de\/wp-content\/uploads\/Ferienzentrum-Camping-Urlaub-Wohnmobil-Stellplatz-Ferien-Heidenau-Glasfaser-Breitband-06-scaled.jpg\" class=\"attachment-full size-full\" alt=\"\" columns=\"2\" link=\"file\" size=\"full\" ids=\"6639,6642,6645,6648\" orderby=\"post__in\" include=\"6639,6642,6645,6648\" srcset=\"https:\/\/www.ferienzentrum-heidenau.de\/wp-content\/uploads\/Ferienzentrum-Camping-Urlaub-Wohnmobil-Stellplatz-Ferien-Heidenau-Glasfaser-Breitband-06-scaled.jpg 2560w, https:\/\/www.ferienzentrum-heidenau.de\/wp-content\/uploads\/Ferienzentrum-Camping-Urlaub-Wohnmobil-Stellplatz-Ferien-Heidenau-Glasfaser-Breitband-06-300x169.jpg 300w, https:\/\/www.ferienzentrum-heidenau.de\/wp-content\/uploads\/Ferienzentrum-Camping-Urlaub-Wohnmobil-Stellplatz-Ferien-Heidenau-Glasfaser-Breitband-06-768x432.jpg 768w, https:\/\/www.ferienzentrum-heidenau.de\/wp-content\/uploads\/Ferienzentrum-Camping-Urlaub-Wohnmobil-Stellplatz-Ferien-Heidenau-Glasfaser-Breitband-06-1536x865.jpg 1536w, https:\/\/www.ferienzentrum-heidenau.de\/wp-content\/uploads\/Ferienzentrum-Camping-Urlaub-Wohnmobil-Stellplatz-Ferien-Heidenau-Glasfaser-Breitband-06-2048x1153.jpg 2048w, https:\/\/www.ferienzentrum-heidenau.de\/wp-content\/uploads\/Ferienzentrum-Camping-Urlaub-Wohnmobil-Stellplatz-Ferien-Heidenau-Glasfaser-Breitband-06-280x158.jpg 280w, https:\/\/www.ferienzentrum-heidenau.de\/wp-content\/uploads\/Ferienzentrum-Camping-Urlaub-Wohnmobil-Stellplatz-Ferien-Heidenau-Glasfaser-Breitband-06-1170x659.jpg 1170w\" sizes=\"auto, (max-width: 2560px) 100vw, 2560px\" \/><span class=\"gallery_caption\"><\/span><\/a><\/div><\/div><\/div>\n<p>&nbsp;<\/p>\n","protected":false},"excerpt":{"rendered":"<p>Die Glasfaserarbeiten starten jetzt im Ferienzentrum. In den n\u00e4chsten Wochen werden alle Leitungen verlegt und die Hausanschl\u00fcsse realisiert. Neue G\u00e4ste k\u00f6nnen sich in dieser Bauphase noch bei OpenInfra unter 0800-0010160 oder info-de@openinfra.com anmelden. Mehr Infos unter https:\/\/de.openinfra.com\/ oder in Facebook https:\/\/www.facebook.com\/premiumnetz &nbsp;<\/p>\n","protected":false},"author":2,"featured_media":6636,"comment_status":"closed","ping_status":"closed","sticky":false,"template":"","format":"standard","meta":{"footnotes":""},"categories":[1],"tags":[],"class_list":["post-6635","post","type-post","status-publish","format-standard","has-post-thumbnail","hentry","category-allgemeines"],"_links":{"self":[{"href":"https:\/\/www.ferienzentrum-heidenau.de\/nl\/wp-json\/wp\/v2\/posts\/6635","targetHints":{"allow":["GET"]}}],"collection":[{"href":"https:\/\/www.ferienzentrum-heidenau.de\/nl\/wp-json\/wp\/v2\/posts"}],"about":[{"href":"https:\/\/www.ferienzentrum-heidenau.de\/nl\/wp-json\/wp\/v2\/types\/post"}],"author":[{"embeddable":true,"href":"https:\/\/www.ferienzentrum-heidenau.de\/nl\/wp-json\/wp\/v2\/users\/2"}],"replies":[{"embeddable":true,"href":"https:\/\/www.ferienzentrum-heidenau.de\/nl\/wp-json\/wp\/v2\/comments?post=6635"}],"version-history":[{"count":3,"href":"https:\/\/www.ferienzentrum-heidenau.de\/nl\/wp-json\/wp\/v2\/posts\/6635\/revisions"}],"predecessor-version":[{"id":6653,"href":"https:\/\/www.ferienzentrum-heidenau.de\/nl\/wp-json\/wp\/v2\/posts\/6635\/revisions\/6653"}],"wp:featuredmedia":[{"embeddable":true,"href":"https:\/\/www.ferienzentrum-heidenau.de\/nl\/wp-json\/wp\/v2\/media\/6636"}],"wp:attachment":[{"href":"https:\/\/www.ferienzentrum-heidenau.de\/nl\/wp-json\/wp\/v2\/media?parent=6635"}],"wp:term":[{"taxonomy":"category","embeddable":true,"href":"https:\/\/www.ferienzentrum-heidenau.de\/nl\/wp-json\/wp\/v2\/categories?post=6635"},{"taxonomy":"post_tag","embeddable":true,"href":"https:\/\/www.ferienzentrum-heidenau.de\/nl\/wp-json\/wp\/v2\/tags?post=6635"}],"curies":[{"name":"wp","href":"https:\/\/api.w.org\/{rel}","templated":true}]}}