{"id":7684,"date":"2025-12-09T15:27:40","date_gmt":"2025-12-09T13:27:40","guid":{"rendered":"https:\/\/www.ferienzentrum-heidenau.de\/?p=7684"},"modified":"2025-12-09T15:27:40","modified_gmt":"2025-12-09T13:27:40","slug":"09-12-2025-carsten-pape-der-schoenste-urlaub-ist-im-ferienzentrum-heidenau","status":"publish","type":"post","link":"https:\/\/www.ferienzentrum-heidenau.de\/nl\/09-12-2025-carsten-pape-der-schoenste-urlaub-ist-im-ferienzentrum-heidenau\/","title":{"rendered":"09.12.2025 Carsten Pape &#8211; Der sch\u00f6nste Urlaub ist im Ferienzentrum Heidenau"},"content":{"rendered":"<p>Zu unserem 50j\u00e4hrigen Jubil\u00e4um hat uns Carsten Pape einen tollen Song geschrieben &#8211; Vielen Dank daf\u00fcr. Dein Team vom Ferienzentrum<\/p>\n<p><iframe loading=\"lazy\" title=\"Carsten Pape - Der sch\u00f6nste Urlaub ist im Ferienzentrum Heidenau\" width=\"1170\" height=\"658\" src=\"https:\/\/www.youtube.com\/embed\/F-1-p7pWviA?feature=oembed\" frameborder=\"0\" allow=\"accelerometer; autoplay; clipboard-write; encrypted-media; gyroscope; picture-in-picture; web-share\" referrerpolicy=\"strict-origin-when-cross-origin\" allowfullscreen><\/iframe><\/p>\n","protected":false},"excerpt":{"rendered":"<p>Zu unserem 50j\u00e4hrigen Jubil\u00e4um hat uns Carsten Pape einen tollen Song geschrieben &#8211; Vielen Dank daf\u00fcr. Dein Team vom Ferienzentrum<\/p>\n","protected":false},"author":2,"featured_media":7685,"comment_status":"closed","ping_status":"closed","sticky":false,"template":"","format":"standard","meta":{"footnotes":""},"categories":[27,24],"tags":[],"class_list":["post-7684","post","type-post","status-publish","format-standard","has-post-thumbnail","hentry","category-action","category-live-musik"],"_links":{"self":[{"href":"https:\/\/www.ferienzentrum-heidenau.de\/nl\/wp-json\/wp\/v2\/posts\/7684","targetHints":{"allow":["GET"]}}],"collection":[{"href":"https:\/\/www.ferienzentrum-heidenau.de\/nl\/wp-json\/wp\/v2\/posts"}],"about":[{"href":"https:\/\/www.ferienzentrum-heidenau.de\/nl\/wp-json\/wp\/v2\/types\/post"}],"author":[{"embeddable":true,"href":"https:\/\/www.ferienzentrum-heidenau.de\/nl\/wp-json\/wp\/v2\/users\/2"}],"replies":[{"embeddable":true,"href":"https:\/\/www.ferienzentrum-heidenau.de\/nl\/wp-json\/wp\/v2\/comments?post=7684"}],"version-history":[{"count":1,"href":"https:\/\/www.ferienzentrum-heidenau.de\/nl\/wp-json\/wp\/v2\/posts\/7684\/revisions"}],"predecessor-version":[{"id":7688,"href":"https:\/\/www.ferienzentrum-heidenau.de\/nl\/wp-json\/wp\/v2\/posts\/7684\/revisions\/7688"}],"wp:featuredmedia":[{"embeddable":true,"href":"https:\/\/www.ferienzentrum-heidenau.de\/nl\/wp-json\/wp\/v2\/media\/7685"}],"wp:attachment":[{"href":"https:\/\/www.ferienzentrum-heidenau.de\/nl\/wp-json\/wp\/v2\/media?parent=7684"}],"wp:term":[{"taxonomy":"category","embeddable":true,"href":"https:\/\/www.ferienzentrum-heidenau.de\/nl\/wp-json\/wp\/v2\/categories?post=7684"},{"taxonomy":"post_tag","embeddable":true,"href":"https:\/\/www.ferienzentrum-heidenau.de\/nl\/wp-json\/wp\/v2\/tags?post=7684"}],"curies":[{"name":"wp","href":"https:\/\/api.w.org\/{rel}","templated":true}]}}